{"id":27163,"date":"2025-05-21T16:45:28","date_gmt":"2025-05-21T19:45:28","guid":{"rendered":"https:\/\/13.com.ar\/index.php\/sin-dolares-se-reactivan-las-protestas-a-pocos-meses-de-las-elecciones-presidenciales\/"},"modified":"2025-05-21T16:45:28","modified_gmt":"2025-05-21T19:45:28","slug":"sin-dolares-se-reactivan-las-protestas-a-pocos-meses-de-las-elecciones-presidenciales","status":"publish","type":"post","link":"https:\/\/13.com.ar\/index.php\/sin-dolares-se-reactivan-las-protestas-a-pocos-meses-de-las-elecciones-presidenciales\/","title":{"rendered":"sin d\u00f3lares, se reactivan las protestas a pocos meses de las elecciones presidenciales"},"content":{"rendered":"<p> <br \/>\n<br \/><img decoding=\"async\" src=\"https:\/\/13.com.ar\/wp-content\/uploads\/2025\/05\/sin-dolares-se-reactivan-las-protestas-a-pocos-meses-de.jpg\" \/><\/p>\n<div id=\"element-body-0\">\n<p><strong>La escasez de d\u00f3lares y el alto precio de la divisa en el mercado paralelo en Bolivia <\/strong>reactivaron este mi\u00e9rcoles las protestas de comerciantes y transportistas de combustible en un marco de creciente conflictividad social de cara a las elecciones presidenciales de agosto.<\/p>\n<\/div>\n<div id=\"element-body-1\">\n<p><strong>Centenares de comerciantes cerraron sus negocios y marcharon en protesta<\/strong> por el centro de La Paz exigiendo al presidente Luis Arce medidas urgentes. \u201cArce&#8230; el pueblo tiene hambre\u201d y \u201cArce incapaz. \u00bfPor qu\u00e9 no te vas?&#8221;, gritaban las comerciantes mientras golpeaban sus ollas vac\u00edas con cucharones.<\/p>\n<\/div>\n<div id=\"element-body-2\">\n<p>\u201cLo poco que le queda en la silla presidencial al gobierno <strong>que haga algo<\/strong>, estamos en sus manos\u201d, dijo Oress Mercedes Quisbert, la dirigente del sector de comerciantes que venden ropa, alimentos y otros productos.<\/p>\n<\/div>\n<div id=\"element-body-3\">\n<p>Los comerciantes se declararon de luto por la crisis econ\u00f3mica y <strong>colgaron crespones negro<\/strong>s en su banderas, mientras que en las puertas de sus negocios pegaron carteles que dec\u00edan :\u201cDuelo por nuestra econom\u00eda\u201d. En tanto, largas filas para conseguir gasolina y di\u00e9sel retornaron en la v\u00eda p\u00fablica.<\/p>\n<\/div>\n<div id=\"element-body-4\">\n<p><strong>En Bolivia comenz\u00f3 hace dos a\u00f1os una falta de d\u00f3lares<\/strong> que ha repercutido en el sector productivo, que necesita de esa moneda para importar insumos y maquinaria para producir. En marzo, el gobierno admiti\u00f3 que por la falta de d\u00f3lares no pudo importar carburantes en su totalidad. La petrolera estatal importa un 90% de di\u00e9sel y m\u00e1s de 50% de gasolina y los vende subvencionados a m\u00e1s de un 50%.<\/p>\n<\/div>\n<div id=\"element-body-6\">\n<p><strong>El combustible se ha convertido en uno de los productos b\u00e1sicos m\u00e1s escasos<\/strong>, lo que afecta la producci\u00f3n de alimentos y la cadena de suministros y eleva el precio de los alimentos.<\/p>\n<\/div>\n<div id=\"element-body-7\">\n<p>Por otro lado, la moneda estadounidense en los \u00faltimos d\u00edas en el mercado ilegal <strong>casi lleg\u00f3 a triplicar el valor del mercado oficial.<\/strong><\/p>\n<\/div>\n<div id=\"element-body-8\">\n<p>\u201cEl d\u00f3lar (del mercado paralelo) est\u00e1 incontrolable. <strong>El d\u00f3lar en los bancos y en el Banco Central ya no hay\u201d,<\/strong> agreg\u00f3 Quisbert al quejarse de la dificultad para comprar la divisa.<\/p>\n<\/div>\n<div id=\"element-body-9\">\n<p>La imagen de Arce se ha visto golpeada por la crisis y las protestas. D\u00edas atr\u00e1s tuvo que <strong>declinar su candidatura a una relecci\u00f3n<\/strong>, mientras que su modelo estatista est\u00e1 siendo cuestionado por los candidatos de la oposici\u00f3n, que han iniciado la campa\u00f1a para las elecciones del 17 de agosto en un marco de crispaci\u00f3n social.<\/p>\n<\/div>\n<div id=\"element-body-10\">\n<p>En la regi\u00f3n de Santa Cruz, una de las asociaciones de transportistas de combustibles m\u00e1s importantes comenz\u00f3 un paro en reclamo a la petrolera estatal de <strong>un incremento de las tarifas que reciben por sus servicios<\/strong> o por el pago en d\u00f3lares.<\/p>\n<\/div>\n<div id=\"element-body-11\">\n<p>Yacimientos Petrol\u00edferos Fiscales Bolivianos, la empresa estatal que se encarga de contratar a los camiones cisternas para importar el combustible, minimiz\u00f3 la protesta y dijo que solo un 10% de las empresas del sector han solicitado un ajuste de tarifas.<\/p>\n<\/div>\n<div id=\"element-body-12\">\n<p>Entre tanto, el transporte p\u00fablico de La Paz <strong>amenaz\u00f3 con bloquear los accesos <\/strong>a Palacio de Gobierno si no se garantiza el combustible.<\/p>\n<\/div>\n<div id=\"element-body-13\">\n<p>En Sucre, la capital de Bolivia, vecinos y conductores del transporte p\u00fablico marcharon con sus ollas vac\u00edas golpeando con cucharones y exigiendo al gobierno medidas para bajar los precios de los productos.<\/p>\n<\/div>\n<p><br \/>\n<br \/><a href=\"https:\/\/www.clarin.com\/mundo\/crisis-economica-bolivia-dolares-reactivan-protestas-pocos-meses-elecciones-presidenciales_0_haQizsMDYT.html\">Fuente Clarin.com <\/a><\/p>\n","protected":false},"excerpt":{"rendered":"<p>La escasez de d\u00f3lares y el alto precio de la divisa en el mercado paralelo en Bolivia reactivaron este mi\u00e9rcoles las protestas de comerciantes y transportistas de combustible en un marco de creciente conflictividad social de cara a las elecciones presidenciales de agosto. Centenares de comerciantes cerraron sus negocios y marcharon en protesta por el [&hellip;]<\/p>\n","protected":false},"author":1,"featured_media":27164,"comment_status":"open","ping_status":"open","sticky":false,"template":"","format":"standard","meta":{"footnotes":""},"categories":[2],"tags":[439,404,48,1075,1680,18678,9898,18890,882],"class_list":["post-27163","post","type-post","status-publish","format-standard","has-post-thumbnail","hentry","category-ultimas-noticias","tag-dolares","tag-elecciones","tag-las","tag-meses","tag-pocos","tag-presidenciales","tag-protestas","tag-reactivan","tag-sin"],"_links":{"self":[{"href":"https:\/\/13.com.ar\/index.php\/wp-json\/wp\/v2\/posts\/27163","targetHints":{"allow":["GET"]}}],"collection":[{"href":"https:\/\/13.com.ar\/index.php\/wp-json\/wp\/v2\/posts"}],"about":[{"href":"https:\/\/13.com.ar\/index.php\/wp-json\/wp\/v2\/types\/post"}],"author":[{"embeddable":true,"href":"https:\/\/13.com.ar\/index.php\/wp-json\/wp\/v2\/users\/1"}],"replies":[{"embeddable":true,"href":"https:\/\/13.com.ar\/index.php\/wp-json\/wp\/v2\/comments?post=27163"}],"version-history":[{"count":0,"href":"https:\/\/13.com.ar\/index.php\/wp-json\/wp\/v2\/posts\/27163\/revisions"}],"wp:featuredmedia":[{"embeddable":true,"href":"https:\/\/13.com.ar\/index.php\/wp-json\/wp\/v2\/media\/27164"}],"wp:attachment":[{"href":"https:\/\/13.com.ar\/index.php\/wp-json\/wp\/v2\/media?parent=27163"}],"wp:term":[{"taxonomy":"category","embeddable":true,"href":"https:\/\/13.com.ar\/index.php\/wp-json\/wp\/v2\/categories?post=27163"},{"taxonomy":"post_tag","embeddable":true,"href":"https:\/\/13.com.ar\/index.php\/wp-json\/wp\/v2\/tags?post=27163"}],"curies":[{"name":"wp","href":"https:\/\/api.w.org\/{rel}","templated":true}]}}