{"id":27162,"date":"2025-05-21T16:36:38","date_gmt":"2025-05-21T19:36:38","guid":{"rendered":"https:\/\/13.com.ar\/index.php\/la-economia-cayo-18-en-marzo-y-asi-interrumpio-diez-meses-de-crecimiento\/"},"modified":"2025-05-21T16:36:38","modified_gmt":"2025-05-21T19:36:38","slug":"la-economia-cayo-18-en-marzo-y-asi-interrumpio-diez-meses-de-crecimiento","status":"publish","type":"post","link":"https:\/\/13.com.ar\/index.php\/la-economia-cayo-18-en-marzo-y-asi-interrumpio-diez-meses-de-crecimiento\/","title":{"rendered":"La econom\u00eda cay\u00f3 1,8% en marzo y as\u00ed interrumpi\u00f3 diez meses de crecimiento"},"content":{"rendered":"<p> <br \/>\n<br \/><img decoding=\"async\" src=\"https:\/\/13.com.ar\/wp-content\/uploads\/2025\/02\/la-Mesa-de-Enlace-oscila-entre-apoyos-dudas-y-alertas.jpg\" \/><\/p>\n<div id=\"element-body-0\">\n<p>El INDEC inform\u00f3 que en marzo<strong> la actividad econ\u00f3mica cay\u00f3 1,8% contra febrero, <\/strong>un registro que interrumpi\u00f3 una serie de 10 meses consecutivos con datos positivos. El &#8220;impasse&#8221; fue consecuencia de la incertidumbre que prim\u00f3 en ese mes, en la previa al cierre del acuerdo con el Fondo Monetario y con amplias dudas en el mercado acerca de lo que ocurrir\u00eda con el tipo de cambio.<\/p>\n<\/div>\n<div id=\"element-body-1\">\n<p>Sin embargo, el desliz de marzo -la primera ca\u00edda intermensual desde abril de 2024- no alcanz\u00f3 para mellar la recuperaci\u00f3n de la econom\u00eda en el primer trimestre. <strong>El Estimador Mensual de Actividad Econ\u00f3mica (EMAE) salt\u00f3 6,1%,<\/strong> lo que confirma la recuperaci\u00f3n de la econom\u00eda tras la baja del 2024 y 2023.<\/p>\n<\/div>\n<div id=\"element-body-2\">\n<p>En marzo, <strong>la actividad subi\u00f3 5,6% respecto del mismo mes del a\u00f1o pasado<\/strong>. Intermediaci\u00f3n financiera con 29%, Construcci\u00f3n con 9,9% y Comercio con 9,3% fueron los rubros que m\u00e1s crecieron.<\/p>\n<\/div>\n<div id=\"element-body-3\">\n<p>Los datos preliminares de abril muestran un repunte de la actividad lo que permitir\u00eda avanzar <strong>en una expansi\u00f3n en torno al 5% a lo largo de todo el a\u00f1o. <\/strong><\/p>\n<\/div>\n<div id=\"element-body-4\">\n<p>El \u00cdndice de Producci\u00f3n Industrial (IPI) de FIEL registr\u00f3 en abril <strong>una mejora interanual de 2,9%<\/strong>, acumulando en los primeros cuatro meses del a\u00f1o una recuperaci\u00f3n del 2.4% en la comparaci\u00f3n con el mismo periodo del a\u00f1o pasado.<\/p>\n<\/div>\n<div id=\"element-body-5\">\n<p>Tambi\u00e9n ADIMRA, la entidad que agrupa a las pymes metal\u00fargicas, registro el mes pasado una mejora de 4,3%. <\/p>\n<\/div>\n<div id=\"element-body-6\">\n<p>En abril Scentia, que mide la evoluci\u00f3n de las ventas en supermercados y mayoristas, detect\u00f3 una mejora tras varios meses de ca\u00edda. El mes pasado el relevamiento cambi\u00f3 de signo y mostr\u00f3 un 0,1% frente al a\u00f1o pasado.<\/p>\n<\/div>\n<p><br \/>\n<br \/><a href=\"https:\/\/www.clarin.com\/economia\/economia-cayo-18-marzo-interrumpio-meses-crecimiento_0_3C8F1NA5Ms.html\">Fuente Clarin.com <\/a><\/p>\n","protected":false},"excerpt":{"rendered":"<p>El INDEC inform\u00f3 que en marzo la actividad econ\u00f3mica cay\u00f3 1,8% contra febrero, un registro que interrumpi\u00f3 una serie de 10 meses consecutivos con datos positivos. El &#8220;impasse&#8221; fue consecuencia de la incertidumbre que prim\u00f3 en ese mes, en la previa al cierre del acuerdo con el Fondo Monetario y con amplias dudas en el [&hellip;]<\/p>\n","protected":false},"author":1,"featured_media":6927,"comment_status":"open","ping_status":"open","sticky":false,"template":"","format":"standard","meta":{"footnotes":""},"categories":[2],"tags":[789,1269,1902,6555,3104,1655,3073,1075],"class_list":["post-27162","post","type-post","status-publish","format-standard","has-post-thumbnail","hentry","category-ultimas-noticias","tag-asi","tag-cayo","tag-crecimiento","tag-diez","tag-economia","tag-interrumpio","tag-marzo","tag-meses"],"_links":{"self":[{"href":"https:\/\/13.com.ar\/index.php\/wp-json\/wp\/v2\/posts\/27162","targetHints":{"allow":["GET"]}}],"collection":[{"href":"https:\/\/13.com.ar\/index.php\/wp-json\/wp\/v2\/posts"}],"about":[{"href":"https:\/\/13.com.ar\/index.php\/wp-json\/wp\/v2\/types\/post"}],"author":[{"embeddable":true,"href":"https:\/\/13.com.ar\/index.php\/wp-json\/wp\/v2\/users\/1"}],"replies":[{"embeddable":true,"href":"https:\/\/13.com.ar\/index.php\/wp-json\/wp\/v2\/comments?post=27162"}],"version-history":[{"count":0,"href":"https:\/\/13.com.ar\/index.php\/wp-json\/wp\/v2\/posts\/27162\/revisions"}],"wp:featuredmedia":[{"embeddable":true,"href":"https:\/\/13.com.ar\/index.php\/wp-json\/wp\/v2\/media\/6927"}],"wp:attachment":[{"href":"https:\/\/13.com.ar\/index.php\/wp-json\/wp\/v2\/media?parent=27162"}],"wp:term":[{"taxonomy":"category","embeddable":true,"href":"https:\/\/13.com.ar\/index.php\/wp-json\/wp\/v2\/categories?post=27162"},{"taxonomy":"post_tag","embeddable":true,"href":"https:\/\/13.com.ar\/index.php\/wp-json\/wp\/v2\/tags?post=27162"}],"curies":[{"name":"wp","href":"https:\/\/api.w.org\/{rel}","templated":true}]}}