{"id":2713,"date":"2025-02-06T19:35:34","date_gmt":"2025-02-06T22:35:34","guid":{"rendered":"https:\/\/13.com.ar\/index.php\/el-gobierno-de-gustavo-petro-enfrenta-mas-renuncias-tras-una-caotica-reunion-de-gabinete-transmitida-por-tv\/"},"modified":"2025-02-06T19:35:34","modified_gmt":"2025-02-06T22:35:34","slug":"el-gobierno-de-gustavo-petro-enfrenta-mas-renuncias-tras-una-caotica-reunion-de-gabinete-transmitida-por-tv","status":"publish","type":"post","link":"https:\/\/13.com.ar\/index.php\/el-gobierno-de-gustavo-petro-enfrenta-mas-renuncias-tras-una-caotica-reunion-de-gabinete-transmitida-por-tv\/","title":{"rendered":"el gobierno de Gustavo Petro enfrenta m\u00e1s renuncias tras una ca\u00f3tica reuni\u00f3n de gabinete transmitida por TV"},"content":{"rendered":"<p> <br \/>\n<\/p>\n<div id=\"cuerpo\">\n<div class=\"sc-80531b6b-0 chRIGJ container-text text-embed\">\n<p>La crisis interna en el gabinete del presidente de Colombia Gustavo Petro<strong> se agudiz\u00f3 este jueves<\/strong>, un d\u00eda despu\u00e9s de una ins\u00f3lita sesi\u00f3n del consejo de ministros transmitida en TV durante seis horas en las que afloraron cr\u00edticas internas, pases de facturas y fuertes retos del mandatario a sus colaboradores. Como un primer efecto, ayer renunciaron dos ministros y la prensa hablaba de nuevas dimisiones en las pr\u00f3ximas horas.<\/p>\n<\/div>\n<div class=\"sc-80531b6b-0 chRIGJ container-text text-embed\">\n<p>En la noche del martes y por primera vez los canales oficiales de la Presidencia <strong>emitieron una junta oficial en la que Petro<\/strong>, que ven\u00eda golpeado ante la opini\u00f3n publica tras ser humillado por su colega de Estados Unidos, Donald Trump, en la crisis de los deportados, reprendi\u00f3 a casi todos sus ministros por falta de avances en la ejecuci\u00f3n de proyectos.<\/p>\n<\/div>\n<div class=\"sc-80531b6b-0 chRIGJ container-text text-embed\">\n<p><strong>Petro dispar\u00f3 contra su gabinete acus\u00e1ndolo de tener una doble agenda<\/strong>, mientras la vicepresidenta, Francia M\u00e1rquez, y su ministra estrella, Susana Muhamad, de Medio Ambiente, recriminaban al presidente por designar horas antes a Armando Benedetti como su mano derecha. El mandatario defendi\u00f3 con virulencia al pol\u00edtico, de mala imagen p\u00fablica e investigado por presunta corrupci\u00f3n en la financiaci\u00f3n electoral del jefe de Estado y denunciado por violencia de g\u00e9nero. <\/p>\n<\/div>\n<div class=\"sc-80531b6b-0 chRIGJ container-text text-embed\">\n<p>En junio de 2023, Benedetti amenaz\u00f3 a la hoy canciller, Laura Sarabia,<strong> de contar todas las intimidades de la campa\u00f1a <\/strong>y estar dispuesto a ir a la c\u00e1rcel si no le daban juego pol\u00edtico.<\/p>\n<\/div>\n<div class=\"sc-80531b6b-0 chRIGJ container-text text-embed\">\n<p>Tras los remezones por la transmisi\u00f3n en TV de los disensos internos, este mi\u00e9rcoles despunt\u00f3 con la renuncia del ministro de Cultura, Juan David Correa, y del jefe administrativo de Presidencia y exvicecanciller, Jorge Rojas, uno de los hombres m\u00e1s cercanos a Petro. Rojas se fue dando un portazo al criticar la televisaci\u00f3n del Consejo de Ministros y la llegada al poder de Benedetti. De acuerdo con la prensa,<strong> se espera que m\u00e1s ministros presenten a Petro su renuncia<\/strong>, alentados por el propio mandatario a irse si no estaban de acuerdo con su gesti\u00f3n.<\/p>\n<\/div>\n<div class=\"sc-80531b6b-0 chRIGJ container-text text-embed\">\n<p>A continuaci\u00f3n, el jefe de la cartera del Interior, Juan Fernando Cristo, invit\u00f3 a sus compa\u00f1eros a dimitir, ahondando el caos en el gobierno. \u201cRenunciemos hoy para dejar en libertad al se\u00f1or Presidente de hacer los cambios\u201d que considere, se\u00f1al\u00f3 Cristo.<\/p>\n<\/div>\n<div class=\"sc-80531b6b-0 chRIGJ container-text text-embed\">\n<p>Ante las cr\u00edticas a su decisi\u00f3n de emitir por TV la reuni\u00f3n del gabinete, Petro declar\u00f3 ayer en las redes: \u201cDecid\u00ed que se hiciera expuesto al pueblo para obtener respuesta del gabinete sobre el incumplimiento\u201d de sus promesas de gobierno. <strong>\u201cSe prefiri\u00f3 evadir las respuestas<\/strong> y lanzar el ataque can\u00edbal y autodestructivo que es una tradici\u00f3n hist\u00f3rica no solo de la izquierda sino de Colombia\u201d, reclam\u00f3. Pese a la pol\u00e9mica generada, Petro anunci\u00f3 que en adelante todos los consejos de ministros ser\u00e1n televisados.<\/p>\n<\/div>\n<div class=\"sc-80531b6b-0 chRIGJ container-text text-embed\">\n<p>Lo que para el presidente fue un acto de transparencia, termin\u00f3 mostrando una fuerte grieta e inconformidad entre sus ministros, y reforzando cr\u00edticas sobre su capacidad de ejecuci\u00f3n de un programa que promet\u00eda \u201cel cambio\u201d en<strong> un pa\u00eds tradicionalmente gobernado por la derecha y los moderados.<\/strong><\/p>\n<\/div>\n<div class=\"sc-198be8ec-0 cynXbu image-embed  image-embed \"><picture class=\"sc-198be8ec-1 kOjRiQ\"><source media=\"(min-width: 975px)\" width=\"720\" height=\"480\" \/><img alt=\"El mandatario colombiano, Gustavo Petro (i), hablando con el encargado de Negocios de la Embajada de los Estados Unidos en Colombia, John T. McNamara (d). Foto EFE\" loading=\"lazy\" width=\"720\" height=\"480\" decoding=\"async\" data-nimg=\"1\" style=\"color:transparent\" src=\"https:\/\/13.com.ar\/wp-content\/uploads\/2025\/02\/el-gobierno-de-Gustavo-Petro-enfrenta-mas-renuncias-tras-una.jpg\"\/><span class=\"epigraphe\">El mandatario colombiano, Gustavo Petro (i), hablando con el encargado de Negocios de la Embajada de los Estados Unidos en Colombia, John T. McNamara (d). Foto EFE<\/span><span class=\"bkg\"\/><span class=\"picture-open\"><button class=\"open-image\" aria-label=\"Open Image\"\/><\/span><\/picture><\/div>\n<div class=\"sc-80531b6b-0 chRIGJ container-text text-embed\">\n<p>\u201cComo feminista y como mujer yo no me puedo sentar en esta mesa de gabinete de nuestro proyecto progresista con Armando Benedetti\u201d, dijo al borde del llanto la ministra Muhamad en la sesi\u00f3n televisada. La vicepresidenta Francia M\u00e1rquez cuestion\u00f3 en otro momento a la nueva canciller Laura Sarabia, salpicada en la investigaci\u00f3n del mayor esc\u00e1ndalo de corrupci\u00f3n en el gobierno por el desv\u00edo de fondos p\u00fablicos y envuelta en un caso por supuestas escuchas ilegales contra su ni\u00f1era.<strong> \u201cNo comparto su decisi\u00f3n de traer a este gobierno progresista a estas personas\u201d<\/strong>, sentenci\u00f3 M\u00e1rquez.<\/p>\n<\/div>\n<div class=\"sc-80531b6b-0 chRIGJ container-text text-embed\">\n<p>Petro aludi\u00f3 a su tensi\u00f3n con Trump generada por la negativa de Colombia a recibir dos aviones militares con inmigrantes deportados. Aunque Colombia termin\u00f3 por ceder, Petro dijo:\u201cTrump cree que nos arrodillamos por la mercanc\u00eda, pero nosotros no somos como \u00e9l\u201d. Petro tambi\u00e9n recalc\u00f3 su postura contra el prohibicionismo en la pol\u00edtica antinarc\u00f3ticos y compar\u00f3 la coca\u00edna con el whisky, asegurando que la primera es ilegal porque se produce en Am\u00e9rica Latina.<strong> \u201cLa coca\u00edna no es m\u00e1s mala que el whisky<\/strong> y lo que s\u00ed le cay\u00f3 a Estados Unidos, que es el fentanilo, eso s\u00ed los est\u00e1 matando\u201d, declar\u00f3.<\/p>\n<\/div>\n<\/div>\n<p><br \/>\n<br \/><a href=\"https:\/\/www.clarin.com\/mundo\/colombia-gobierno-gustavo-petro-enfrenta-renuncias-caotica-reunion-gabinete-transmitida-tv_0_7zsKRY8p89.html\">Fuente Clarin.com <\/a><\/p>\n","protected":false},"excerpt":{"rendered":"<p>La crisis interna en el gabinete del presidente de Colombia Gustavo Petro se agudiz\u00f3 este jueves, un d\u00eda despu\u00e9s de una ins\u00f3lita sesi\u00f3n del consejo de ministros transmitida en TV durante seis horas en las que afloraron cr\u00edticas internas, pases de facturas y fuertes retos del mandatario a sus colaboradores. Como un primer efecto, ayer [&hellip;]<\/p>\n","protected":false},"author":1,"featured_media":2714,"comment_status":"open","ping_status":"open","sticky":false,"template":"","format":"standard","meta":{"footnotes":""},"categories":[2],"tags":[4706,3110,4707,71,2745,155,4507,142,4510,349,4708,312,73],"class_list":["post-2713","post","type-post","status-publish","format-standard","has-post-thumbnail","hentry","category-ultimas-noticias","tag-caotica","tag-enfrenta","tag-gabinete","tag-gobierno","tag-gustavo","tag-mas","tag-petro","tag-por","tag-renuncias","tag-reunion","tag-transmitida","tag-tras","tag-una"],"_links":{"self":[{"href":"https:\/\/13.com.ar\/index.php\/wp-json\/wp\/v2\/posts\/2713","targetHints":{"allow":["GET"]}}],"collection":[{"href":"https:\/\/13.com.ar\/index.php\/wp-json\/wp\/v2\/posts"}],"about":[{"href":"https:\/\/13.com.ar\/index.php\/wp-json\/wp\/v2\/types\/post"}],"author":[{"embeddable":true,"href":"https:\/\/13.com.ar\/index.php\/wp-json\/wp\/v2\/users\/1"}],"replies":[{"embeddable":true,"href":"https:\/\/13.com.ar\/index.php\/wp-json\/wp\/v2\/comments?post=2713"}],"version-history":[{"count":0,"href":"https:\/\/13.com.ar\/index.php\/wp-json\/wp\/v2\/posts\/2713\/revisions"}],"wp:featuredmedia":[{"embeddable":true,"href":"https:\/\/13.com.ar\/index.php\/wp-json\/wp\/v2\/media\/2714"}],"wp:attachment":[{"href":"https:\/\/13.com.ar\/index.php\/wp-json\/wp\/v2\/media?parent=2713"}],"wp:term":[{"taxonomy":"category","embeddable":true,"href":"https:\/\/13.com.ar\/index.php\/wp-json\/wp\/v2\/categories?post=2713"},{"taxonomy":"post_tag","embeddable":true,"href":"https:\/\/13.com.ar\/index.php\/wp-json\/wp\/v2\/tags?post=2713"}],"curies":[{"name":"wp","href":"https:\/\/api.w.org\/{rel}","templated":true}]}}