{"id":27041,"date":"2025-05-21T11:00:29","date_gmt":"2025-05-21T14:00:29","guid":{"rendered":"https:\/\/13.com.ar\/index.php\/gran-bretana-busca-sancionar-a-ministros-israelies-por-los-monstruosos-llamados-a-la-limpieza-etnica-de-gaza\/"},"modified":"2025-05-21T11:00:29","modified_gmt":"2025-05-21T14:00:29","slug":"gran-bretana-busca-sancionar-a-ministros-israelies-por-los-monstruosos-llamados-a-la-limpieza-etnica-de-gaza","status":"publish","type":"post","link":"https:\/\/13.com.ar\/index.php\/gran-bretana-busca-sancionar-a-ministros-israelies-por-los-monstruosos-llamados-a-la-limpieza-etnica-de-gaza\/","title":{"rendered":"Gran Breta\u00f1a busca sancionar a ministros israel\u00edes por los &#8220;monstruosos&#8221; llamados a &#8220;la limpieza&#8221; \u00e9tnica de Gaza"},"content":{"rendered":"<p> <br \/>\n<\/p>\n<div id=\"cuerpo\">\n<div class=\"sc-45461e9c-0 eqiBeF container-text text-embed \" id=\"element-body-0\">\n<p>Gran Breta\u00f1a <strong>est\u00e1 dispuesta a imponer sanciones<\/strong> a funcionarios que ejercen<strong> altos cargos en el gobierno israel\u00ed,<\/strong> tras suspender las negociaciones comerciales con el pa\u00eds, debido a su &#8220;intolerable&#8221; ofensiva militar en Gaza. Una noticia que enfureci\u00f3 al primer ministro israel\u00ed Benjamin Netanyahu.<\/p>\n<\/div>\n<div class=\"sc-45461e9c-0 eqiBeF container-text text-embed \" id=\"element-body-1\">\n<p>El gobierno brit\u00e1nico est\u00e1 <strong>elaborando planes \u201ccon otros pa\u00edses\u201d <\/strong>para imponer sanciones a Bezalel Smotrich, ministro de Finanzas israel\u00ed; a <strong>Itamar Ben-Gvir<\/strong>, ministro de Seguridad Nacional; y a <strong>Israel Katz<\/strong>, ministro de Defensa, entre otros.<\/p>\n<\/div>\n<div class=\"sc-c2c2a3c6-0 ecgiEX border-video video-embed horizontal border-video video-embed horizontal\" id=\"element-body-2\">\n<div class=\"sc-c2c2a3c6-1 kQhBlc videoText videoText\">\n<h2>Video<\/h2>\n<p>Un ministro israel\u00ed afirm\u00f3 que Gaza &#8220;quedar\u00e1 completamente destruida&#8221;<\/p>\n<\/div>\n<\/div>\n<div class=\"sc-45461e9c-0 eqiBeF container-text text-embed \" id=\"element-body-3\">\n<p>Los tres, miembros del gabinete de Netanyahu,<strong> se niegan a la distribuci\u00f3n de la ayuda humanitaria en Gaza.<\/strong><\/p>\n<\/div>\n<div class=\"sc-45461e9c-0 eqiBeF container-text text-embed \" id=\"element-body-4\">\n<p>David Lammy, el canciller brit\u00e1nico, conden\u00f3 <strong>los &#8220;monstruosos&#8221; llamamientos de los ministros del gabinete<\/strong> israel\u00ed a\u201d la limpieza\u201d \u00e9tnica de Gaza, calificando los comentarios de\u201d repulsivos&#8221; y \u201dextremistas\u201d.<\/p>\n<\/div>\n<div class=\"sc-45461e9c-0 eqiBeF container-text text-embed \" id=\"element-body-5\">\n<p>&#8220;El gobierno de Netanyahu planea expulsar a los gazat\u00edes de sus hogares hacia un rinc\u00f3n de la Franja al sur y permitirles una fracci\u00f3n de la ayuda que necesitan. Ayer, el ministro Smotrich incluso habl\u00f3 de fuerzas israel\u00edes que est\u00e1n limpiando Gaza, destruyendo lo que queda de residentes y de palestinos, que est\u00e1n siendo reubicados, seg\u00fan \u00e9l, <strong>en terceros pa\u00edses<\/strong>\u201d, dijo el canciller Lammy.<\/p>\n<\/div>\n<div class=\"sc-45461e9c-0 eqiBeF container-text text-embed \" id=\"element-body-6\">\n<p>&#8220;Debemos llamar a esto por su nombre. <strong>Es extremismo<\/strong>. Es peligroso.<strong> Es repulsivo. Es monstruoso<\/strong> y lo condeno con la mayor firmeza posible\u201d, dijo el canciller brit\u00e1nico en la C\u00e1mara de los Comunes.<\/p>\n<\/div>\n<div class=\"sc-45461e9c-0 eqiBeF container-text text-embed \" id=\"element-body-7\">\n<p>Mientras hablaba, parlamentarios de toda la C\u00e1mara gritaron: <strong>\u201c\u00a1Genocidio!\u201d.<\/strong><\/p>\n<\/div>\n<div class=\"sc-98b114a2-0 bkqiHH image-embed  image-embed \" id=\"element-body-8\"><picture class=\"sc-98b114a2-1 jRUlDm\"><source media=\"(min-width: 975px)\" width=\"720\" height=\"480\" \/><img alt=\"Itamar Ben-Gvir, en la mira de Londres. Foto: EFE\" loading=\"lazy\" width=\"720\" height=\"480\" decoding=\"async\" data-nimg=\"1\" style=\"color:transparent\" src=\"https:\/\/13.com.ar\/wp-content\/uploads\/2025\/05\/Gran-Bretana-busca-sancionar-a-ministros-israelies-por-los-monstruosos.jpg\"\/><span class=\"epigraphe\">Itamar Ben-Gvir, en la mira de Londres. Foto: EFE<\/span><span class=\"picture-open\"><button class=\"open-image\" aria-label=\"Open Image\"\/><\/span><\/picture><\/div>\n<div class=\"sc-45461e9c-0 eqiBeF container-text text-embed \" id=\"element-body-9\">\n<p>Afirm\u00f3 que la negativa de Israel a permitir la entrada de miles de camiones de ayuda humanitaria a Gaza era una &#8220;afrenta a los valores del pueblo brit\u00e1nico&#8221;. Acus\u00f3 al gobierno de Benjam\u00edn Netanyahu de &#8220;aislar a Israel de sus amigos y socios en todo el mundo&#8221;.<\/p>\n<\/div>\n<div class=\"sc-45461e9c-0 eqiBeF container-text text-embed \" id=\"element-body-10\">\n<p>Los comentarios de Lammy representan la condena m\u00e1s en\u00e9rgica de Gran Breta\u00f1a a Israel desde que comenz\u00f3 la guerra con Hamas en 2023 y las anunciadas sanciones a los ministros israel\u00edes, es un paso mayor.<\/p>\n<\/div>\n<div class=\"sc-45461e9c-0 eqiBeF container-text text-embed \" id=\"element-body-11\">\n<p>Fue el resultado de la presi\u00f3n que signific\u00f3 la declaraci\u00f3n de Tom Fletcher, el exdiplom\u00e1tico brit\u00e1nico y hoy coordinador humanitario de la ONU, cuando anunci\u00f3 que \u201c14.000 beb\u00e9s podr\u00edan morir en las pr\u00f3ximas 48 horas si el bloqueo contin\u00faa\u201d.<\/p>\n<\/div>\n<div class=\"sc-98b114a2-0 bkqiHH image-embed  image-embed \" id=\"element-body-12\"><picture class=\"sc-98b114a2-1 jRUlDm\"><source media=\"(min-width: 975px)\" width=\"720\" height=\"480\" \/><img alt=\"Israel Katz. Foto: Bloomberg\" loading=\"lazy\" width=\"720\" height=\"480\" decoding=\"async\" data-nimg=\"1\" style=\"color:transparent\" src=\"https:\/\/13.com.ar\/wp-content\/uploads\/2025\/05\/1747836029_641_Gran-Bretana-busca-sancionar-a-ministros-israelies-por-los-monstruosos.jpg\"\/><span class=\"epigraphe\">Israel Katz. Foto: Bloomberg<\/span><span class=\"picture-open\"><button class=\"open-image\" aria-label=\"Open Image\"\/><\/span><\/picture><\/div>\n<div class=\"sc-45461e9c-0 eqiBeF container-text text-embed \" id=\"element-body-13\">\n<p>En septiembre, el gobierno brit\u00e1nico<strong> suspendi\u00f3 algunas ventas de armas a Israel<\/strong>. A principios de este a\u00f1o, Lammy afirm\u00f3 que el bloqueo israel\u00ed de la ayuda y los alimentos a Gaza constitu\u00eda una violaci\u00f3n del derecho internacional.<\/p>\n<\/div>\n<div class=\"sc-45461e9c-0 eqiBeF container-text text-embed \" id=\"element-body-14\">\n<p>Tres ministros brit\u00e1nicos, responsables de la exportaci\u00f3n de armas a Israel, han sido convocados hoy por la comisi\u00f3n parlamentaria que supervisa las exportaciones del Reino Unido para que expliquen \u201cposibles lagunas en la normativa\u201d.<\/p>\n<\/div>\n<div class=\"sc-45461e9c-0 eqiBeF container-text text-embed \" id=\"element-body-15\">\n<p>Liam Byrne, presidente de la comisi\u00f3n selecta de negocios, ha ordenado al ministro de Comercio, Douglas Alexander, y a los ministros pertinentes del Ministerio de Asuntos Exteriores y del Ministerio de Defensa que ofrezcan \u201cexplicaciones urgentes\u201d.<\/p>\n<\/div>\n<div class=\"sc-45461e9c-0 eqiBeF container-text text-embed \" id=\"element-body-16\">\n<p>A los parlamentarios les preocupa que las empresas armament\u00edsticas puedan estar utilizando la naturaleza parcial de la prohibici\u00f3n de exportaci\u00f3n de armas impuesta por el Reino Unido en septiembre pasado para enviar armamento a Israel para su uso en Gaza, incumpliendo as\u00ed un compromiso asumido por los ministros.<\/p>\n<\/div>\n<p><h2>Crece la presi\u00f3n internacional a Israel<\/h2>\n<\/p>\n<div class=\"sc-45461e9c-0 eqiBeF container-text text-embed \" id=\"element-body-18\">\n<p>La condena ha aumentado en Occidente. El lunes, Sir Keir Starmer emiti\u00f3 una declaraci\u00f3n conjunta con el presidente Macron y Mark Carney, el primer ministro canadiense, advirtiendo a Israel que corr\u00eda el riesgo de violar el derecho internacional. La UE coincidi\u00f3 mayoritariamente en la revisi\u00f3n del acuerdo europeo con Israel, tras una propuesta holandesa.<\/p>\n<\/div>\n<div class=\"sc-45461e9c-0 eqiBeF container-text text-embed \" id=\"element-body-19\">\n<p>El presidente <strong>Trump est\u00e1 cada vez m\u00e1s frustrado <\/strong>por lo que considera la negativa de Israel a poner fin a la guerra. Aunque la Casa Blanca se muestra reacia a criticar p\u00fablicamente a los israel\u00edes, Trump ha declarado a sus funcionarios que espera que Netanyahu d\u00e9 por concluida la guerra.<\/p>\n<\/div>\n<div class=\"sc-45461e9c-0 eqiBeF container-text text-embed \" id=\"element-body-20\">\n<p>Despu\u00e9s de su viaje a Medio Oriente sin pasar por Israel, el presidente norteamericano cree que la angustia en Gaza ha alcanzado niveles inaceptables y se ha mostrado indignado por las im\u00e1genes de ni\u00f1os sufriendo.<\/p>\n<\/div>\n<div class=\"sc-45461e9c-0 eqiBeF container-text text-embed \" id=\"element-body-21\">\n<p>Fue el secretario de estado Marco Rubio quien<strong> llam\u00f3 a Netanyahu, forz\u00e1ndolo a que libere la ayuda humanitaria<\/strong> para Gaza el domingo a la noche.<\/p>\n<\/div>\n<div class=\"sc-45461e9c-0 eqiBeF container-text text-embed \" id=\"element-body-22\">\n<p>El 60 por ciento de la ayuda militar israel\u00ed proviene del gobierno estadounidense.<\/p>\n<\/div>\n<p><h2>\u201cLa ayuda, una cortina de humo\u201d<\/h2>\n<\/p>\n<div class=\"sc-45461e9c-0 eqiBeF container-text text-embed \" id=\"element-body-24\">\n<p>La ayuda humanitaria, que autoriz\u00f3 el primer ministro israel\u00ed bajo presi\u00f3n de sus aliados, no esta siendo distribuida en Gaza.<\/p>\n<\/div>\n<div class=\"sc-45461e9c-0 eqiBeF container-text text-embed \" id=\"element-body-25\">\n<p>M\u00e9dicos sin Fronteras, la ONG independiente francesa que est\u00e1 trabajando en Gaza, afirm\u00f3 que el volumen de ayuda que Israel hab\u00eda comenzado a permitir en Gaza era \u201cinsuficiente para los 2,4 millones de habitantes\u201d. Lo describi\u00f3 como &#8220;una cortina de humo para simular el fin del asedio&#8221;.<\/p>\n<\/div>\n<div class=\"sc-45461e9c-0 eqiBeF container-text text-embed \" id=\"element-body-26\">\n<p>&#8220;La decisi\u00f3n de las autoridades israel\u00edes de permitir la entrada de <strong>una cantidad rid\u00edculamente insuficiente<\/strong> de ayuda en Gaza, tras meses de un asedio f\u00e9rreo, demuestra su intenci\u00f3n de evitar la acusaci\u00f3n de que la poblaci\u00f3n gazat\u00ed muere de hambre, cuando en realidad<strong> la mantienen apenas sobreviviendo<\/strong>&#8220;, declar\u00f3 Pascale Coissard, coordinadora de emergencias de MSF en la ciudad de Khan Younis, al sur de Gaza.<\/p>\n<\/div>\n<div class=\"sc-98b114a2-0 bkqiHH image-embed  image-embed \" id=\"element-body-27\"><picture class=\"sc-98b114a2-1 jRUlDm\"><source media=\"(min-width: 975px)\" width=\"720\" height=\"480\" \/><img alt=\"Un ni\u00f1o desplazado palestino come en una cocina comunitaria en  Gaza. Foto: EFE\" loading=\"lazy\" width=\"720\" height=\"480\" decoding=\"async\" data-nimg=\"1\" style=\"color:transparent\" src=\"https:\/\/13.com.ar\/wp-content\/uploads\/2025\/05\/1747836029_285_Gran-Bretana-busca-sancionar-a-ministros-israelies-por-los-monstruosos.jpg\"\/><span class=\"epigraphe\">Un ni\u00f1o desplazado palestino come en una cocina comunitaria en  Gaza. Foto: EFE<\/span><span class=\"picture-open\"><button class=\"open-image\" aria-label=\"Open Image\"\/><\/span><\/picture><\/div>\n<div class=\"sc-45461e9c-0 eqiBeF container-text text-embed \" id=\"element-body-28\">\n<p>Al menos <strong>20 centros m\u00e9dicos en Gaza han resultado da\u00f1ados<\/strong> o han sido obligados a cerrar parcial o totalmente la semana pasada debido al avance de las operaciones terrestres israel\u00edes, la intensificaci\u00f3n de los ataques a\u00e9reos y las \u00f3rdenes de evacuaci\u00f3n generalizadas, seg\u00fan MSF.<\/p>\n<\/div>\n<div class=\"sc-45461e9c-0 eqiBeF container-text text-embed \" id=\"element-body-29\">\n<p>\u201cMientras la poblaci\u00f3n sigue necesitando desesperadamente atenci\u00f3n m\u00e9dica y ayuda, las autoridades israel\u00edes<strong> deben dejar de asfixiar deliberadamente a Gaza<\/strong> y deben parar la aniquilaci\u00f3n de su sistema de salud, que sustenta su campa\u00f1a de limpieza \u00e9tnica\u201d, exigi\u00f3 Coissard.<\/p>\n<\/div>\n<div class=\"sc-98b114a2-0 bkqiHH image-embed  image-embed \" id=\"element-body-30\"><picture class=\"sc-98b114a2-1 jRUlDm\"><source media=\"(min-width: 975px)\" width=\"720\" height=\"480\" \/><img alt=\"Ni\u00f1os palestinos lloran en medio de una fila para recibir ayuda. Foto: EFE \" loading=\"lazy\" width=\"720\" height=\"480\" decoding=\"async\" data-nimg=\"1\" style=\"color:transparent\" src=\"https:\/\/13.com.ar\/wp-content\/uploads\/2025\/05\/1747836029_808_Gran-Bretana-busca-sancionar-a-ministros-israelies-por-los-monstruosos.jpg\"\/><span class=\"epigraphe\">Ni\u00f1os palestinos lloran en medio de una fila para recibir ayuda. Foto: EFE <\/span><span class=\"picture-open\"><button class=\"open-image\" aria-label=\"Open Image\"\/><\/span><\/picture><\/div>\n<div class=\"sc-45461e9c-0 eqiBeF container-text text-embed \" id=\"element-body-31\">\n<p>\u201cEste plan es una forma de instrumentalizar la ayuda, convirti\u00e9ndola en una herramienta para promover los objetivos militares de las fuerzas israel\u00edes\u201d, dijo.<\/p>\n<\/div>\n<div class=\"sc-45461e9c-0 eqiBeF container-text text-embed \" id=\"element-body-32\">\n<p>\u201cAntes de octubre de 2023, 500 camiones de ayuda entraban a Gaza a diario, seg\u00fan la ONU. La autorizaci\u00f3n actual de 100 camiones diarios, en medio de una situaci\u00f3n tan grave, resulta totalmente insuficiente\u201d dijo.<\/p>\n<\/div>\n<div class=\"sc-45461e9c-0 eqiBeF container-text text-embed \" id=\"element-body-33\">\n<p>\u201cMientras tanto, las \u00f3rdenes de evacuaci\u00f3n siguen desarraigando a la poblaci\u00f3n, a la vez que las fuerzas israel\u00edes siguen sometiendo a intensos ataques a los centros sanitarios\u201d denunci\u00f3 MSF.<\/p>\n<\/div>\n<div class=\"sc-106e49c0-0 dcVumd freeHtml-embed undefined\" id=\"element-body-34\"><picture><source media=\"(min-width: 720px)\" ><img decoding=\"async\" src=\"https:\/\/13.com.ar\/wp-content\/uploads\/2025\/05\/Gran-Bretana-suspende-sus-negociaciones-comerciales-con-Israel-y-denuncia.svg.svg+xml\" alt=\"gaza\" loading=\"lazy\"\/><br \/>\n    <\/source><\/picture><\/div>\n<div class=\"sc-45461e9c-0 eqiBeF container-text text-embed \" id=\"element-body-35\">\n<p>Coissard cont\u00f3 que \u201clas nuevas \u00f3rdenes de evacuaci\u00f3n han llevado a muchos de nuestros compa\u00f1eros palestinos a tener que desplazarse otra vez. Esto, obviamente, ha sido muy duro para ellos\u201d.<\/p>\n<\/div>\n<div class=\"sc-45461e9c-0 eqiBeF container-text text-embed \" id=\"element-body-36\">\n<p>Y agreg\u00f3: \u201cHemos pasado buena parte de las ultimas 72 horas llam\u00e1ndolos, para asegurarnos de que estaban al corriente de que hab\u00eda una evacuaci\u00f3n, que afectaba a la zona donde est\u00e1n viviendo. Adem\u00e1s, una de nuestras farmacias ha sido tambi\u00e9n afectada por esta orden de evacuaci\u00f3n. Lo que nos ha obligado a tener que mover todo nuestro stock\u201d.<\/p>\n<\/div>\n<div class=\"sc-45461e9c-0 eqiBeF container-text text-embed \" id=\"element-body-37\">\n<p>\u201cLos bombardeos incesantes han provocado llegadas masivas de heridos a los hospitales que todav\u00eda est\u00e1n en funcionamiento, como, por ejemplo, el hospital Nasser. Las carpas que se hab\u00edan instalado en el recinto del hospital para albergar una extensi\u00f3n del \u00e1rea de pediatr\u00eda ahora sirven para atender a los heridos de estos \u00faltimos bombardeos\u201d cont\u00f3 la coordinadora de MSF desde el sur de Gaza.<\/p>\n<\/div>\n<\/div>\n<p><br \/>\n<br \/><a href=\"https:\/\/www.clarin.com\/mundo\/gran-bretana-busca-sancionar-ministros-israelies-monstruosos-llamados-limpieza-etnica-gaza_0_VUKkXIii31.html\">Fuente Clarin.com <\/a><\/p>\n","protected":false},"excerpt":{"rendered":"<p>Gran Breta\u00f1a est\u00e1 dispuesta a imponer sanciones a funcionarios que ejercen altos cargos en el gobierno israel\u00ed, tras suspender las negociaciones comerciales con el pa\u00eds, debido a su &#8220;intolerable&#8221; ofensiva militar en Gaza. Una noticia que enfureci\u00f3 al primer ministro israel\u00ed Benjamin Netanyahu. El gobierno brit\u00e1nico est\u00e1 elaborando planes \u201ccon otros pa\u00edses\u201d para imponer sanciones [&hellip;]<\/p>\n","protected":false},"author":1,"featured_media":27042,"comment_status":"open","ping_status":"open","sticky":false,"template":"","format":"standard","meta":{"footnotes":""},"categories":[2],"tags":[9178,672,18830,1542,925,1539,767,17402,28,293,18829,142,4824],"class_list":["post-27041","post","type-post","status-publish","format-standard","has-post-thumbnail","hentry","category-ultimas-noticias","tag-bretana","tag-busca","tag-etnica","tag-gaza","tag-gran","tag-israelies","tag-limpieza","tag-llamados","tag-los","tag-ministros","tag-monstruosos","tag-por","tag-sancionar"],"_links":{"self":[{"href":"https:\/\/13.com.ar\/index.php\/wp-json\/wp\/v2\/posts\/27041","targetHints":{"allow":["GET"]}}],"collection":[{"href":"https:\/\/13.com.ar\/index.php\/wp-json\/wp\/v2\/posts"}],"about":[{"href":"https:\/\/13.com.ar\/index.php\/wp-json\/wp\/v2\/types\/post"}],"author":[{"embeddable":true,"href":"https:\/\/13.com.ar\/index.php\/wp-json\/wp\/v2\/users\/1"}],"replies":[{"embeddable":true,"href":"https:\/\/13.com.ar\/index.php\/wp-json\/wp\/v2\/comments?post=27041"}],"version-history":[{"count":0,"href":"https:\/\/13.com.ar\/index.php\/wp-json\/wp\/v2\/posts\/27041\/revisions"}],"wp:featuredmedia":[{"embeddable":true,"href":"https:\/\/13.com.ar\/index.php\/wp-json\/wp\/v2\/media\/27042"}],"wp:attachment":[{"href":"https:\/\/13.com.ar\/index.php\/wp-json\/wp\/v2\/media?parent=27041"}],"wp:term":[{"taxonomy":"category","embeddable":true,"href":"https:\/\/13.com.ar\/index.php\/wp-json\/wp\/v2\/categories?post=27041"},{"taxonomy":"post_tag","embeddable":true,"href":"https:\/\/13.com.ar\/index.php\/wp-json\/wp\/v2\/tags?post=27041"}],"curies":[{"name":"wp","href":"https:\/\/api.w.org\/{rel}","templated":true}]}}