{"id":27037,"date":"2025-05-21T10:54:27","date_gmt":"2025-05-21T13:54:27","guid":{"rendered":"https:\/\/13.com.ar\/index.php\/no-queremos-mas-del-1-dice-el-gobierno-y-algunas-empresas-ya-lo-acatan\/"},"modified":"2025-05-21T10:54:27","modified_gmt":"2025-05-21T13:54:27","slug":"no-queremos-mas-del-1-dice-el-gobierno-y-algunas-empresas-ya-lo-acatan","status":"publish","type":"post","link":"https:\/\/13.com.ar\/index.php\/no-queremos-mas-del-1-dice-el-gobierno-y-algunas-empresas-ya-lo-acatan\/","title":{"rendered":"\u201cNo queremos m\u00e1s del 1%\u201d, dice el Gobierno y algunas empresas ya lo acatan"},"content":{"rendered":"<p> <br \/>\n<br \/><img decoding=\"async\" src=\"https:\/\/13.com.ar\/wp-content\/uploads\/2025\/05\/No-queremos-mas-del-1-dice-el-Gobierno-y-algunas.jpg\" \/><\/p>\n<div id=\"element-body-0\">\n<p>En su intento por bajar la inflaci\u00f3n por todos los medios, incluyendo la <strong>intervenci\u00f3n lisa y llana<\/strong> sobre las paritarias,<strong> el Gobierno ratific\u00f3 su objetivo de fijar un tope salarial del 1% mensual.<\/strong> <\/p>\n<\/div>\n<div id=\"element-body-1\">\n<p>El equipo de<strong> Luis Caputo<\/strong> se lo comunic\u00f3 este martes a los <strong>supermercados mayoristas<\/strong> durante una reuni\u00f3n en la que les <strong>agradecieron por rechazar los aumentos <\/strong>de los fabricantes de consumo masivo, pero tambi\u00e9n se mostraron<strong> interesados en mantener la inflaci\u00f3n controlada <\/strong>en los pr\u00f3ximos meses.<\/p>\n<\/div>\n<div id=\"element-body-2\">\n<p>&#8220;<strong>No queremos que los aumentos salariales sean de m\u00e1s del 1%<\/strong>, la paritaria de Comercio se va a terminar de homologar la semana pr\u00f3xima&#8221;, dijo uno de los funcionarios. Las autoridades de la C\u00e1mara Argentina de Distribuidores y Autoservicios Mayoristas (CADAM) fueron recibidas a las 10.30 de la ma\u00f1ana en la Secretar\u00eda de Comercio por el secretario de Industria y Comercio, Pablo Lavigne, y el subsecretario de Defensa del Consumidor, Fernando Blanco Mui\u00f1o.<\/p>\n<\/div>\n<div id=\"element-body-3\">\n<p>El mensaje lleg\u00f3 en medio de las<strong> tensiones que agitan la negociaci\u00f3n salarial del sector mercantil,<\/strong> la m\u00e1s importante del sector privado ya que abarca los salarios de alrededor de <strong>1,2 millones de trabajadores. <\/strong>Mientras <strong>la secretar\u00eda de Trabajo sigue sin homologar la suba del 5,4% por tres meses acordada entre el gremio y las c\u00e1maras<\/strong>, los supermercados y mayoristas comenzaron a pagar un aumento a cuenta del acuerdo definitivo, pero en <strong>varias empresas abonaron un incremento menor<\/strong>.<\/p>\n<\/div>\n<div id=\"element-body-4\">\n<p>&#8220;<strong>Algunos lo pagamos, otros no, y otros pagaron un 1% a cuenta de la negociaci\u00f3n<\/strong>&#8220;, dijo un empresario del rubro mayorista, donde tallan <strong>Maxiconsumo, Nini, Makro, Diarco y Caromar,<\/strong> entre otros. Las cadenas de supermercados, en tanto, decidieron pagar un adelanto de $ 50.000. De esa manera, <strong>la paritaria se termin\u00f3 fragmentando<\/strong> en diferentes esquemas de ajuste, con algunos sectores alineados al pedido del Gobierno, mientras la C\u00e1mara de Comercio sostiene que cumple el acuerdo.<\/p>\n<\/div>\n<div id=\"element-body-5\">\n<p>Hace unas semanas, <strong>el ministro de Econom\u00eda, Luis Caputo, ya hab\u00eda habilitado a supermercados y mayoristas a no pagar a su personal el tramo inicial<\/strong> del acuerdo salarial alcanzado a fines de abril con la CAC, CAME y Udeca, que estableci\u00f3 <strong>una suba del 1,9% en abril, 1,8% en mayo y 1,7% en junio<\/strong>, m\u00e1s tres sumas<strong> no remunerativas<\/strong> mensuales de $ 35.000, $ 40.0000 y $ 40.000. Un &#8220;cepo&#8221; que se termin\u00f3 traduciendo en la decisi\u00f3n de la secretar\u00eda de Trabajo de no homologar el acuerdo.<\/p>\n<\/div>\n<div id=\"element-body-6\">\n<p>Dentro del equipo econ\u00f3mico, sostienen una consigna de hierro: <strong>&#8220;No se puede negociar inflaci\u00f3n, si no no se termina nunca<\/strong>&#8220;. En el caso de Comercio, desde la Secretar\u00eda de Trabajo afirman que hay <strong>&#8220;impugnaciones&#8221; de los supermercados<\/strong> al acuerdo -sin mencionar a ninguno-, que no tienen garant\u00edas por parte de las c\u00e1maras de que los aumentos no se van a trasladar a precios y que la inflaci\u00f3n del INDEC no es par\u00e1metro para definir las paritarias.<\/p>\n<\/div>\n<div id=\"element-body-7\">\n<p>Durante la reuni\u00f3n con los mayoristas, Lavigne y Mui\u00f1o agradecieron a los empresarios por rechazar las listas de proveedores con aumentos. &#8220;<strong>Sigamos en contacto para ver c\u00f3mo vienen las nuevas listas<\/strong>&#8220;, deslizaron los funcionarios. Los empresarios, por su parte, se\u00f1alaron que no les resultaba conveniente subir m\u00e1s los precios y se mostraron animados con los resultados del &#8220;Black Week&#8221; que lanzaron esta semana. &#8220;<strong>Las ventas nos est\u00e1n costando&#8221;,<\/strong> reconocieron.<\/p>\n<\/div>\n<div id=\"element-body-8\">\n<p>Despu\u00e9s del salto de la inflaci\u00f3n del 3,7% en marzo y la salida parcial del cepo, <strong>Caputo aceler\u00f3 el plan &#8220;tres anclas&#8221;<\/strong>, con llamados a empresas alimenticias y automotrices para limitar las subas de precios, un mayor control de las paritarias y topes en las tarifas. En ese contexto,<strong> la inflaci\u00f3n de abril baj\u00f3 al 2,8%, pese a que el d\u00f3lar subi\u00f3 un 8%<\/strong>. Ahora, el equipo del ministro ve un escenario m\u00e1s favorable.<\/p>\n<\/div>\n<div id=\"element-body-9\">\n<p>&#8220;El d\u00f3lar va a acercarse a la banda inferior por la fuerte liquidaci\u00f3n del agro y <strong>en mayo o junio la inflaci\u00f3n va a empezar con 1%<\/strong>&#8220;, dijeron los funcionarios.<\/p>\n<\/div>\n<p><br \/>\n<br \/><a href=\"https:\/\/www.clarin.com\/economia\/techo-salarial-queremos-1-dice-gobierno-empresas-acatan_0_96OyyorMMW.html\">Fuente Clarin.com <\/a><\/p>\n","protected":false},"excerpt":{"rendered":"<p>En su intento por bajar la inflaci\u00f3n por todos los medios, incluyendo la intervenci\u00f3n lisa y llana sobre las paritarias, el Gobierno ratific\u00f3 su objetivo de fijar un tope salarial del 1% mensual. El equipo de Luis Caputo se lo comunic\u00f3 este martes a los supermercados mayoristas durante una reuni\u00f3n en la que les agradecieron [&hellip;]<\/p>\n","protected":false},"author":1,"featured_media":27038,"comment_status":"open","ping_status":"open","sticky":false,"template":"","format":"standard","meta":{"footnotes":""},"categories":[2],"tags":[18828,1208,100,655,867,71,155,2192],"class_list":["post-27037","post","type-post","status-publish","format-standard","has-post-thumbnail","hentry","category-ultimas-noticias","tag-acatan","tag-algunas","tag-del","tag-dice","tag-empresas","tag-gobierno","tag-mas","tag-queremos"],"_links":{"self":[{"href":"https:\/\/13.com.ar\/index.php\/wp-json\/wp\/v2\/posts\/27037","targetHints":{"allow":["GET"]}}],"collection":[{"href":"https:\/\/13.com.ar\/index.php\/wp-json\/wp\/v2\/posts"}],"about":[{"href":"https:\/\/13.com.ar\/index.php\/wp-json\/wp\/v2\/types\/post"}],"author":[{"embeddable":true,"href":"https:\/\/13.com.ar\/index.php\/wp-json\/wp\/v2\/users\/1"}],"replies":[{"embeddable":true,"href":"https:\/\/13.com.ar\/index.php\/wp-json\/wp\/v2\/comments?post=27037"}],"version-history":[{"count":0,"href":"https:\/\/13.com.ar\/index.php\/wp-json\/wp\/v2\/posts\/27037\/revisions"}],"wp:featuredmedia":[{"embeddable":true,"href":"https:\/\/13.com.ar\/index.php\/wp-json\/wp\/v2\/media\/27038"}],"wp:attachment":[{"href":"https:\/\/13.com.ar\/index.php\/wp-json\/wp\/v2\/media?parent=27037"}],"wp:term":[{"taxonomy":"category","embeddable":true,"href":"https:\/\/13.com.ar\/index.php\/wp-json\/wp\/v2\/categories?post=27037"},{"taxonomy":"post_tag","embeddable":true,"href":"https:\/\/13.com.ar\/index.php\/wp-json\/wp\/v2\/tags?post=27037"}],"curies":[{"name":"wp","href":"https:\/\/api.w.org\/{rel}","templated":true}]}}