{"id":27033,"date":"2025-05-21T10:42:29","date_gmt":"2025-05-21T13:42:29","guid":{"rendered":"https:\/\/13.com.ar\/index.php\/la-hermandad-que-hace-mas-de-700-anos-recoge-los-cadaveres-en-una-ciudad-espanola\/"},"modified":"2025-05-21T10:42:29","modified_gmt":"2025-05-21T13:42:29","slug":"la-hermandad-que-hace-mas-de-700-anos-recoge-los-cadaveres-en-una-ciudad-espanola","status":"publish","type":"post","link":"https:\/\/13.com.ar\/index.php\/la-hermandad-que-hace-mas-de-700-anos-recoge-los-cadaveres-en-una-ciudad-espanola\/","title":{"rendered":"La hermandad que hace m\u00e1s de 700 a\u00f1os recoge los cad\u00e1veres en una ciudad espa\u00f1ola"},"content":{"rendered":"<p> <br \/>\n<br \/><img decoding=\"async\" src=\"https:\/\/13.com.ar\/wp-content\/uploads\/2025\/05\/La-hermandad-que-hace-mas-de-700-anos-recoge-los.jpg\" \/><\/p>\n<div id=\"element-body-0\">\n<p><strong>Son cerca de 800 a\u00f1os<\/strong> los que ya suma la <strong>Hermandad de la Sangre de Cristo<\/strong>, una instituci\u00f3n que, desde al menos 1286, se encarga de recoger, por mandato judicial, los <strong>cad\u00e1veres de personas<\/strong> que han fallecido en la ciudad espa\u00f1ola de Zaragoza, ya sea por accidente, homicidio o causas naturales.<\/p>\n<\/div>\n<div id=\"element-body-1\">\n<p>&#8220;Es la obra social m\u00e1s antigua del mundo que, de forma ininterrumpida, sigue estando&#8221;, explica el historiador, periodista y responsable de comunicaci\u00f3n de la cofrad\u00eda, Nacho Navarro.<\/p>\n<\/div>\n<div id=\"element-body-2\">\n<p>De hecho, tiene or\u00edgenes inciertos y la primera noticia que se tiene es de 1286, es decir, que ya atesora al menos <strong>739 a\u00f1os<\/strong> de una historia que podr\u00eda remontarse incluso a tiempos anteriores.<\/p>\n<\/div>\n<div id=\"element-body-3\">\n<p>&#13;<br \/>\nActualmente, se mantiene con 48 hermanos m\u00e1s dos aspirantes y cuatro empleados. <\/p>\n<\/div>\n<div id=\"element-body-4\">\n<p>&#13;<br \/>\nTodos ellos desempe\u00f1an sus funciones con normas bien definidas y formaci\u00f3n espec\u00edfica que reciben de los bomberos y los agentes de seguridad de la Guardia Civil. <\/p>\n<\/div>\n<div id=\"element-body-5\">\n<p>Porque el trabajo de la Sangre de Cristo, como explica el hermano Perico Traid, comienza con una llamada del juzgado de guardia para que <strong>se vaya a recoger un cad\u00e1ver.<\/strong><\/p>\n<\/div>\n<div id=\"element-body-6\">\n<blockquote class=\"twitter-tweet\" data-media-max-width=\"560\">\n<p lang=\"es\" dir=\"ltr\">VIDEO | La hermandad de La Sangre de Cristo, en Zaragoza, recoge los cad\u00e1veres de las personas fallecidas en la ciudad por mandato judicial. Una tradici\u00f3n que se da desde hace ocho siglos. <a rel=\"nofollow\" target=\"_blank\" href=\"https:\/\/t.co\/zv6q1IHirf\">pic.twitter.com\/zv6q1IHirf<\/a><\/p>\n<p>\u2014 EFE Noticias (@EFEnoticias) <a rel=\"nofollow\" target=\"_blank\" href=\"https:\/\/twitter.com\/EFEnoticias\/status\/1924765861786587200?ref_src=twsrc%5Etfw\">May 20, 2025<\/a><\/p><\/blockquote><\/div>\n<div id=\"element-body-7\">\n<p>&#13;<br \/>\nLos casos en los que interviene son varios: puede ser el escenario de un crimen, pero tambi\u00e9n cuando se produce un deceso en soledad, un suicidio o un accidente, entre otras circunstancias. <\/p>\n<\/div>\n<div id=\"element-body-8\">\n<p>&#13;<br \/>\nUna vez en el lugar, levantan el cuerpo, lo precintan y lo trasladan hasta las instalaciones del Instituto de Medicina Legal y se hacen responsables de la trazabilidad y cadena de custodia que marca el procedimiento judicial. &#8220;Ah\u00ed acaba nuestra labor&#8221;, resume Traid. <\/p>\n<\/div>\n<div id=\"element-body-9\">\n<p>&#13;<br \/>\nEn 2024 prestaron 500 de estos servicios y son ya 250 los cad\u00e1veres recogidos en lo que va de este a\u00f1o, a\u00f1ade. <\/p>\n<\/div>\n<div id=\"element-body-11\">\n<p>&#13;<br \/>\nSu forma de hacerlo se ajusta al protocolo de actuaci\u00f3n suscrito en 2010 con el Gobierno de la regi\u00f3n de Arag\u00f3n, despu\u00e9s de que esta instituci\u00f3n quisiera sacar a concurso p\u00fablico el servicio de recogida, algo que encontr\u00f3 una fuerte oposici\u00f3n popular. <\/p>\n<\/div>\n<div id=\"element-body-13\">\n<p>La hermandad ha sido testigo de sucesos hist\u00f3ricos como la ejecuci\u00f3n del justicia (magistrado supremo) del antiguo reino medieval de Arag\u00f3n <strong>Juan de Lanuza, del que adem\u00e1s custodia sus restos.<\/strong><\/p>\n<\/div>\n<div id=\"element-body-14\">\n<p>Y, en la \u00e9poca actual, del atentado de la casa cuartel de la Guardia Civil cometido por la banda terrorista ETA en 1987, con el resultado de <strong>once personas asesinadas<\/strong> y 88 heridos.<\/p>\n<\/div>\n<div id=\"element-body-16\">\n<p>M\u00e1s recientemente, Traid recuerda momentos &#8220;muy duros&#8221; como los de la pandemia: &#8220;La velocidad de las defunciones era superior a nuestra capacidad&#8221;. Aunque tambi\u00e9n destaca la solidaridad de la sociedad.<\/p>\n<\/div>\n<div id=\"element-body-17\">\n<p>Por eso, para esta labor, no sirve cualquiera y los miembros de la hermandad saben enfrentarse a situaciones complicadas, como el escenario de un crimen. Sin embargo, hay casos que tambi\u00e9n marcan, como la muerte de un ni\u00f1o.<\/p>\n<\/div>\n<div id=\"element-body-19\">\n<p>&#13;<br \/>\nLa Sangre de Cristo, como dicen sus estatutos, no puede superar los cincuenta miembros y el procedimiento para ingresar tambi\u00e9n hunde sus ra\u00edces en la tradici\u00f3n. <\/p>\n<\/div>\n<div id=\"element-body-21\">\n<p>Todo aspirante debe contar con el aval de los hermanos y pasar un periodo de prueba de <strong>un m\u00ednimo de seis meses.<\/strong><\/p>\n<\/div>\n<div id=\"element-body-22\">\n<p>Despu\u00e9s, los hermanos votar\u00e1n con el sistema de fabeaci\u00f3n, un antiguo m\u00e9todo aragon\u00e9s de <strong>bolas negras y blancas<\/strong> (en su origen, habas de esos colores) para decidir si el aspirante puede formar parte de la cofrad\u00eda, la m\u00e1s antigua de Zaragoza. <\/p>\n<\/div>\n<p><script async src=\"\/\/platform.twitter.com\/widgets.js\" charset=\"utf-8\"><\/script><br \/>\n<br \/><br \/>\n<br \/><a href=\"https:\/\/www.clarin.com\/viste\/hermandad-hace-700-anos-recoge-cadaveres-ciudad-espanola_0_LCOjquVNMt.html\">Fuente Clarin.com <\/a><\/p>\n","protected":false},"excerpt":{"rendered":"<p>Son cerca de 800 a\u00f1os los que ya suma la Hermandad de la Sangre de Cristo, una instituci\u00f3n que, desde al menos 1286, se encarga de recoger, por mandato judicial, los cad\u00e1veres de personas que han fallecido en la ciudad espa\u00f1ola de Zaragoza, ya sea por accidente, homicidio o causas naturales. &#8220;Es la obra social [&hellip;]<\/p>\n","protected":false},"author":1,"featured_media":27034,"comment_status":"open","ping_status":"open","sticky":false,"template":"","format":"standard","meta":{"footnotes":""},"categories":[2],"tags":[636,8277,984,772,1192,10923,28,155,18827,73],"class_list":["post-27033","post","type-post","status-publish","format-standard","has-post-thumbnail","hentry","category-ultimas-noticias","tag-anos","tag-cadaveres","tag-ciudad","tag-espanola","tag-hace","tag-hermandad","tag-los","tag-mas","tag-recoge","tag-una"],"_links":{"self":[{"href":"https:\/\/13.com.ar\/index.php\/wp-json\/wp\/v2\/posts\/27033","targetHints":{"allow":["GET"]}}],"collection":[{"href":"https:\/\/13.com.ar\/index.php\/wp-json\/wp\/v2\/posts"}],"about":[{"href":"https:\/\/13.com.ar\/index.php\/wp-json\/wp\/v2\/types\/post"}],"author":[{"embeddable":true,"href":"https:\/\/13.com.ar\/index.php\/wp-json\/wp\/v2\/users\/1"}],"replies":[{"embeddable":true,"href":"https:\/\/13.com.ar\/index.php\/wp-json\/wp\/v2\/comments?post=27033"}],"version-history":[{"count":0,"href":"https:\/\/13.com.ar\/index.php\/wp-json\/wp\/v2\/posts\/27033\/revisions"}],"wp:featuredmedia":[{"embeddable":true,"href":"https:\/\/13.com.ar\/index.php\/wp-json\/wp\/v2\/media\/27034"}],"wp:attachment":[{"href":"https:\/\/13.com.ar\/index.php\/wp-json\/wp\/v2\/media?parent=27033"}],"wp:term":[{"taxonomy":"category","embeddable":true,"href":"https:\/\/13.com.ar\/index.php\/wp-json\/wp\/v2\/categories?post=27033"},{"taxonomy":"post_tag","embeddable":true,"href":"https:\/\/13.com.ar\/index.php\/wp-json\/wp\/v2\/tags?post=27033"}],"curies":[{"name":"wp","href":"https:\/\/api.w.org\/{rel}","templated":true}]}}