{"id":27031,"date":"2025-05-21T10:39:30","date_gmt":"2025-05-21T13:39:30","guid":{"rendered":"https:\/\/13.com.ar\/index.php\/humor-acido-y-tragedias-cotidianas\/"},"modified":"2025-05-21T10:39:30","modified_gmt":"2025-05-21T13:39:30","slug":"humor-acido-y-tragedias-cotidianas","status":"publish","type":"post","link":"https:\/\/13.com.ar\/index.php\/humor-acido-y-tragedias-cotidianas\/","title":{"rendered":"humor \u00e1cido y tragedias cotidianas"},"content":{"rendered":"<p> <br \/>\n<br \/><img decoding=\"async\" src=\"https:\/\/13.com.ar\/wp-content\/uploads\/2025\/05\/humor-acido-y-tragedias-cotidianas.jpg\" \/><\/p>\n<div id=\"cuerpo\">\n<div class=\"sc-45461e9c-0 eqiBeF container-text text-embed \" id=\"element-body-0\">\n<p>Escritor, profesor y traductor nacido en San Sebasti\u00e1n en 1959, <strong>Fernando Aramburu<\/strong> es autor de la celebrada novela <strong><em>Patria<\/em><\/strong>, sobre los tiempos violentos en el Pa\u00eds vasco, que lo llev\u00f3 a obtener el <strong>Premio Nacional de Narrativa en 2016<\/strong>, entre otros importantes reconocimientos, y con m\u00e1s de una decena de libros publicados, como <em>Los peces de la amargura<\/em>, de 2006, con el que obtuvo el Premio de la Real Academia Espa\u00f1ola en 2008, se convirti\u00f3 en <strong>uno de los narradores fundamentales de la literatura espa\u00f1ola de los \u00faltimos a\u00f1os<\/strong>. <strong><em>Hombre ca\u00eddo<\/em><\/strong> (Tusquets, 2025) es el libro con el que vuelve a los relatos <strong>despu\u00e9s de 13 a\u00f1os <\/strong>de la publicaci\u00f3n de su t\u00edtulo anterior dedicado al g\u00e9nero.<\/p>\n<\/div>\n<div class=\"sc-45461e9c-0 eqiBeF container-text text-embed \" id=\"element-body-2\">\n<p>Los<strong> catorce cuentos <\/strong>fueron escritos con distintas t\u00e9cnicas narrativas y<strong> hablan sobre personas \u201ccomunes y corrientes\u201d del siglo XXI<\/strong>, que en su mayor\u00eda habitan en \u00e1mbitos urbanos y viven circunstancias, en general m\u00e1s privadas que p\u00fablicas, en las que se despliegan algunas de sus facetas que no siempre admiten ante ellas mismas y, mucho menos, frente a los dem\u00e1s.<\/p>\n<\/div>\n<div class=\"sc-45461e9c-0 eqiBeF container-text text-embed \" id=\"element-body-3\">\n<p>El hombre ca\u00eddo del relato que da su t\u00edtulo al libro, en contra de lo que podr\u00eda pensarse, <strong>no aborda cuestiones existenciales<\/strong>, sino que cuenta la historia de un hombre mayor que cay\u00f3 literalmente en la v\u00eda p\u00fablica y permanece en el suelo, mientras lo rodea una docena de transe\u00fantes interesados en observar los detalles de su desafortunada circunstancia.<\/p>\n<\/div>\n<div class=\"sc-45461e9c-0 eqiBeF container-text text-embed \" id=\"element-body-4\">\n<p>Cuando dos hermanos \u2013un hombre y una mujer tambi\u00e9n mayores\u2013 que discuten sobre temas econ\u00f3micos cruciales en sus vidas pasan por el lugar, intentan encontrar la forma de ayudar a levantarlo, pero uno de los observadores le advierte que ni se le ocurra, porque eso ir\u00eda \u201ccontra las normas\u201d. Entonces el hombre que transitaba con su hermana concluye que<strong> \u201ctodos estos mirones lo \u00fanico que buscan es alargar el placer que les produce ver a un semejante en apuros\u201d.<\/strong><\/p>\n<\/div>\n<p><h2>El absurdo cotidiano<\/h2>\n<\/p>\n<div class=\"sc-45461e9c-0 eqiBeF container-text text-embed \" id=\"element-body-6\">\n<p>Por momentos, en ocasiones en las que se esperar\u00eda que los los personajes expresen su tristeza o angustia,<strong> aparecen reacciones m\u00e1s propias del cinismo<\/strong>, el absurdo o de circunstancias tragic\u00f3micas.<\/p>\n<\/div>\n<div class=\"sc-45461e9c-0 eqiBeF container-text text-embed \" id=\"element-body-7\">\n<p><strong>El humor est\u00e1 presente en algunas de las acciones principales<\/strong> hasta en relatos como &#8220;Klaus&#8221;, sobre <strong>dos parejas de adultos mayores vecinas cuyas rutinas se alteran<\/strong> cuando al hombre de una de ellas le detectan un c\u00e1ncer terminal. Los vecinos del enfermo toman todo tipo de recaudos higi\u00e9nicos cada vez que lo visitan, aunque saben bien que su mal no es contagioso. <\/p>\n<\/div>\n<div class=\"sc-45461e9c-0 eqiBeF container-text text-embed \" id=\"element-body-8\">\n<p>Aramburu, que <strong>vive en la ciudad de Hannover, Alemania, donde naci\u00f3 su mujer<\/strong>, con quien est\u00e1 en pareja desde hace 35 a\u00f1os, cont\u00f3 que este relato, aunque cambi\u00f3 los nombres, est\u00e1 inspirado en un caso real.<\/p>\n<\/div>\n<div class=\"sc-45461e9c-0 eqiBeF container-text text-embed \" id=\"element-body-9\">\n<p><strong>Los personajes de los cuentos suelen rondar los 60 a\u00f1os<\/strong> y en varios de ellos el autor aborda las vicisitudes de las relaciones matrimoniales que llevan a\u00f1os o hasta d\u00e9cadas: \u201cla dificultad que tenemos los seres humanos para establecer relaciones arm\u00f3nicas duraderas\u201d, en sus palabras.<\/p>\n<\/div>\n<div class=\"sc-45461e9c-0 eqiBeF container-text text-embed \" id=\"element-body-10\">\n<p>En algunos casos, lo hace <strong>posando la lupa sobre situaciones cotidianas desopilantes<\/strong>, como sucede en el relato &#8220;Culo subido&#8221;, donde una mujer de vida universitaria tiene que brindar una conferencia acad\u00e9mica y por la ma\u00f1ana ante el espejo descubre una tragedia, que transmite entre l\u00e1grimas a su marido: \u201cSe me ha subido el culo\u201d.<\/p>\n<\/div>\n<div class=\"sc-45461e9c-0 eqiBeF container-text text-embed \" id=\"element-body-11\">\n<p>\u00c9l decide implementar un tratamiento acelerado de masajes con la asistencia de un rodillo para intentar solucionar<strong> la ins\u00f3lita desgracia est\u00e9tica<\/strong>, que desembocar\u00e1 en el final del cuento que, como sucede en todos los casos, sorprende como un cross a la mand\u00edbula por su efecto inesperado.<\/p>\n<\/div>\n<p><h2>De la tragedia al humor \u00e1cido<\/h2>\n<\/p>\n<div class=\"sc-45461e9c-0 eqiBeF container-text text-embed \" id=\"element-body-13\">\n<p>\u201cCualquier cosa se puede convertir en literatura\u201d, dec\u00eda Hebe Uhart, maestra en el arte de narrar lo cotidiano, \u201csiempre que est\u00e9 bien contado\u201d. <strong>Aramburu cuenta con genialidad situaciones que pueden ser m\u00ednimas o trascendentales<\/strong>, y que en ocasiones transcurren en habitaciones cerradas, como la desdicha de un joven atractivo y mujeriego, que por meterse con la chica equivocada termin\u00f3 convertido en una especie de monstruo con una cara \u201ccompletamente plana\u201d y desfigurada, \u201csin nariz, sin rasgos\u201d y con un solo ojo, condenado a vivir confinado entre cuatro paredes.<\/p>\n<\/div>\n<div class=\"sc-45461e9c-0 eqiBeF container-text text-embed \" id=\"element-body-14\">\n<p>O como la de Richi Pardal, un hombre que tiene problemas en la espalda, en el trabajo y en su matrimonio, y anuncia a su mujer y sus hijos que en cualquier momento se va a suicidar porque ya est\u00e1 cansado de vivir su vida. Pero no lo har\u00e1 as\u00ed nom\u00e1s, sino que<strong> plantea realizar un espect\u00e1culo en torno a su acto final, vendiendo entradas <\/strong>para dejar la recaudaci\u00f3n a sus herederos.<\/p>\n<\/div>\n<div class=\"sc-45461e9c-0 eqiBeF container-text text-embed \" id=\"element-body-15\">\n<p>\u201cArenas y el reci\u00e9n llegado convencieron a Antonio para que fijara con cinta adhesiva una nota en el vidrio de la entrada. La escribi\u00f3 Arenas con bol\u00edgrafo en una hoja de papel. La nota, como los carteles distribuidos por la ciudad, no hablaba de suicidio, sino de \u2018\u00faltima despedida\u2019.<\/p>\n<\/div>\n<div class=\"sc-45461e9c-0 eqiBeF container-text text-embed \" id=\"element-body-16\">\n<p>Debajo del anuncio, con letras m\u00e1s finas, se consignaban los datos necesarios para quienes desearan hallarse en el evento: fecha, lugar y precio de la entrada\u201d, dice en <strong>uno de los p\u00e1rrafos m\u00e1s desopilantes del relato<\/strong>, que avanza con la naturalidad de un pez movi\u00e9ndose entre aguas de tragedia y humor \u00e1cido a la vez.<\/p>\n<\/div>\n<div class=\"sc-106e49c0-0 dcVumd freeHtml-embed undefined\" id=\"element-body-17\">\n<blockquote class=\"twitter-tweet\">\n<p lang=\"es\" dir=\"ltr\">Fernando Aramburu habla de \u00abHombre ca\u00eddo\u00bb, su nuevo libro que ya se encuentra disponible en librer\u00edas. Una colecci\u00f3n de relatos tan intensa como reveladora.  <a rel=\"nofollow\" target=\"_blank\" href=\"https:\/\/t.co\/nYhombAdVR\">pic.twitter.com\/nYhombAdVR<\/a><\/p>\n<p>\u2014 Fernando Aramburu (@FernandoArambur) <a rel=\"nofollow\" target=\"_blank\" href=\"https:\/\/twitter.com\/FernandoArambur\/status\/1897255863712153961?ref_src=twsrc%5Etfw\">March 5, 2025<\/a><\/p><\/blockquote><\/div>\n<div class=\"sc-45461e9c-0 eqiBeF container-text text-embed \" id=\"element-body-18\">\n<p>\u201cLos cuentos de este nuevo libro de Fernando Aramburu <strong>van de la emoci\u00f3n al terror, del absurdo a la sorpresa y el humor, de la angustia a la m\u00e1s inquietante normalidad<\/strong>, y todos son inolvidables\u201d, dice la contratapa acerca de esta colecci\u00f3n de relatos que \u201cofrece una l\u00facida inmersi\u00f3n en la naturaleza humana\u201d.<\/p>\n<\/div>\n<div class=\"sc-45461e9c-0 eqiBeF container-text text-embed \" id=\"element-body-19\">\n<p>Agreg\u00f3 el autor, en una entrevista reciente en Espa\u00f1a: \u201c<strong>Las historias no son en absoluto fant\u00e1sticas, pueden ocurrir en cualquier momento<\/strong>. A los lectores les va a resultar un poco dif\u00edcil adoptar la posici\u00f3n del mero testigo pasivo, hay una interpelaci\u00f3n continua a comportamientos que pueden resultar muy familiares\u201d. Nadie est\u00e1 exento de identificarse con uno de sus personajes, con algunos, o con todos.<\/p>\n<\/div>\n<div class=\"sc-45461e9c-0 eqiBeF container-text text-embed \" id=\"element-body-21\">\n<p><strong><em>Hombre ca\u00eddo<\/em>, de Fernando Aramburu (Tusquets).<\/strong><\/p>\n<\/div>\n<\/div>\n<p><script async src=\"\/\/platform.twitter.com\/widgets.js\" charset=\"utf-8\"><\/script><br \/>\n<br \/><br \/>\n<br \/><a href=\"https:\/\/www.clarin.com\/cultura\/fernando-aramburu-regresa-cuento-hombre-caido-humor-acido-tragedias-cotidianas_0_IEFeYT081J.html\">Fuente Clarin.com <\/a><\/p>\n","protected":false},"excerpt":{"rendered":"<p>Escritor, profesor y traductor nacido en San Sebasti\u00e1n en 1959, Fernando Aramburu es autor de la celebrada novela Patria, sobre los tiempos violentos en el Pa\u00eds vasco, que lo llev\u00f3 a obtener el Premio Nacional de Narrativa en 2016, entre otros importantes reconocimientos, y con m\u00e1s de una decena de libros publicados, como Los peces [&hellip;]<\/p>\n","protected":false},"author":1,"featured_media":27032,"comment_status":"open","ping_status":"open","sticky":false,"template":"","format":"standard","meta":{"footnotes":""},"categories":[2],"tags":[18825,18826,7899,2725],"class_list":["post-27031","post","type-post","status-publish","format-standard","has-post-thumbnail","hentry","category-ultimas-noticias","tag-acido","tag-cotidianas","tag-humor","tag-tragedias"],"_links":{"self":[{"href":"https:\/\/13.com.ar\/index.php\/wp-json\/wp\/v2\/posts\/27031","targetHints":{"allow":["GET"]}}],"collection":[{"href":"https:\/\/13.com.ar\/index.php\/wp-json\/wp\/v2\/posts"}],"about":[{"href":"https:\/\/13.com.ar\/index.php\/wp-json\/wp\/v2\/types\/post"}],"author":[{"embeddable":true,"href":"https:\/\/13.com.ar\/index.php\/wp-json\/wp\/v2\/users\/1"}],"replies":[{"embeddable":true,"href":"https:\/\/13.com.ar\/index.php\/wp-json\/wp\/v2\/comments?post=27031"}],"version-history":[{"count":0,"href":"https:\/\/13.com.ar\/index.php\/wp-json\/wp\/v2\/posts\/27031\/revisions"}],"wp:featuredmedia":[{"embeddable":true,"href":"https:\/\/13.com.ar\/index.php\/wp-json\/wp\/v2\/media\/27032"}],"wp:attachment":[{"href":"https:\/\/13.com.ar\/index.php\/wp-json\/wp\/v2\/media?parent=27031"}],"wp:term":[{"taxonomy":"category","embeddable":true,"href":"https:\/\/13.com.ar\/index.php\/wp-json\/wp\/v2\/categories?post=27031"},{"taxonomy":"post_tag","embeddable":true,"href":"https:\/\/13.com.ar\/index.php\/wp-json\/wp\/v2\/tags?post=27031"}],"curies":[{"name":"wp","href":"https:\/\/api.w.org\/{rel}","templated":true}]}}