{"id":2703,"date":"2025-02-06T18:59:11","date_gmt":"2025-02-06T21:59:11","guid":{"rendered":"https:\/\/13.com.ar\/index.php\/asi-voto-cada-diputado-en-el-congreso-uno-por-uno\/"},"modified":"2025-02-06T18:59:11","modified_gmt":"2025-02-06T21:59:11","slug":"asi-voto-cada-diputado-en-el-congreso-uno-por-uno","status":"publish","type":"post","link":"https:\/\/13.com.ar\/index.php\/asi-voto-cada-diputado-en-el-congreso-uno-por-uno\/","title":{"rendered":"as\u00ed vot\u00f3 cada diputado en el Congreso, uno por uno"},"content":{"rendered":"<p> <br \/>\n<\/p>\n<div id=\"cuerpo\">\n<div class=\"sc-80531b6b-0 chRIGJ container-text text-embed\">\n<p>Tras un debate de unas cinco horas, el oficialismo logr\u00f3 los apoyos necesarios para superar la <strong>mayor\u00eda absoluta y darle media sanci\u00f3n al proyecto de suspender las Primarias Abiertas Simult\u00e1neas y Obligatorias (PASO)<\/strong>, que rigen desde las elecciones 2011.<\/p>\n<\/div>\n<div class=\"sc-80531b6b-0 chRIGJ container-text text-embed\">\n<p>La votaci\u00f3n obtuvo 162 votos a favor, 55 en contra y 28 abstenciones. A los votos de La Libertad Avanza se sumaron los del PRO, varios de la UCR, y de bloques que responden a los gobernadores. Llam\u00f3 la atenci\u00f3n, adem\u00e1s, el acompa\u00f1amiento de algunos diputados de Uni\u00f3n por la Patria, lo que evidenci\u00f3 una ruptura dentro del kirchnerismo, con fuga de otros votos en forma de abstenciones.<\/p>\n<\/div>\n<div class=\"sc-80531b6b-0 chRIGJ container-text text-embed\">\n<p>En un tr\u00e1mite expr\u00e9s, el oficialismo logr\u00f3 que el dictamen para suspender las PASO que se aprob\u00f3 el martes pasado fuera tratado este jueves en el recinto. La media sanci\u00f3n para a suspensi\u00f3n solo por este a\u00f1o de las PASO nacionales estaba en el temario que incluy\u00f3 el Gobierno para las sesiones extraordinarias.<\/p>\n<\/div>\n<div class=\"sc-106e49c0-0 dcVumd freeHtml-embed undefined\">\n<p>    <meta charset=\"UTF-8\"\/><br \/>\n    <title>Conteo de Votos y Hemiciclo<\/title><\/p>\n<section class=\"votos-diputados\">\n<h4 class=\"votos-diputados__titulo\">Uno a uno, c\u00f3mo votaron los diputados la suspensi\u00f3n de las PASO<\/h4>\n<p>        <!-- Loader --><\/p>\n<div class=\"votos-diputados__loader\">\n            <img decoding=\"async\" src=\"https:\/\/13.com.ar\/wp-content\/uploads\/2025\/02\/asi-voto-cada-diputado-en-el-Congreso-uno-por-uno.svg.svg+xml\" alt=\"\"\/>\n        <\/div>\n<p>        <!-- Hemiciclo visualization --><\/p>\n<p>        <!-- Text summary of counts --><\/p>\n<p>        <!-- Vote sections: one for each vote type --><\/p>\n<p>        <!-- (Optional) Filtering sections by provincia or bloque --><\/p>\n<p>        <button class=\"votos-diputados__go-to-top\"><br \/>\n            <svg xmlns=\"http:\/\/www.w3.org\/2000\/svg\" width=\"24\" height=\"24\" fill-rule=\"evenodd\" clip-rule=\"evenodd\">\n                <path fill=\"#c6c6c6\" d=\"M23.245 20l-11.245-14.374-11.219 14.374-.781-.619 12-15.381 12 15.391-.755.609z\"\/>\n            <\/svg><br \/>\n        <\/button><br \/>\n    <\/section>\n<p>    <!-- PapaParse --><\/p>\n<\/div>\n<div class=\"sc-80531b6b-0 chRIGJ container-text text-embed\">\n<p>Ahora la media sanci\u00f3n pasa al Senado, donde los votos para aprobar la suspensi\u00f3n de las PASO est\u00e1n m\u00e1s parejos.<\/p>\n<\/div>\n<p><h2>La fractura del kirchnerismo para apoyar la suspensi\u00f3n de las PASO<\/h2>\n<\/p>\n<div class=\"sc-80531b6b-0 chRIGJ container-text text-embed\">\n<p>Entre los 162 votos que cosech\u00f3 el Gobierno, sorprendieron varias manos kirchneristas. Ya para en el trabajo en comisi\u00f3n el oficialismo hab\u00eda logrado que diputados que responden Ra\u00fal Jalil, gobenador de Catamarca y a Gerardo Zamora, de Santiago del Esteo, firmaran un dictamen que le posibilit\u00f3 al Gobierno tratar la suspensi\u00f3n de las PASO este jueves. Pero ahora se sumaron m\u00e1s manos.<\/p>\n<\/div>\n<div class=\"sc-80531b6b-0 chRIGJ container-text text-embed\">\n<p>Sorprendieron algunas caras conocidas que hab\u00edan criticado al Gobierno en el debate pero votaron por suspender las PASO. En ese listado figuran varios massistas como Cecilia Moreau (Buenos Aires), Diego Giuliano (Santa Fe), Micaela Mor\u00e1n (Buenos Aires), Marcela Passo (Buenos Aires), Sabrina Selva (Buenos Aires), Ramiro Guti\u00e9rrez (Buenos Aires); tambi\u00e9n el exministro de Desarrollo Social Daniel Arroyo (Buenos Aires).<\/p>\n<\/div>\n<div class=\"sc-80531b6b-0 chRIGJ container-text text-embed\">\n<p>En Uni\u00f3n por la Patria aparecieron los votos de algunos referenciados en los gobernadores pero otros que no. Por el lado de Santiago del Estero levantaron la mano Celia Campitelli, Ricardo Daives, Jos\u00e9 G\u00f3mez, Jos\u00e9 Herrera, Nilda Moyano, Estela Mary Neder. Tambi\u00e9n los catamarque\u00f1os Dante L\u00f3pez Rodr\u00edguez y Silvana Ginocchio; Jorge Araujo Hern\u00e1ndez, diputado por Tierra del Fuego, gobernada por el peronista Gustavo Melella.<\/p>\n<\/div>\n<div class=\"sc-ad4aedf2-0 dPPgNJ border-video video-embed horizontal border-video video-embed horizontal\">\n<div class=\"sc-ad4aedf2-1 hnFuni videoText videoText\">\n<h2>Video<\/h2>\n<p>Diputados le dio media sanci\u00f3n a la suspensi\u00f3n de las PASO<\/p>\n<\/div>\n<\/div>\n<div class=\"sc-80531b6b-0 chRIGJ container-text text-embed\">\n<p>Y sin respaldo de un gobernador peronista, los diputados de UxP que apoyaron la suspensi\u00f3n de las PASO fueron Mart\u00edn Aveiro, Adolfo Bermejo y Liliana Paponet, de Mendoza; las chubutenses Eugenia Ianello y Fernanda Avila; y Pablo Yedlin de Tucum\u00e1n.<\/p>\n<\/div>\n<p><h2>Pocos radicales entre los votos negativos<\/h2>\n<\/p>\n<div class=\"sc-80531b6b-0 chRIGJ container-text text-embed\">\n<p>El radicalismo qued\u00f3 partido el a\u00f1o pasado y a\u00fan as\u00ed votaron divididos dentro de los nuevos bloques. El bloque Demoracia para Siempre, que responde al ala de la UCR de Mart\u00edn Lousteu, en su mayor\u00eda se abstuvo, a excepci\u00f3n de Roberto Mirabella, de Santa Fe, que vot\u00f3 en contra.<\/p>\n<\/div>\n<div class=\"sc-80531b6b-0 chRIGJ container-text text-embed\">\n<p>Mientras que el bloque que presidente Rodrigo de Loredo, que se qued\u00f3 con la sigla UCR, en su mayor\u00eda acompa\u00f1\u00f3 la suspensi\u00f3n de las PASO, salvo el porte\u00f1o Mart\u00edn Tetaz y Fabio Quetglas, de Buenos Aires.<\/p>\n<\/div>\n<div class=\"sc-80531b6b-0 chRIGJ container-text text-embed\">\n<p>Por Encuentro Federal, el bloque que preside Miguel \u00c1ngel Pichetto, rechazaron la suspensi\u00f3n de las PASO Nicol\u00e1s Massot y <strong>Margarita Stolbizer<\/strong>. Aprobar la suspensi\u00f3n de la vigencia de una ley es sentar un precedente realmente peligroso de c\u00f3mo deben funcionar las instituciones&#8221;, destac\u00f3 la diputada nacional y fundadora del GEN. Y antes de votar remat\u00f3: &#8220;Los autoritarismos son muchos m\u00e1s baratos&#8221;. <\/p>\n<\/div>\n<div class=\"sc-80531b6b-0 chRIGJ container-text text-embed\">\n<p>En ese bloque tambi\u00e9n rechaz\u00f3 la suspensi\u00f3n de las paso el liberal Ricardo L\u00f3pez Murphy y el socialista Esteban Paulo, que al inicio de la sesi\u00f3n hizo un descargo contra las palabras del presidente Javier Milei en el foro de Davos.<\/p>\n<\/div>\n<div class=\"sc-80531b6b-0 chRIGJ container-text text-embed\">\n<p>Los cinco diputados del Frente de Izquierda se opusieron, al igual que 43 de Uni\u00f3n por la Patria, que en total tiene 99 miembros y tuvo seis ausentes.<\/p>\n<\/div>\n<\/div>\n<p><br \/>\n<br \/><a href=\"https:\/\/www.clarin.com\/politica\/suspension-paso-voto-diputado-congreso_0_Aw1nGo49dO.html\">Fuente Clarin.com <\/a><\/p>\n","protected":false},"excerpt":{"rendered":"<p>Tras un debate de unas cinco horas, el oficialismo logr\u00f3 los apoyos necesarios para superar la mayor\u00eda absoluta y darle media sanci\u00f3n al proyecto de suspender las Primarias Abiertas Simult\u00e1neas y Obligatorias (PASO), que rigen desde las elecciones 2011. La votaci\u00f3n obtuvo 162 votos a favor, 55 en contra y 28 abstenciones. A los votos [&hellip;]<\/p>\n","protected":false},"author":1,"featured_media":2704,"comment_status":"open","ping_status":"open","sticky":false,"template":"","format":"standard","meta":{"footnotes":""},"categories":[2],"tags":[789,1153,2010,2439,142,1013,4696],"class_list":["post-2703","post","type-post","status-publish","format-standard","has-post-thumbnail","hentry","category-ultimas-noticias","tag-asi","tag-cada","tag-congreso","tag-diputado","tag-por","tag-uno","tag-voto"],"_links":{"self":[{"href":"https:\/\/13.com.ar\/index.php\/wp-json\/wp\/v2\/posts\/2703","targetHints":{"allow":["GET"]}}],"collection":[{"href":"https:\/\/13.com.ar\/index.php\/wp-json\/wp\/v2\/posts"}],"about":[{"href":"https:\/\/13.com.ar\/index.php\/wp-json\/wp\/v2\/types\/post"}],"author":[{"embeddable":true,"href":"https:\/\/13.com.ar\/index.php\/wp-json\/wp\/v2\/users\/1"}],"replies":[{"embeddable":true,"href":"https:\/\/13.com.ar\/index.php\/wp-json\/wp\/v2\/comments?post=2703"}],"version-history":[{"count":0,"href":"https:\/\/13.com.ar\/index.php\/wp-json\/wp\/v2\/posts\/2703\/revisions"}],"wp:featuredmedia":[{"embeddable":true,"href":"https:\/\/13.com.ar\/index.php\/wp-json\/wp\/v2\/media\/2704"}],"wp:attachment":[{"href":"https:\/\/13.com.ar\/index.php\/wp-json\/wp\/v2\/media?parent=2703"}],"wp:term":[{"taxonomy":"category","embeddable":true,"href":"https:\/\/13.com.ar\/index.php\/wp-json\/wp\/v2\/categories?post=2703"},{"taxonomy":"post_tag","embeddable":true,"href":"https:\/\/13.com.ar\/index.php\/wp-json\/wp\/v2\/tags?post=2703"}],"curies":[{"name":"wp","href":"https:\/\/api.w.org\/{rel}","templated":true}]}}