{"id":27023,"date":"2025-05-21T10:27:29","date_gmt":"2025-05-21T13:27:29","guid":{"rendered":"https:\/\/13.com.ar\/index.php\/vamos-a-ir-sacando-las-caretas\/"},"modified":"2025-05-21T10:27:29","modified_gmt":"2025-05-21T13:27:29","slug":"vamos-a-ir-sacando-las-caretas","status":"publish","type":"post","link":"https:\/\/13.com.ar\/index.php\/vamos-a-ir-sacando-las-caretas\/","title":{"rendered":"Vamos a ir sacando las caretas"},"content":{"rendered":"<p> <br \/>\n<\/p>\n<div id=\"cuerpo\">\n<div class=\"sc-45461e9c-0 eqiBeF container-text text-embed \" id=\"element-body-0\">\n<p>Tras recibir cr\u00edticas por no haber llevado a <strong>Francesca e Isabella<\/strong> a Turqu\u00eda con \u00e9l, <strong>Mauro Icardi <\/strong>rompi\u00f3 el silencio y explic\u00f3 por qu\u00e9 decidi\u00f3 viajar con su novia, <strong>Eugenia &#8220;La China&#8221; Su\u00e1rez<\/strong>, y los hijos de ella, <strong>Rufina, Magnolia y Amancio.<\/strong><\/p>\n<\/div>\n<div class=\"sc-45461e9c-0 eqiBeF container-text text-embed \" id=\"element-body-1\">\n<p>Todo comenz\u00f3 el pasado fin de semana, cuando el futbolista se mostr\u00f3 junto a su pareja y los hijos de ella durante los festejos realizados en el estadio del<strong> club turco Galatasaray.<\/strong><\/p>\n<\/div>\n<div class=\"sc-45461e9c-0 eqiBeF container-text text-embed \" id=\"element-body-2\">\n<p>Mauro viaj\u00f3 junto a La China, Rufina, Magnolia y Amancio a Turqu\u00eda para participar de la <strong>celebraci\u00f3n por el triunfo de su equipo<\/strong>, que obtuvo su quinto t\u00edtulo. <\/p>\n<\/div>\n<div class=\"sc-45461e9c-0 eqiBeF container-text text-embed \" id=\"element-body-3\">\n<p>A los cinco se los pudo ver felices y en familia en el campo de juego justo al resto de los jugadores de f\u00fatbol y dirigentes.<\/p>\n<\/div>\n<div class=\"sc-45461e9c-0 eqiBeF container-text text-embed \" id=\"element-body-4\">\n<p>Pero no todo es color de rosa para Icardi, las redes sociales no tardaron en <strong>criticarlo por festejar junto a los hijos de su pareja y no sus hijas biol\u00f3gicas<\/strong>, fruto de su relaci\u00f3n con Wanda Nara, Francesca e Isabella.<\/p>\n<\/div>\n<div class=\"sc-45461e9c-0 eqiBeF container-text text-embed \" id=\"element-body-5\">\n<p>De hecho, un par de d\u00edas despu\u00e9s, Mauro comparti\u00f3 en su perfil de Instagram una serie de fotos de archivo junto a sus hijas y <strong>los hijos de Maxi L\u00f3pez<\/strong> que cri\u00f3 con su ex esposa. <\/p>\n<\/div>\n<div class=\"sc-45461e9c-0 eqiBeF container-text text-embed \" id=\"element-body-6\">\n<p>\u201c<strong>Los extra\u00f1\u00e9 mucho ayer. Ustedes tambi\u00e9n son parte de todo esto<\/strong>. Los amo, falta poquito\u201d, escribi\u00f3 junto a las im\u00e1genes, que acompa\u00f1\u00f3 con corazones rojos.<\/p>\n<\/div>\n<div class=\"sc-98b114a2-0 bkqiHH image-embed  image-embed \" id=\"element-body-7\"><picture class=\"sc-98b114a2-1 jRUlDm\"><source media=\"(min-width: 975px)\" width=\"720\" height=\"480\" \/><img alt=\"Mauro Icardi y la China Su\u00e1rez en Turqu\u00eda. Foto: Instagram\" loading=\"lazy\" width=\"720\" height=\"480\" decoding=\"async\" data-nimg=\"1\" style=\"color:transparent\" src=\"https:\/\/13.com.ar\/wp-content\/uploads\/2025\/05\/Vamos-a-ir-sacando-las-caretas.jpg\"\/><span class=\"epigraphe\">Mauro Icardi y la China Su\u00e1rez en Turqu\u00eda. Foto: Instagram<\/span><span class=\"picture-open\"><button class=\"open-image\" aria-label=\"Open Image\"\/><\/span><\/picture><\/div>\n<div class=\"sc-45461e9c-0 eqiBeF container-text text-embed \" id=\"element-body-8\">\n<p>Ahora, cansado de los cuestionamientos, Icardi sum\u00f3 un fuerte descargo en sus redes sociales que acompa\u00f1\u00f3 con su <strong>ya cl\u00e1sica fotograf\u00eda de Johnny Depp.<\/strong><\/p>\n<\/div>\n<div class=\"sc-45461e9c-0 eqiBeF container-text text-embed \" id=\"element-body-9\">\n<p>Cabe recordar que el famoso actor estadounidense le gan\u00f3 un pol\u00e9mico juicio por violencia de g\u00e9nero a <strong>su ex esposa, Amber Heard.<\/strong> <\/p>\n<\/div>\n<div class=\"sc-98b114a2-0 bkqiHH image-embed  image-embed \" id=\"element-body-10\"><picture class=\"sc-98b114a2-1 jRUlDm\"><source media=\"(min-width: 975px)\" width=\"720\" height=\"480\" \/><img alt=\"Mauro Icardi comparti\u00f3 una foto de Johnny Depp en se\u00f1al de que se har\u00e1 justicia a su favor. Foto: Instagram\" loading=\"lazy\" width=\"720\" height=\"480\" decoding=\"async\" data-nimg=\"1\" style=\"color:transparent\" src=\"https:\/\/13.com.ar\/wp-content\/uploads\/2025\/05\/1747834049_552_Vamos-a-ir-sacando-las-caretas.jpg\"\/><span class=\"epigraphe\">Mauro Icardi comparti\u00f3 una foto de Johnny Depp en se\u00f1al de que se har\u00e1 justicia a su favor. Foto: Instagram<\/span><span class=\"picture-open\"><button class=\"open-image\" aria-label=\"Open Image\"\/><\/span><\/picture><\/div>\n<div class=\"sc-45461e9c-0 eqiBeF container-text text-embed \" id=\"element-body-11\">\n<p>En la primera historia que public\u00f3, el futbolista comenz\u00f3 diciendo: &#8220;Y para tantos que preguntan por qu\u00e9 mis hijas no estuvieron en los festejos y los de mi pareja s\u00ed, ac\u00e1 va (la explicaci\u00f3n), y <strong>vamos a ir sacando las caretas que falta poco<\/strong>&#8220;. <\/p>\n<\/div>\n<div class=\"sc-45461e9c-0 eqiBeF container-text text-embed \" id=\"element-body-12\">\n<p>Y luego enumer\u00f3 los motivos por los que sus dos hijas mujeres no viajaron con \u00e9l a Estambul: <strong>&#8220;La madre les impide salir del pa\u00eds<\/strong>. La madre me impide hablar con mis hijas. La madre impide que vea a mis hijas&#8221;. <\/p>\n<\/div>\n<div class=\"sc-45461e9c-0 eqiBeF container-text text-embed \" id=\"element-body-13\">\n<p>&#8220;<strong>La madre recusa jueces<\/strong> porque obviamente no le dan lo que quiere. Hace 6 meses que estoy en Argentina para estar con mis hijas y las vi 1 solo d\u00eda&#8221;, agreg\u00f3. <\/p>\n<\/div>\n<div class=\"sc-98b114a2-0 bkqiHH image-embed  image-embed \" id=\"element-body-14\"><picture class=\"sc-98b114a2-1 jRUlDm\"><source media=\"(min-width: 975px)\" width=\"720\" height=\"480\" \/><img alt=\"Mauro Icardi explic\u00f3 con un fuerte comunicado por qu\u00e9 no llev\u00f3 a sus hijas a Turqu\u00eda. Foto: Instagram\" loading=\"lazy\" width=\"720\" height=\"480\" decoding=\"async\" data-nimg=\"1\" style=\"color:transparent\" src=\"https:\/\/13.com.ar\/wp-content\/uploads\/2025\/05\/1747834049_237_Vamos-a-ir-sacando-las-caretas.jpg\"\/><span class=\"epigraphe\">Mauro Icardi explic\u00f3 con un fuerte comunicado por qu\u00e9 no llev\u00f3 a sus hijas a Turqu\u00eda. Foto: Instagram<\/span><span class=\"picture-open\"><button class=\"open-image\" aria-label=\"Open Image\"\/><\/span><\/picture><\/div>\n<div class=\"sc-45461e9c-0 eqiBeF container-text text-embed \" id=\"element-body-15\">\n<p>Luego, respecto a la batalla judicial con Wanda por la tenencia de Francesca e Isabella, Icardi precis\u00f3: &#8220;Las pericias psicol\u00f3gicas hechas por profesionales dicen que <strong>las menores repiten lo que les dice la madre<\/strong> (en criollo les quema el cerebro)&#8221;. <\/p>\n<\/div>\n<div class=\"sc-45461e9c-0 eqiBeF container-text text-embed \" id=\"element-body-16\">\n<p>&#8220;Incumplimiento de varias \u00f3rdenes dictadas por el juez&#8221;, continu\u00f3. <\/p>\n<\/div>\n<div class=\"sc-45461e9c-0 eqiBeF container-text text-embed \" id=\"element-body-17\">\n<p>&#8220;<strong>Exponerlas constantemente en redes<\/strong> cuando me hizo una denuncia para que yo no las pueda mostrar (As\u00ed es que para el cumplea\u00f1os de mi hija pude saludarla con una foto de una silueta)&#8221;, lament\u00f3. <\/p>\n<\/div>\n<div class=\"sc-45461e9c-0 eqiBeF container-text text-embed \" id=\"element-body-18\">\n<p>En ese sentido, acus\u00f3 a la mayor de las hermanas Nara de faltar a la verdad frente a la Justicia en varias oportunidades: &#8220;<strong>Falsas denuncias constantemente<\/strong>&#8230; \u00bfy van cu\u00e1ntas?&#8221;. <\/p>\n<\/div>\n<div class=\"sc-45461e9c-0 eqiBeF container-text text-embed \" id=\"element-body-19\">\n<p>&#8220;\u00bfRevinculaci\u00f3n piden? Para todos los que hablan al pedo,<strong> no existe ninguna revinculaci\u00f3n porque el v\u00ednculo siempre estuvo,<\/strong> solo es invento y capricho de la madre&#8221;, explic\u00f3. <\/p>\n<\/div>\n<div class=\"sc-98b114a2-0 bkqiHH image-embed  image-embed \" id=\"element-body-20\"><picture class=\"sc-98b114a2-1 jRUlDm\"><source media=\"(min-width: 975px)\" width=\"720\" height=\"480\" \/><img alt=\"La China Su\u00e1rez y sus hijos recibieron el equipo completo de la indumentaria del Galatasaray. Instagram.\" loading=\"lazy\" width=\"720\" height=\"480\" decoding=\"async\" data-nimg=\"1\" style=\"color:transparent\" src=\"https:\/\/13.com.ar\/wp-content\/uploads\/2025\/05\/1747834049_392_Vamos-a-ir-sacando-las-caretas.jpg\"\/><span class=\"epigraphe\">La China Su\u00e1rez y sus hijos recibieron el equipo completo de la indumentaria del Galatasaray. Instagram.<\/span><span class=\"picture-open\"><button class=\"open-image\" aria-label=\"Open Image\"\/><\/span><\/picture><\/div>\n<div class=\"sc-45461e9c-0 eqiBeF container-text text-embed \" id=\"element-body-21\">\n<p>&#8220;\u00bfSeguimos o con esto basta? Igualmente est\u00e1 todo en el expediente.<strong> Falta poco y tendremos la noticia m\u00e1s esperada<\/strong> y ah\u00ed me ocupar\u00e9 de responderles uno por uno a tantas mentiras, inventos y barbaridades dichas para ensuciar y cambiar el foco de lo real&#8221;, adelant\u00f3. <\/p>\n<\/div>\n<div class=\"sc-45461e9c-0 eqiBeF container-text text-embed \" id=\"element-body-22\">\n<p>Para cerrar, apunt\u00f3 con fuertes acusaciones contra los letrados de su ex mujer: &#8220;Y por \u00faltimo lo m\u00e1s IMPORTANTE <strong>qu\u00e9 podemos esperar de un &#8216;abogado&#8217; estafador de ancianos, abusador de chicos y extorsionador<\/strong>. El mismo que me inventa denuncias en provincia donde tiene &#8216;amiguitos&#8217; \u00bfpara intentar conseguir algo? \u00bfEl mismo que amenaza a mis abogadas? \u00bfUn &#8216;abogado&#8217; que le suspenden la matr\u00edcula ya por tercera vez? <strong>Qu\u00e9 podemos esperar de este individuo que \u201cdefiende\u201d a mis hijas. Dejan mucho que desear, tanto \u00e9l como quien lo elige para ser representado&#8221;. <\/strong><\/p>\n<\/div>\n<p><h2>El video con el que Mauro Icardi critic\u00f3 la crianza de Wanda Nara<\/h2>\n<\/p>\n<div class=\"sc-45461e9c-0 eqiBeF container-text text-embed \" id=\"element-body-24\">\n<p>Luego de publicar el extenso comunicado aclarando c\u00f3mo est\u00e1 su situaci\u00f3n judicial respecto a la tenencia de sus hijas Francesca e Isabella, <strong>el futbolista sum\u00f3 un pol\u00e9mico video.<\/strong><\/p>\n<\/div>\n<div class=\"sc-45461e9c-0 eqiBeF container-text text-embed \" id=\"element-body-25\">\n<p>Icardi aprovech\u00f3 las im\u00e1genes de un evento infantil al que Nara hab\u00eda asistido con todos sus hijos para <strong>cuestionar la forma en la que cr\u00eda a sus hijas en la Argentina.<\/strong><\/p>\n<\/div>\n<div class=\"sc-45461e9c-0 eqiBeF container-text text-embed \" id=\"element-body-26\">\n<p>En este recorte se puede ver a <strong>Francesca moviendo las manos de manera extra\u00f1a.<\/strong><\/p>\n<\/div>\n<div class=\"sc-c2c2a3c6-0 ecgiEX border-video video-embed horizontal border-video video-embed horizontal\" id=\"element-body-27\">\n<div class=\"sc-c2c2a3c6-1 kQhBlc videoText videoText\">\n<h2>Video<\/h2>\n<p>Mauro Icardi critic\u00f3 la forma en que Wanda Nara cr\u00eda a sus hijas<\/p>\n<\/div>\n<\/div>\n<div class=\"sc-45461e9c-0 eqiBeF container-text text-embed \" id=\"element-body-28\">\n<p>&#8220;A<strong>s\u00ed de nerviosas, impotentes, y guionadas est\u00e1n mis hijas.<\/strong>.. en un c\u00edrculo de gente que las manipula constantemente, les impiden hablar con su padre, les impiden verme, pero c<strong>uando me ven cuentan todo, se relajan,<\/strong> disfrutan en un ambiente familiar y son ni\u00f1as felices&#8221;, diferenci\u00f3 el jugador de f\u00fatbol.<\/p>\n<\/div>\n<div class=\"sc-45461e9c-0 eqiBeF container-text text-embed \" id=\"element-body-29\">\n<p>A continuaci\u00f3n, Mauro defendi\u00f3 a La China de los embates de Wanda: &#8220;<strong>Quieren echarle la culpa a mi pareja por celos, caprichos<\/strong> u obsesi\u00f3n de la madre, distorsionando la realidad en programas baratos con tal de figurar p\u00fablicamente&#8221;. <\/p>\n<\/div>\n<div class=\"sc-98b114a2-0 bkqiHH image-embed  image-embed \" id=\"element-body-30\"><picture class=\"sc-98b114a2-1 jRUlDm\"><source media=\"(min-width: 975px)\" width=\"720\" height=\"480\" \/><img alt=\"Mauro Icardi destac\u00f3 el v\u00ednculo que tiene con sus dos hijas, Isabella y Francesca. Foto: Instagram\" loading=\"lazy\" width=\"720\" height=\"480\" decoding=\"async\" data-nimg=\"1\" style=\"color:transparent\" src=\"https:\/\/13.com.ar\/wp-content\/uploads\/2025\/05\/1747834049_101_Vamos-a-ir-sacando-las-caretas.jpg\"\/><span class=\"epigraphe\">Mauro Icardi destac\u00f3 el v\u00ednculo que tiene con sus dos hijas, Isabella y Francesca. Foto: Instagram<\/span><span class=\"picture-open\"><button class=\"open-image\" aria-label=\"Open Image\"\/><\/span><\/picture><\/div>\n<div class=\"sc-45461e9c-0 eqiBeF container-text text-embed \" id=\"element-body-31\">\n<p>&#8220;S\u00ed, <strong>estoy feliz, estoy enamorado, estoy en paz despu\u00e9s de once a\u00f1os<\/strong>&#8230; estoy con la mujer que quiero estar, una madre ejemplar con sus hijos y con mis propias hijas (a las pruebas de diciembre me remito) y van a estar hoy y siempre en mi vida&#8221;, agreg\u00f3. <\/p>\n<\/div>\n<div class=\"sc-45461e9c-0 eqiBeF container-text text-embed \" id=\"element-body-32\">\n<p>Para cerrar, adelant\u00f3: &#8220;Me voy a mostrar p\u00fablicamente porque <strong>no le debo nada a nadie y no tengo por qu\u00e9 esconderme de nada<\/strong>. No pierdan el tiempo con estupideces, que no me mueven ni un pelo&#8221;. <\/p>\n<\/div>\n<\/div>\n<p><br \/>\n<br \/><a href=\"https:\/\/www.clarin.com\/fama\/mauro-icardi-rompio-silencio-explico-llevo-hijas-turquia-vamos-ir-sacando-caretas_0_0HpBjfMkh1.html\">Fuente Clarin.com <\/a><\/p>\n","protected":false},"excerpt":{"rendered":"<p>Tras recibir cr\u00edticas por no haber llevado a Francesca e Isabella a Turqu\u00eda con \u00e9l, Mauro Icardi rompi\u00f3 el silencio y explic\u00f3 por qu\u00e9 decidi\u00f3 viajar con su novia, Eugenia &#8220;La China&#8221; Su\u00e1rez, y los hijos de ella, Rufina, Magnolia y Amancio. Todo comenz\u00f3 el pasado fin de semana, cuando el futbolista se mostr\u00f3 junto [&hellip;]<\/p>\n","protected":false},"author":1,"featured_media":27024,"comment_status":"open","ping_status":"open","sticky":false,"template":"","format":"standard","meta":{"footnotes":""},"categories":[2],"tags":[18823,48,18822,5959],"class_list":["post-27023","post","type-post","status-publish","format-standard","has-post-thumbnail","hentry","category-ultimas-noticias","tag-caretas","tag-las","tag-sacando","tag-vamos"],"_links":{"self":[{"href":"https:\/\/13.com.ar\/index.php\/wp-json\/wp\/v2\/posts\/27023","targetHints":{"allow":["GET"]}}],"collection":[{"href":"https:\/\/13.com.ar\/index.php\/wp-json\/wp\/v2\/posts"}],"about":[{"href":"https:\/\/13.com.ar\/index.php\/wp-json\/wp\/v2\/types\/post"}],"author":[{"embeddable":true,"href":"https:\/\/13.com.ar\/index.php\/wp-json\/wp\/v2\/users\/1"}],"replies":[{"embeddable":true,"href":"https:\/\/13.com.ar\/index.php\/wp-json\/wp\/v2\/comments?post=27023"}],"version-history":[{"count":0,"href":"https:\/\/13.com.ar\/index.php\/wp-json\/wp\/v2\/posts\/27023\/revisions"}],"wp:featuredmedia":[{"embeddable":true,"href":"https:\/\/13.com.ar\/index.php\/wp-json\/wp\/v2\/media\/27024"}],"wp:attachment":[{"href":"https:\/\/13.com.ar\/index.php\/wp-json\/wp\/v2\/media?parent=27023"}],"wp:term":[{"taxonomy":"category","embeddable":true,"href":"https:\/\/13.com.ar\/index.php\/wp-json\/wp\/v2\/categories?post=27023"},{"taxonomy":"post_tag","embeddable":true,"href":"https:\/\/13.com.ar\/index.php\/wp-json\/wp\/v2\/tags?post=27023"}],"curies":[{"name":"wp","href":"https:\/\/api.w.org\/{rel}","templated":true}]}}