{"id":27022,"date":"2025-05-21T10:24:32","date_gmt":"2025-05-21T13:24:32","guid":{"rendered":"https:\/\/13.com.ar\/index.php\/franco-colapinto-se-hizo-una-escapada-y-paso-por-la-alfombra-roja\/"},"modified":"2025-05-21T10:24:32","modified_gmt":"2025-05-21T13:24:32","slug":"franco-colapinto-se-hizo-una-escapada-y-paso-por-la-alfombra-roja","status":"publish","type":"post","link":"https:\/\/13.com.ar\/index.php\/franco-colapinto-se-hizo-una-escapada-y-paso-por-la-alfombra-roja\/","title":{"rendered":"Franco Colapinto se hizo una escapada y pas\u00f3 por la alfombra roja"},"content":{"rendered":"<p> <br \/>\n<br \/><img decoding=\"async\" src=\"https:\/\/13.com.ar\/wp-content\/uploads\/2025\/05\/el-piloto-argentino-se-paseo-por-la-red-carpet-de.jpg\" \/><\/p>\n<div id=\"element-body-0\">\n<p>Al final,<strong> Nahuel P\u00e9rez Biscayart<\/strong> y el cineasta Juan Ceballos no son los \u00fanicos argentinos que est\u00e1n aqu\u00ed, en el Festival de Cannes. <\/p>\n<\/div>\n<div id=\"element-body-1\">\n<p>El primero es miembro del Jurado de la secci\u00f3n Un certain regard (Una cierta mirada), y el segundo es <strong>el director del cortometraje <em>Tres<\/em><\/strong>, que este jueves puede resultar premiado.<\/p>\n<\/div>\n<div id=\"element-body-2\">\n<p><strong>Franco Colapinto<\/strong> tambi\u00e9n pis\u00f3 la alfombra roja del Palais des Festivals.<\/p>\n<\/div>\n<div id=\"element-body-4\">\n<p>No, el piloto de Alpine no tiene ninguna pel\u00edcula que presentar, pero junto al otro piloto de la escuder\u00eda, el franc\u00e9s Pierre Jean-Jacques Gasly, el pilarense se puso su smoking, se coloc\u00f3 el mo\u00f1ito negro y se dirigi\u00f3 al Palais des Festivals.<\/p>\n<\/div>\n<div id=\"element-body-7\">\n<p>Y as\u00ed como Paulo Dybala y su esposa Oriana Sabatini (ella de largo, \u00e9l sin mo\u00f1ito, pero con corbata finita negra: son habitu\u00e9s, y el a\u00f1o pasado tambi\u00e9n hab\u00edan llegado hasta aqu\u00ed), lo hicieron en la premi\u00e8re mundial de <em>Highest 2 Lowest<\/em>, de Spike Lee, y vieron c\u00f3mo el director le entregaban la Palma de Oro honor\u00edfica a <strong>Denzel Washington<\/strong>, protagonista del filme -\u00bfhabr\u00e1n visto c\u00f3mo se enfrentaba Denzel Washington a un fot\u00f3grafo, porque lo tom\u00f3 del brazo?-, Franco y Pierre asistieron a la de <em>Vie priv\u00e9e<\/em> (Vida privada), que protagoniza Jodie Foster acompa\u00f1ada de estrellas del cine franc\u00e9s, como Mathieu Amalric, Daniel Auteuil y Virginie Efira.<\/p>\n<\/div>\n<div id=\"element-body-9\">\n<p>\u00bfSe quedaron a ver la pel\u00edcula, o hicieron la pasada y se fueron a descansar? <\/p>\n<\/div>\n<div id=\"element-body-10\">\n<p>\u201cLuciendo como debe ser. Pierre Gasly y Franco Colapinto est\u00e1n listos para el Festival de Cine de Cannes\u201d, public\u00f3 Alpine en sus redes sociales, junto a varias fotos que mostraban los preparativos previos al ingreso a la Sala Lumi\u00e8re.<\/p>\n<\/div>\n<div id=\"element-body-11\">\n<p>Franco disputar\u00e1 este domingo bien cerca de Cannes el Gran Premio de M\u00f3naco. Son 54 kil\u00f3metros de distancia, que si fuera por \u00e9l, los har\u00eda en tiempo r\u00e9cord&#8230;<\/p>\n<\/div>\n<p><br \/>\n<br \/><a href=\"https:\/\/www.clarin.com\/espectaculos\/cannes-2025-franco-colapinto-hizo-escapada-paso-alfombra-roja_0_Omw1bJNuvo.html\">Fuente Clarin.com <\/a><\/p>\n","protected":false},"excerpt":{"rendered":"<p>Al final, Nahuel P\u00e9rez Biscayart y el cineasta Juan Ceballos no son los \u00fanicos argentinos que est\u00e1n aqu\u00ed, en el Festival de Cannes. El primero es miembro del Jurado de la secci\u00f3n Un certain regard (Una cierta mirada), y el segundo es el director del cortometraje Tres, que este jueves puede resultar premiado. Franco Colapinto [&hellip;]<\/p>\n","protected":false},"author":1,"featured_media":26738,"comment_status":"open","ping_status":"open","sticky":false,"template":"","format":"standard","meta":{"footnotes":""},"categories":[2],"tags":[3112,1053,4929,3011,521,158,142,1470,73],"class_list":["post-27022","post","type-post","status-publish","format-standard","has-post-thumbnail","hentry","category-ultimas-noticias","tag-alfombra","tag-colapinto","tag-escapada","tag-franco","tag-hizo","tag-paso","tag-por","tag-roja","tag-una"],"_links":{"self":[{"href":"https:\/\/13.com.ar\/index.php\/wp-json\/wp\/v2\/posts\/27022","targetHints":{"allow":["GET"]}}],"collection":[{"href":"https:\/\/13.com.ar\/index.php\/wp-json\/wp\/v2\/posts"}],"about":[{"href":"https:\/\/13.com.ar\/index.php\/wp-json\/wp\/v2\/types\/post"}],"author":[{"embeddable":true,"href":"https:\/\/13.com.ar\/index.php\/wp-json\/wp\/v2\/users\/1"}],"replies":[{"embeddable":true,"href":"https:\/\/13.com.ar\/index.php\/wp-json\/wp\/v2\/comments?post=27022"}],"version-history":[{"count":0,"href":"https:\/\/13.com.ar\/index.php\/wp-json\/wp\/v2\/posts\/27022\/revisions"}],"wp:featuredmedia":[{"embeddable":true,"href":"https:\/\/13.com.ar\/index.php\/wp-json\/wp\/v2\/media\/26738"}],"wp:attachment":[{"href":"https:\/\/13.com.ar\/index.php\/wp-json\/wp\/v2\/media?parent=27022"}],"wp:term":[{"taxonomy":"category","embeddable":true,"href":"https:\/\/13.com.ar\/index.php\/wp-json\/wp\/v2\/categories?post=27022"},{"taxonomy":"post_tag","embeddable":true,"href":"https:\/\/13.com.ar\/index.php\/wp-json\/wp\/v2\/tags?post=27022"}],"curies":[{"name":"wp","href":"https:\/\/api.w.org\/{rel}","templated":true}]}}