{"id":27018,"date":"2025-05-21T10:18:41","date_gmt":"2025-05-21T13:18:41","guid":{"rendered":"https:\/\/13.com.ar\/index.php\/la-estacion-espacial-internacional-pasando-frente-al-sol\/"},"modified":"2025-05-21T10:18:41","modified_gmt":"2025-05-21T13:18:41","slug":"la-estacion-espacial-internacional-pasando-frente-al-sol","status":"publish","type":"post","link":"https:\/\/13.com.ar\/index.php\/la-estacion-espacial-internacional-pasando-frente-al-sol\/","title":{"rendered":"la Estaci\u00f3n Espacial Internacional pasando frente al Sol"},"content":{"rendered":"<p> <br \/>\n<br \/><img decoding=\"async\" src=\"https:\/\/13.com.ar\/wp-content\/uploads\/2025\/05\/la-Estacion-Espacial-Internacional-pasando-frente-al-Sol.jpg\" \/><\/p>\n<div id=\"element-body-0\">\n<p>Normalmente, la Estaci\u00f3n Espacial Internacional solo es visible de noche. <\/p>\n<\/div>\n<div id=\"element-body-1\">\n<p>Movi\u00e9ndose lentamente a trav\u00e9s del cielo nocturno mientras orbita la Tierra, la Estaci\u00f3n Espacial Internacional (ISS) puede verse como un punto brillante aproximadamente <strong>una vez al mes desde muchos lugares. <\/strong><\/p>\n<\/div>\n<div id=\"element-body-2\">\n<p>La ISS es entonces visible solo <strong>justo despu\u00e9s del atardecer o justo antes del amanecer<\/strong> porque brilla por la luz solar reflejada; una vez que la ISS entra en la sombra de la Tierra, desaparece de la vista. <\/p>\n<\/div>\n<div id=\"element-body-3\">\n<p>La \u00fanica ocasi\u00f3n en que la ISS es visible durante el d\u00eda es <strong>cuando pasa justo enfrente del Sol<\/strong>. <\/p>\n<\/div>\n<div id=\"element-body-5\">\n<p>Entonces, pasa tan r\u00e1pido que solo las c\u00e1maras que toman exposiciones cortas pueden congelar visualmente la silueta de la ISS con el Sol de fondo. <\/p>\n<\/div>\n<div id=\"element-body-6\">\n<p>La imagen destacada hizo exactamente eso: en realidad es una serie de im\u00e1genes tomadas hace un mes desde Sant Feliu de Buixalleu, Espa\u00f1a, con una sincronizaci\u00f3n perfecta. <\/p>\n<\/div>\n<div id=\"element-body-7\">\n<p>Esta serie de im\u00e1genes se combin\u00f3 m\u00e1s tarde con una imagen separada que resaltaba la textura del Sol activo que inclu\u00eda varias prominencias solares alrededor del borde.<\/p>\n<\/div>\n<p><br \/>\n<br \/><a href=\"https:\/\/www.clarin.com\/viste\/foto-nasa-dia-estacion-espacial-internacional-pasando-frente-sol_0_p6oGtqG4PK.html\">Fuente Clarin.com <\/a><\/p>\n","protected":false},"excerpt":{"rendered":"<p>Normalmente, la Estaci\u00f3n Espacial Internacional solo es visible de noche. Movi\u00e9ndose lentamente a trav\u00e9s del cielo nocturno mientras orbita la Tierra, la Estaci\u00f3n Espacial Internacional (ISS) puede verse como un punto brillante aproximadamente una vez al mes desde muchos lugares. La ISS es entonces visible solo justo despu\u00e9s del atardecer o justo antes del amanecer [&hellip;]<\/p>\n","protected":false},"author":1,"featured_media":27019,"comment_status":"open","ping_status":"open","sticky":false,"template":"","format":"standard","meta":{"footnotes":""},"categories":[2],"tags":[5633,5197,802,299,4461,4391],"class_list":["post-27018","post","type-post","status-publish","format-standard","has-post-thumbnail","hentry","category-ultimas-noticias","tag-espacial","tag-estacion","tag-frente","tag-internacional","tag-pasando","tag-sol"],"_links":{"self":[{"href":"https:\/\/13.com.ar\/index.php\/wp-json\/wp\/v2\/posts\/27018","targetHints":{"allow":["GET"]}}],"collection":[{"href":"https:\/\/13.com.ar\/index.php\/wp-json\/wp\/v2\/posts"}],"about":[{"href":"https:\/\/13.com.ar\/index.php\/wp-json\/wp\/v2\/types\/post"}],"author":[{"embeddable":true,"href":"https:\/\/13.com.ar\/index.php\/wp-json\/wp\/v2\/users\/1"}],"replies":[{"embeddable":true,"href":"https:\/\/13.com.ar\/index.php\/wp-json\/wp\/v2\/comments?post=27018"}],"version-history":[{"count":0,"href":"https:\/\/13.com.ar\/index.php\/wp-json\/wp\/v2\/posts\/27018\/revisions"}],"wp:featuredmedia":[{"embeddable":true,"href":"https:\/\/13.com.ar\/index.php\/wp-json\/wp\/v2\/media\/27019"}],"wp:attachment":[{"href":"https:\/\/13.com.ar\/index.php\/wp-json\/wp\/v2\/media?parent=27018"}],"wp:term":[{"taxonomy":"category","embeddable":true,"href":"https:\/\/13.com.ar\/index.php\/wp-json\/wp\/v2\/categories?post=27018"},{"taxonomy":"post_tag","embeddable":true,"href":"https:\/\/13.com.ar\/index.php\/wp-json\/wp\/v2\/tags?post=27018"}],"curies":[{"name":"wp","href":"https:\/\/api.w.org\/{rel}","templated":true}]}}