{"id":27014,"date":"2025-05-21T10:03:31","date_gmt":"2025-05-21T13:03:31","guid":{"rendered":"https:\/\/13.com.ar\/index.php\/detuvieron-a-un-conductor-que-manejaba-sin-registro-desde-1987\/"},"modified":"2025-05-21T10:03:31","modified_gmt":"2025-05-21T13:03:31","slug":"detuvieron-a-un-conductor-que-manejaba-sin-registro-desde-1987","status":"publish","type":"post","link":"https:\/\/13.com.ar\/index.php\/detuvieron-a-un-conductor-que-manejaba-sin-registro-desde-1987\/","title":{"rendered":"Detuvieron a un conductor que manejaba sin registro desde 1987"},"content":{"rendered":"<p> <br \/>\n<br \/><img decoding=\"async\" src=\"https:\/\/13.com.ar\/wp-content\/uploads\/2025\/05\/Detuvieron-a-un-conductor-que-manejaba-sin-registro-desde-1987.jpg\" \/><\/p>\n<div id=\"element-body-0\">\n<p>Una parada de tr\u00e1fico rutinaria result\u00f3 ser una redada memorable para una unidad policial motorizada en <strong>R\u00f3dano, Francia.<\/strong> Tras revisar las matr\u00edculas, los agentes de tr\u00e1fico detuvieron el veh\u00edculo para una inspecci\u00f3n t\u00e9cnica vencida. <\/p>\n<\/div>\n<div id=\"element-body-2\">\n<p>Pero esta result\u00f3 ser la infracci\u00f3n menos grave de la que era culpable el conductor. Al revisar sus documentos, el polic\u00eda se dio cuenta de que el veh\u00edculo <strong>tampoco ten\u00eda seguro <\/strong>y, lo peor de todo, que <strong>su licencia de conducir hab\u00eda sido revocada en 1997. <\/strong><\/p>\n<\/div>\n<div id=\"element-body-3\">\n<p>El hombre le dijo al agente con indiferencia que su licencia de conducir hab\u00eda sido revocada hac\u00eda m\u00e1s de 28 a\u00f1os tras ser sorprendido conduciendo bajo los efectos del alcohol, y que simplemente no se hab\u00eda molestado en volver a solicitarla, comparando su antigua licencia con &#8220;un yogur vencido pero a\u00fan comestible&#8221;.<\/p>\n<\/div>\n<div id=\"element-body-5\">\n<p>Primero, una revisi\u00f3n de los archivos revel\u00f3 que el veh\u00edculo no estaba cubierto por el seguro. Pero luego lleg\u00f3 el momento de verificar la validez del permiso de conducir. \u00a1Y entonces, sorpresa!, public\u00f3 la polic\u00eda de Tarare en su p\u00e1gina de <em>Facebook<\/em>.<\/p>\n<\/div>\n<div id=\"element-body-7\">\n<p>El momento culminante del espect\u00e1culo lleg\u00f3 cuando se revis\u00f3 el permiso de conducir: \u00a1el hombre hab\u00eda estado conduciendo sin licencia desde\u2026 1997!<\/p>\n<\/div>\n<div id=\"element-body-8\">\n<p>Al parecer, el hombre hab\u00eda decidido que, si no ten\u00eda licencia de conducir vigente, no ten\u00eda sentido contratar el seguro obligatorio para su coche ni llevarlo a la inspecci\u00f3n t\u00e9cnica. <\/p>\n<\/div>\n<div id=\"element-body-9\">\n<p>Lo verdaderamente desconcertante es c\u00f3mo logr\u00f3 eludir los controles policiales durante tanto tiempo. <\/p>\n<\/div>\n<p><br \/>\n<br \/><a href=\"https:\/\/www.clarin.com\/viste\/detuvieron-conductor-manejaba-registro-1987_0_0IsItZHHK6.html\">Fuente Clarin.com <\/a><\/p>\n","protected":false},"excerpt":{"rendered":"<p>Una parada de tr\u00e1fico rutinaria result\u00f3 ser una redada memorable para una unidad policial motorizada en R\u00f3dano, Francia. Tras revisar las matr\u00edculas, los agentes de tr\u00e1fico detuvieron el veh\u00edculo para una inspecci\u00f3n t\u00e9cnica vencida. Pero esta result\u00f3 ser la infracci\u00f3n menos grave de la que era culpable el conductor. Al revisar sus documentos, el polic\u00eda [&hellip;]<\/p>\n","protected":false},"author":1,"featured_media":27015,"comment_status":"open","ping_status":"open","sticky":false,"template":"","format":"standard","meta":{"footnotes":""},"categories":[2],"tags":[197,2184,1148,1499,4734,882],"class_list":["post-27014","post","type-post","status-publish","format-standard","has-post-thumbnail","hentry","category-ultimas-noticias","tag-conductor","tag-desde","tag-detuvieron","tag-manejaba","tag-registro","tag-sin"],"_links":{"self":[{"href":"https:\/\/13.com.ar\/index.php\/wp-json\/wp\/v2\/posts\/27014","targetHints":{"allow":["GET"]}}],"collection":[{"href":"https:\/\/13.com.ar\/index.php\/wp-json\/wp\/v2\/posts"}],"about":[{"href":"https:\/\/13.com.ar\/index.php\/wp-json\/wp\/v2\/types\/post"}],"author":[{"embeddable":true,"href":"https:\/\/13.com.ar\/index.php\/wp-json\/wp\/v2\/users\/1"}],"replies":[{"embeddable":true,"href":"https:\/\/13.com.ar\/index.php\/wp-json\/wp\/v2\/comments?post=27014"}],"version-history":[{"count":0,"href":"https:\/\/13.com.ar\/index.php\/wp-json\/wp\/v2\/posts\/27014\/revisions"}],"wp:featuredmedia":[{"embeddable":true,"href":"https:\/\/13.com.ar\/index.php\/wp-json\/wp\/v2\/media\/27015"}],"wp:attachment":[{"href":"https:\/\/13.com.ar\/index.php\/wp-json\/wp\/v2\/media?parent=27014"}],"wp:term":[{"taxonomy":"category","embeddable":true,"href":"https:\/\/13.com.ar\/index.php\/wp-json\/wp\/v2\/categories?post=27014"},{"taxonomy":"post_tag","embeddable":true,"href":"https:\/\/13.com.ar\/index.php\/wp-json\/wp\/v2\/tags?post=27014"}],"curies":[{"name":"wp","href":"https:\/\/api.w.org\/{rel}","templated":true}]}}