{"id":27012,"date":"2025-05-21T10:00:31","date_gmt":"2025-05-21T13:00:31","guid":{"rendered":"https:\/\/13.com.ar\/index.php\/cristian-ritondo-dijo-que-tiene-mandato-del-pro-para-construir-un-acuerdo-con-lla-y-que-macri-apoya-al-gobierno-desde-el-primer-dia\/"},"modified":"2025-05-21T10:00:31","modified_gmt":"2025-05-21T13:00:31","slug":"cristian-ritondo-dijo-que-tiene-mandato-del-pro-para-construir-un-acuerdo-con-lla-y-que-macri-apoya-al-gobierno-desde-el-primer-dia","status":"publish","type":"post","link":"https:\/\/13.com.ar\/index.php\/cristian-ritondo-dijo-que-tiene-mandato-del-pro-para-construir-un-acuerdo-con-lla-y-que-macri-apoya-al-gobierno-desde-el-primer-dia\/","title":{"rendered":"Cristian Ritondo dijo que tiene &#8220;mandato del PRO&#8221; para construir un acuerdo con LLA y que Macri apoya al Gobierno &#8220;desde el primer d\u00eda&#8221;"},"content":{"rendered":"<p> <br \/>\n<br \/><img decoding=\"async\" src=\"https:\/\/13.com.ar\/wp-content\/uploads\/2025\/05\/Cristian-Ritondo-dijo-que-tiene-mandato-del-PRO-para-construir.jpg\" \/><\/p>\n<p>Mi\u00e9. 21.05.2025-09:15<\/p>\n<p><h2>Cristian Ritondo: &#8220;Tengo mandato del PRO para construir acuerdos y esa esa la decisi\u00f3n que tomamos&#8221;<\/h2>\n<\/p>\n<div>\n<p>Cristian Ritondo expres\u00f3 este mi\u00e9rcoles que tiene &#8220;mandato del PRO para construir acuerdos&#8221; con La Libertad Avanza, luego de los fuertes cruces entre Mauricio Macri y el presidente Javier Milei en el marco de las elcciones en la Ciudad de Buenos Aires. <\/p>\n<\/div>\n<div>\n<p>&#8220;Esta campa\u00f1a dej\u00f3 tensiones fuertes, se cruzaron l\u00edmites pero seguimos apostando a construir acuerdos sobre los puntos en com\u00fa porque eso nos piden los argentinos&#8221;, dijo en radio Rivadavia.<\/p>\n<\/div>\n<div>\n<p>El titular de la bancada del PRO en la C\u00e1mara de Diputados, adem\u00e1s, cont\u00f3 que Mauricio Macri respalda al Gobierno de Milei y que el partido siempre apoy\u00f3 la gesti\u00f3n libertaria. <\/p>\n<\/div>\n<div>\n<p>&#8220;Es como cualquier trabajo de dos partidos, nos sumamos a una idea de cambio, trabajamos con esa idea, proyectamos no solamente esta elecci\u00f3n sino 2027, empezamos a hacer el cambio de la Provincia, para eso necesitamos un volumen pol\u00edtico fuerte y eso lo hace la unidad entre todos los que tenemos una visi\u00f3n distinta al kirchnerismo&#8221;, sentenci\u00f3.<\/p>\n<\/div>\n<p><br \/>\n<br \/><a href=\"https:\/\/www.clarin.com\/politica\/elecciones-2025-argentina-vivo-cristian-ritondo-dijo-mandato-pro-construir-acuerdo-lla-macri-apoya-gobierno-primer-dia_0_E3fOpbapyK.html\">Fuente Clarin.com <\/a><\/p>\n","protected":false},"excerpt":{"rendered":"<p>Mi\u00e9. 21.05.2025-09:15 Cristian Ritondo: &#8220;Tengo mandato del PRO para construir acuerdos y esa esa la decisi\u00f3n que tomamos&#8221; Cristian Ritondo expres\u00f3 este mi\u00e9rcoles que tiene &#8220;mandato del PRO para construir acuerdos&#8221; con La Libertad Avanza, luego de los fuertes cruces entre Mauricio Macri y el presidente Javier Milei en el marco de las elcciones en [&hellip;]<\/p>\n","protected":false},"author":1,"featured_media":27013,"comment_status":"open","ping_status":"open","sticky":false,"template":"","format":"standard","meta":{"footnotes":""},"categories":[2],"tags":[267,3176,18,5273,11692,100,2184,1154,1572,71,1115,1109,6247,16,195,1111,8493,1486],"class_list":["post-27012","post","type-post","status-publish","format-standard","has-post-thumbnail","hentry","category-ultimas-noticias","tag-acuerdo","tag-apoya","tag-con","tag-construir","tag-cristian","tag-del","tag-desde","tag-dia","tag-dijo","tag-gobierno","tag-lla","tag-macri","tag-mandato","tag-para","tag-primer","tag-pro","tag-ritondo","tag-tiene"],"_links":{"self":[{"href":"https:\/\/13.com.ar\/index.php\/wp-json\/wp\/v2\/posts\/27012","targetHints":{"allow":["GET"]}}],"collection":[{"href":"https:\/\/13.com.ar\/index.php\/wp-json\/wp\/v2\/posts"}],"about":[{"href":"https:\/\/13.com.ar\/index.php\/wp-json\/wp\/v2\/types\/post"}],"author":[{"embeddable":true,"href":"https:\/\/13.com.ar\/index.php\/wp-json\/wp\/v2\/users\/1"}],"replies":[{"embeddable":true,"href":"https:\/\/13.com.ar\/index.php\/wp-json\/wp\/v2\/comments?post=27012"}],"version-history":[{"count":0,"href":"https:\/\/13.com.ar\/index.php\/wp-json\/wp\/v2\/posts\/27012\/revisions"}],"wp:featuredmedia":[{"embeddable":true,"href":"https:\/\/13.com.ar\/index.php\/wp-json\/wp\/v2\/media\/27013"}],"wp:attachment":[{"href":"https:\/\/13.com.ar\/index.php\/wp-json\/wp\/v2\/media?parent=27012"}],"wp:term":[{"taxonomy":"category","embeddable":true,"href":"https:\/\/13.com.ar\/index.php\/wp-json\/wp\/v2\/categories?post=27012"},{"taxonomy":"post_tag","embeddable":true,"href":"https:\/\/13.com.ar\/index.php\/wp-json\/wp\/v2\/tags?post=27012"}],"curies":[{"name":"wp","href":"https:\/\/api.w.org\/{rel}","templated":true}]}}