{"id":2695,"date":"2025-02-06T18:45:37","date_gmt":"2025-02-06T21:45:37","guid":{"rendered":"https:\/\/13.com.ar\/index.php\/cual-es-la-mejor-vitamina-para-mantener-el-cerebro-joven-y-saludable\/"},"modified":"2025-02-06T18:45:37","modified_gmt":"2025-02-06T21:45:37","slug":"cual-es-la-mejor-vitamina-para-mantener-el-cerebro-joven-y-saludable","status":"publish","type":"post","link":"https:\/\/13.com.ar\/index.php\/cual-es-la-mejor-vitamina-para-mantener-el-cerebro-joven-y-saludable\/","title":{"rendered":"Cu\u00e1l es la mejor vitamina para mantener el cerebro joven y saludable"},"content":{"rendered":"<p> <br \/>\n<\/p>\n<div id=\"cuerpo\">\n<div class=\"sc-80531b6b-0 chRIGJ container-text text-embed\">\n<p>La alimentaci\u00f3n es fundamental para tener un <strong>cerebro joven y saludable<\/strong>. En especial, aquellos con cierta <strong>vitamina<\/strong> que brinda beneficios a la salud, como proteger del deterioro cognitivo y<strong> <\/strong>mejorar la memoria, tal como asegura una<strong> psiquiatra nutricional de la Universidad de Harvard.<\/strong><\/p>\n<\/div>\n<div class=\"sc-80531b6b-0 chRIGJ container-text text-embed\">\n<p>&#8220;Existen <strong>13 vitaminas esenciales<\/strong> para el funcionamiento, el crecimiento y el desarrollo normales de las c\u00e9lulas&#8221;, especifica <em>MedlinePlus<\/em>, la Biblioteca Nacional de Medicina de Estados Unidos.<\/p>\n<\/div>\n<div class=\"sc-80531b6b-0 chRIGJ container-text text-embed\">\n<p>Y remarca sobre las vitaminas se hallan en los alimentos, de all\u00ed la importancia en la elecci\u00f3n de lo que decidimos comer y lo que no.<\/p>\n<\/div>\n<div class=\"sc-80531b6b-0 chRIGJ container-text text-embed\">\n<p>&#8220;T\u00fa tienes el poder al final de tu tenedor&#8221;, asegura en una entrevista con <em>BBC Mundo<\/em> la doctora <strong>Uma Naidoo<\/strong>, especialista de la Escuela de Medicina de Harvard.<\/p>\n<\/div>\n<div class=\"sc-80531b6b-0 chRIGJ container-text text-embed\">\n<p>La autora de <em>This is your brain on food<\/em> (&#8220;Lo que la comida le hace a tu cerebro&#8221;), una gu\u00eda con alimentos que ayudan a la salud mental, los m\u00e1s da\u00f1inos y los que debes intentar evitar.<\/p>\n<\/div>\n<div class=\"sc-80531b6b-0 chRIGJ container-text text-embed\">\n<p>De todos modos, la m\u00e9dica coincide en que una vitamina es la aliada clave para el <strong>funcionamiento y la salud de nuestro cerebro y la memoria.<\/strong><\/p>\n<\/div>\n<div class=\"sc-ad4aedf2-0 dPPgNJ border-video video-embed horizontal border-video video-embed horizontal\">\n<div class=\"sc-ad4aedf2-1 hnFuni videoText videoText\">\n<h2>Video<\/h2>\n<div>\n<p>La buena alimentaci\u00f3n es vital para mantener la salud f\u00edsica y mental. Y para ello es preciso consumir las vitaminas adecuadas para, por ejemplo, prevenir el deterioro cognitivo y mantener un &#8220;cerebro joven y activo&#8221;.<\/p>\n<\/div>\n<\/div>\n<\/div>\n<div class=\"sc-80531b6b-0 chRIGJ container-text text-embed\">\n<p>M\u00e1s de aseveraciones, <strong>siempre es importante consultar a un m\u00e9dico o nutricionista<\/strong> para que brinde su consejo profesional de acuerdo a cada caso y situaci\u00f3n personal.<\/p>\n<\/div>\n<p><h2>Cu\u00e1l es la mejor vitamina para el cerebro y la memoria<\/h2>\n<\/p>\n<div class=\"sc-80531b6b-0 chRIGJ container-text text-embed\">\n<p><strong>La vitamina B<\/strong> es la determinante para mejorar las funciones cognitivas, advierten los expertos. <\/p>\n<\/div>\n<div class=\"sc-80531b6b-0 chRIGJ container-text text-embed\">\n<p>En el grupo del <strong>complejo B hay de ocho tipos<\/strong>, con funciones especiales para el cerebro, y la psiquiatra nutricionista de la prestigiosa universidad se\u00f1ala:<\/p>\n<\/div>\n<p><h2>Vitamina B1<\/h2>\n<\/p>\n<div class=\"sc-80531b6b-0 chRIGJ container-text text-embed\">\n<p>La <strong>tiamina<\/strong>, como es conocida, ayuda con las funciones celulares b\u00e1sicas y al metabolismo de los nutrientes para conseguir energ\u00eda. Un bajo nivel de vitamina B1 puede genera una funci\u00f3n cognitiva deficiente.<\/p>\n<\/div>\n<p><h2>Vitamina B2<\/h2>\n<\/p>\n<div class=\"sc-80531b6b-0 chRIGJ container-text text-embed\">\n<p>La<strong> B2 o<\/strong> <strong>riboflavina<\/strong> tambi\u00e9n <strong>produce energ\u00eda<\/strong> y descompone grasas y materiales externos como medicamentos, afirma Naidoo.<\/p>\n<\/div>\n<div class=\"sc-198be8ec-0 cynXbu image-embed  image-embed \"><picture class=\"sc-198be8ec-1 kOjRiQ\"><source media=\"(min-width: 975px)\" width=\"720\" height=\"480\" \/><img alt=\"Uma Naidoo, psiquiatra nutricional de la Escuela de Medicina de la Universidad de Harvard.\" loading=\"lazy\" width=\"720\" height=\"480\" decoding=\"async\" data-nimg=\"1\" style=\"color:transparent\" src=\"https:\/\/13.com.ar\/wp-content\/uploads\/2025\/02\/Cual-es-la-mejor-vitamina-para-mantener-el-cerebro-joven.jpg\"\/><span class=\"epigraphe\">Uma Naidoo, psiquiatra nutricional de la Escuela de Medicina de la Universidad de Harvard.<\/span><span class=\"bkg\"\/><span class=\"picture-open\"><button class=\"open-image\" aria-label=\"Open Image\"\/><\/span><\/picture><\/div>\n<p><h2>Vitamina B3<\/h2>\n<\/p>\n<div class=\"sc-80531b6b-0 chRIGJ container-text text-embed\">\n<p>Antioxidante, su misi\u00f3n con encimas es <strong>producir colesterol y grasa<\/strong> necesarios para el cuerpo. La vitamina B3 es conocida como <strong>niacina.<\/strong><\/p>\n<\/div>\n<p><h2>Vitamina B5<\/h2>\n<\/p>\n<div class=\"sc-80531b6b-0 chRIGJ container-text text-embed\">\n<p>El<strong> \u00e1cido pantot\u00e9nico<\/strong> tiene la funci\u00f3n espec\u00edfica de colaborar con las enzimas para crear y descomponer los \u00e1cidos grasos para obtener energ\u00eda.<\/p>\n<\/div>\n<p><h2>Vitamina B6<\/h2>\n<\/p>\n<div class=\"sc-198be8ec-0 cynXbu image-embed  image-embed \"><picture class=\"sc-198be8ec-1 kOjRiQ\"><source media=\"(min-width: 975px)\" width=\"720\" height=\"480\" \/><img alt=\"Vitaminas en alimentos para mejorar la memoria y prevenir el deterioro del cerebro.\" loading=\"lazy\" width=\"720\" height=\"480\" decoding=\"async\" data-nimg=\"1\" style=\"color:transparent\" src=\"https:\/\/13.com.ar\/wp-content\/uploads\/2025\/02\/1738878337_524_Cual-es-la-mejor-vitamina-para-mantener-el-cerebro-joven.jpg\"\/><span class=\"epigraphe\">Vitaminas en alimentos para mejorar la memoria y prevenir el deterioro del cerebro.<\/span><span class=\"bkg\"\/><span class=\"picture-open\"><button class=\"open-image\" aria-label=\"Open Image\"\/><\/span><\/picture><\/div>\n<div class=\"sc-80531b6b-0 chRIGJ container-text text-embed\">\n<p>Niveles adecuados de la vitamina 6 o<strong> piridoxina <\/strong>est\u00e1n asociados a un <strong>menor riesgo de c\u00e1ncer.<\/strong><\/p>\n<\/div>\n<p><h2>Vitamina B7<\/h2>\n<\/p>\n<div class=\"sc-80531b6b-0 chRIGJ container-text text-embed\">\n<p>La vitamina B7 o <strong>biotina regula las se\u00f1ales en las c\u00e9lulas<\/strong> para una comunicaci\u00f3n veloz y eficiente tanto en el cuerpo como en el cerebro.<\/p>\n<\/div>\n<p><h2>Vitamina B9<\/h2>\n<\/p>\n<div class=\"sc-80531b6b-0 chRIGJ container-text text-embed\">\n<p>Resulta una vitamina especial para la <strong>salud cerebral y neurol\u00f3gica<\/strong>, de los neurotransmisores y una salud psicol\u00f3gica equilibrada, se\u00f1ala la psiquiatra sobre el <strong>\u00e1cido f\u00f3lico.<\/strong><\/p>\n<\/div>\n<p><h2>Vitamina B12<\/h2>\n<\/p>\n<div class=\"sc-ad4aedf2-0 dPPgNJ border-video video-embed horizontal border-video video-embed horizontal\">\n<div class=\"sc-ad4aedf2-1 hnFuni videoText videoText\">\n<h2>Video<\/h2>\n<p>El m\u00e9dico gastroenter\u00f3logo Edgardo Smecuol explica la importancia de la vitamina del B12.<\/p>\n<\/div>\n<\/div>\n<div class=\"sc-80531b6b-0 chRIGJ container-text text-embed\">\n<p>Llamada adem\u00e1s<strong> cobalamina<\/strong>, la vitamina B12 es clave para la formaci\u00f3n de<strong> gl\u00f3bulos rojos y ADN<\/strong>. Tambi\u00e9n para el sistema nervioso.<\/p>\n<\/div>\n<p><h2>Qu\u00e9 alimento tiene m\u00e1s vitamina B<\/h2>\n<\/p>\n<div class=\"sc-80531b6b-0 chRIGJ container-text text-embed\">\n<ul>\n<li><strong>Huevo. <\/strong>Contiene un tercio del valor diario recomendado de vitamina B7. Adem\u00e1s, tiamina (B1).<\/li>\n<\/ul>\n<\/div>\n<div class=\"sc-80531b6b-0 chRIGJ container-text text-embed\">\n<ul>\n<li><strong>Legumbres.<\/strong> Ayudan a mejorar el estado de \u00e1nimo y la salud del cerebro: poseen \u00e1cido f\u00f3lico, B1, B6 y B12.<\/li>\n<\/ul>\n<\/div>\n<div class=\"sc-80531b6b-0 chRIGJ container-text text-embed\">\n<ul>\n<li><strong>Yogur.<\/strong> Tiene un alto contenido de vitamina B2 y vitamina B12, como as\u00ed tambi\u00e9n probi\u00f3ticos naturales.<\/li>\n<\/ul>\n<\/div>\n<div class=\"sc-80531b6b-0 chRIGJ container-text text-embed\">\n<ul>\n<li><strong>Verduras de hojas verdes.<\/strong> Representan una gran fuente de vitamina B9.<\/li>\n<\/ul>\n<\/div>\n<div class=\"sc-198be8ec-0 cynXbu image-embed  image-embed \"><picture class=\"sc-198be8ec-1 kOjRiQ\"><source media=\"(min-width: 975px)\" width=\"720\" height=\"480\" \/><img alt=\"Las verduras de hojas verdes deben estar presentes en la dieta diaria. Foto: Shutterstock\" loading=\"lazy\" width=\"720\" height=\"480\" decoding=\"async\" data-nimg=\"1\" style=\"color:transparent\" src=\"https:\/\/13.com.ar\/wp-content\/uploads\/2025\/02\/1738878337_532_Cual-es-la-mejor-vitamina-para-mantener-el-cerebro-joven.jpg\"\/><span class=\"epigraphe\">Las verduras de hojas verdes deben estar presentes en la dieta diaria. Foto: Shutterstock<\/span><span class=\"bkg\"\/><span class=\"picture-open\"><button class=\"open-image\" aria-label=\"Open Image\"\/><\/span><\/picture><\/div>\n<div class=\"sc-80531b6b-0 chRIGJ container-text text-embed\">\n<ul>\n<li><strong>Salm\u00f3n.<\/strong> Es un pescado rico en todas las vitaminas B, en especial vitamina B2, B3, B6 y B12.<\/li>\n<\/ul>\n<\/div>\n<div class=\"sc-80531b6b-0 chRIGJ container-text text-embed\">\n<ul>\n<li><strong>Semillas de girasol. <\/strong>Se vinculan a fuentes vegetales de vitamina B5. y son populares entre los ni\u00f1os por las pipas.<\/li>\n<\/ul>\n<\/div>\n<\/div>\n<p><br \/>\n<br \/><a href=\"https:\/\/www.clarin.com\/internacional\/mejor-vitamina-mantener-cerebro-joven-saludable_0_4JP9pmxREd.html\">Fuente Clarin.com <\/a><\/p>\n","protected":false},"excerpt":{"rendered":"<p>La alimentaci\u00f3n es fundamental para tener un cerebro joven y saludable. En especial, aquellos con cierta vitamina que brinda beneficios a la salud, como proteger del deterioro cognitivo y mejorar la memoria, tal como asegura una psiquiatra nutricional de la Universidad de Harvard. &#8220;Existen 13 vitaminas esenciales para el funcionamiento, el crecimiento y el desarrollo [&hellip;]<\/p>\n","protected":false},"author":1,"featured_media":2696,"comment_status":"open","ping_status":"open","sticky":false,"template":"","format":"standard","meta":{"footnotes":""},"categories":[2],"tags":[791,373,2842,80,727,16,4690,4689],"class_list":["post-2695","post","type-post","status-publish","format-standard","has-post-thumbnail","hentry","category-ultimas-noticias","tag-cerebro","tag-cual","tag-joven","tag-mantener","tag-mejor","tag-para","tag-saludable","tag-vitamina"],"_links":{"self":[{"href":"https:\/\/13.com.ar\/index.php\/wp-json\/wp\/v2\/posts\/2695","targetHints":{"allow":["GET"]}}],"collection":[{"href":"https:\/\/13.com.ar\/index.php\/wp-json\/wp\/v2\/posts"}],"about":[{"href":"https:\/\/13.com.ar\/index.php\/wp-json\/wp\/v2\/types\/post"}],"author":[{"embeddable":true,"href":"https:\/\/13.com.ar\/index.php\/wp-json\/wp\/v2\/users\/1"}],"replies":[{"embeddable":true,"href":"https:\/\/13.com.ar\/index.php\/wp-json\/wp\/v2\/comments?post=2695"}],"version-history":[{"count":0,"href":"https:\/\/13.com.ar\/index.php\/wp-json\/wp\/v2\/posts\/2695\/revisions"}],"wp:featuredmedia":[{"embeddable":true,"href":"https:\/\/13.com.ar\/index.php\/wp-json\/wp\/v2\/media\/2696"}],"wp:attachment":[{"href":"https:\/\/13.com.ar\/index.php\/wp-json\/wp\/v2\/media?parent=2695"}],"wp:term":[{"taxonomy":"category","embeddable":true,"href":"https:\/\/13.com.ar\/index.php\/wp-json\/wp\/v2\/categories?post=2695"},{"taxonomy":"post_tag","embeddable":true,"href":"https:\/\/13.com.ar\/index.php\/wp-json\/wp\/v2\/tags?post=2695"}],"curies":[{"name":"wp","href":"https:\/\/api.w.org\/{rel}","templated":true}]}}