{"id":2672,"date":"2025-02-06T17:43:33","date_gmt":"2025-02-06T20:43:33","guid":{"rendered":"https:\/\/13.com.ar\/index.php\/confirman-la-condena-por-abuso-sexual-del-ex-obispo-de-oran-y-amigo-del-papa-francisco\/"},"modified":"2025-02-06T17:43:33","modified_gmt":"2025-02-06T20:43:33","slug":"confirman-la-condena-por-abuso-sexual-del-ex-obispo-de-oran-y-amigo-del-papa-francisco","status":"publish","type":"post","link":"https:\/\/13.com.ar\/index.php\/confirman-la-condena-por-abuso-sexual-del-ex-obispo-de-oran-y-amigo-del-papa-francisco\/","title":{"rendered":"Confirman la condena por abuso sexual del ex obispo de Or\u00e1n y amigo del Papa Francisco"},"content":{"rendered":"<p> <br \/>\n<br \/><img decoding=\"async\" src=\"https:\/\/13.com.ar\/wp-content\/uploads\/2025\/02\/Confirman-la-condena-por-abuso-sexual-del-ex-obispo-de.jpg\" \/><\/p>\n<div>\n<p>La Corte de Apelaciones de Salta ha confirmado la <strong>condena a cuatro a\u00f1os y seis meses de c\u00e1rcel al obispo de Oran, Gustavo Zanchetta<\/strong>, \u201ccon la acusaci\u00f3n de abuso sexual agravado\u201d, escribe hoy el diario romano \u201cIl Messaggero\u201d de Roma que ha seguido durante a\u00f1os el caso.<\/p>\n<\/div>\n<div>\n<p>Zanchetta habia sido condenado en primera instancia tres a\u00f1os atr\u00e1s y<strong> la sentencia es ahora definitiva. <\/strong>El caso tuvo especial repercusi\u00f3n en Roma porque, escribe el \u201cIl Messaggero\u201d, el obispo castigado era<strong> \u201cmuy amigo del Papa Francesco\u201d.<\/strong><\/p>\n<\/div>\n<div>\n<p>El matutino romano destaca que el diario \u201cEl Tribuno\u201d de Salta, que se ocup\u00f3 mucho del asunto, escribi\u00f3 que los jueces argentinos \u201cdestacaron<strong> la importancia de los testimonios de las v\u00edctimas, dos seminaristas de la di\u00f3cesis (de Or\u00e1n)<\/strong> que presentaron una serie de pruebas evaluadas correctamente y sin dudas por los magistrados\u201d<\/p>\n<\/div>\n<div>\n<p>En la sentencia que confirm\u00f3 la condena a cuatro a\u00f1os y seis meses de prisi\u00f3n para el obispo Zanchetta, destaca que \u201cla sentencia impugnada es v\u00e1lida y no presenta vicios de arbitrariedad y defectos en los procesos de formaci\u00f3n de la convicci\u00f3n, porque los aspectos m\u00e1s relevantes de la parte probatoria <strong>han sido correlados seg\u00fan las normas de la l\u00f3gica\u201d.<\/strong><\/p>\n<\/div>\n<div>\n<p>En una entrevista en 2019, Francesco dijo que hab\u00eda concedido a Zanchetta el beneficio de la duda. \u201cLo hice venir y le pedi la renuncia\u201d, declar\u00f3, y agreg\u00f3 que <strong>hab\u00eda pasado el caso al Dicasterio de la Doctrina de la Fe.<\/strong><\/p>\n<\/div>\n<div>\n<p>El Papa hab\u00eda nombrado a monse\u00f1or Zanchetta asesor en la Admninistraci\u00f3n para la Administraci\u00f3n del Patrimonio de la Sede Apost\u00f3lica.<\/p>\n<\/div>\n<div>\n<p>Cuando en Argentina se inici\u00f3 la investigaci\u00f3n preliminar del arzobispo de Tucum\u00e1n, Carlos Alberto S\u00e1nchez, el Papa<strong> dispuso que Zanchetta se abstuviera de ejercitar su trabajo en el Vaticano,<\/strong> seg\u00fan preciso la Sala de Prensa de la Santa Sede.<\/p>\n<\/div>\n<div>\n<p>El Papa dijo: <strong>\u201cNo he pasado un solo segundo sin actuar en este asunto\u201d<\/strong>.<\/p>\n<\/div>\n<div>\n<p><strong>El proceso contra monse\u00f1or Zanchetta se llev\u00f3 a cabo en Or\u00e1n<\/strong> y el imputado de abusos estuvo presente porque el Papa se asegur\u00f3 de que as\u00ed sucediera. En 2022 se conoci\u00f3 la condena de la Justicia  argentina, ahora confirmada, del obispo y la Conferencia Episcopal expres\u00f3 su \u201ccercan\u00eda con las v\u00edctimas\u201d.<\/p>\n<\/div>\n<div>\n<p>El obispo Zanchetta pidi\u00f3 y obtuvo el <strong>arresto domiciliario<\/strong> pocos meses despu\u00e9s de su condena a cuatro a\u00f1os y tres meses de condena por abusos. Reside en una casa para sacerdotes retirados en el Monasterio de Nuestra Se\u00f1ora del Valle de Nueva Or\u00e1n\u201d.<\/p>\n<\/div>\n<p><br \/>\n<br \/><a href=\"https:\/\/www.clarin.com\/sociedad\/confirman-condena-abuso-sexual-ex-obispo-oran-amigo-papa-francisco_0_Li3lP5MIt4.html\">Fuente Clarin.com <\/a><\/p>\n","protected":false},"excerpt":{"rendered":"<p>La Corte de Apelaciones de Salta ha confirmado la condena a cuatro a\u00f1os y seis meses de c\u00e1rcel al obispo de Oran, Gustavo Zanchetta, \u201ccon la acusaci\u00f3n de abuso sexual agravado\u201d, escribe hoy el diario romano \u201cIl Messaggero\u201d de Roma que ha seguido durante a\u00f1os el caso. Zanchetta habia sido condenado en primera instancia tres [&hellip;]<\/p>\n","protected":false},"author":1,"featured_media":2673,"comment_status":"open","ping_status":"open","sticky":false,"template":"","format":"standard","meta":{"footnotes":""},"categories":[2],"tags":[4669,4670,4668,1901,100,917,1713,946,2919,142,2058],"class_list":["post-2672","post","type-post","status-publish","format-standard","has-post-thumbnail","hentry","category-ultimas-noticias","tag-abuso","tag-amigo","tag-condena","tag-confirman","tag-del","tag-francisco","tag-obispo","tag-oran","tag-papa","tag-por","tag-sexual"],"_links":{"self":[{"href":"https:\/\/13.com.ar\/index.php\/wp-json\/wp\/v2\/posts\/2672","targetHints":{"allow":["GET"]}}],"collection":[{"href":"https:\/\/13.com.ar\/index.php\/wp-json\/wp\/v2\/posts"}],"about":[{"href":"https:\/\/13.com.ar\/index.php\/wp-json\/wp\/v2\/types\/post"}],"author":[{"embeddable":true,"href":"https:\/\/13.com.ar\/index.php\/wp-json\/wp\/v2\/users\/1"}],"replies":[{"embeddable":true,"href":"https:\/\/13.com.ar\/index.php\/wp-json\/wp\/v2\/comments?post=2672"}],"version-history":[{"count":0,"href":"https:\/\/13.com.ar\/index.php\/wp-json\/wp\/v2\/posts\/2672\/revisions"}],"wp:featuredmedia":[{"embeddable":true,"href":"https:\/\/13.com.ar\/index.php\/wp-json\/wp\/v2\/media\/2673"}],"wp:attachment":[{"href":"https:\/\/13.com.ar\/index.php\/wp-json\/wp\/v2\/media?parent=2672"}],"wp:term":[{"taxonomy":"category","embeddable":true,"href":"https:\/\/13.com.ar\/index.php\/wp-json\/wp\/v2\/categories?post=2672"},{"taxonomy":"post_tag","embeddable":true,"href":"https:\/\/13.com.ar\/index.php\/wp-json\/wp\/v2\/tags?post=2672"}],"curies":[{"name":"wp","href":"https:\/\/api.w.org\/{rel}","templated":true}]}}