{"id":2670,"date":"2025-02-06T17:40:42","date_gmt":"2025-02-06T20:40:42","guid":{"rendered":"https:\/\/13.com.ar\/index.php\/como-estan-charly-garcia-y-nito-mestre-hoy-en-el-ano-del-50-aniversario-de-la-despedida-de-sui-generis\/"},"modified":"2025-02-06T17:40:42","modified_gmt":"2025-02-06T20:40:42","slug":"como-estan-charly-garcia-y-nito-mestre-hoy-en-el-ano-del-50-aniversario-de-la-despedida-de-sui-generis","status":"publish","type":"post","link":"https:\/\/13.com.ar\/index.php\/como-estan-charly-garcia-y-nito-mestre-hoy-en-el-ano-del-50-aniversario-de-la-despedida-de-sui-generis\/","title":{"rendered":"C\u00f3mo est\u00e1n Charly Garc\u00eda y Nito Mestre hoy, en el a\u00f1o del 50\u00b0 aniversario de la despedida de Sui Generis"},"content":{"rendered":"<p> <br \/>\n<br \/><img decoding=\"async\" src=\"https:\/\/13.com.ar\/wp-content\/uploads\/2025\/02\/Como-estan-Charly-Garcia-y-Nito-Mestre-hoy-en-el.jpg\" \/><\/p>\n<div>\n<p>Durante los \u00faltimos d\u00edas, varias fotos de <strong>Charly Garc\u00eda<\/strong> aparecieron en diferentes cuentas en las redes sociales. Pr\u00e1cticamente no hab\u00eda noticias suyas desde el lanzamiento de su \u00faltimo disco <em>La l\u00f3gica del escorpi\u00f3n<\/em>, en septiembre del a\u00f1o pasado, que se convirti\u00f3 en el \u00e1lbum m\u00e1s vendido en disquer\u00edas del pa\u00eds en 2024,<\/p>\n<\/div>\n<div>\n<p>Esta vez la sorpresa la dio su viejo amigo y compa\u00f1ero <strong>Nito Mestre<\/strong>, que en su cuenta oficial de Instagram public\u00f3 una foto juntos, con la leyenda: \u201cSui Generis hoy y siempre\u201d. <\/p>\n<\/div>\n<div>\n<p>La frase es una referencia directa al grupo que formaron a fines de los a\u00f1os &#8217;60 y que marc\u00f3 <strong>un momento bisagra en la historia del rock argentino<\/strong>, gracias a hits como <em>Canci\u00f3n para mi muerte, Quiz\u00e1s porque, Rasgu\u00f1a las piedras<\/em> y m\u00e1s, que cautivaron a una nueva generaci\u00f3n al p\u00fablico del rock.<\/p>\n<\/div>\n<div>\n<p>Sui Generis se despidi\u00f3 en el hist\u00f3rico recital <em>Adi\u00f3s Sui Generis<\/em> en el Luna Park, el 5 de septiembre de 1975. O sea que este a\u00f1o se cumple medio siglo y seguramente habr\u00e1 alg\u00fan evento o lanzamiento alusivo, aunque sea una reedici\u00f3n especial de los vinilos originales.<\/p>\n<\/div>\n<div>\n<p>Por alguna raz\u00f3n, <strong>Charly pas\u00f3 varios d\u00edas en el hotel Faena y aprovech\u00f3 para encontrarse con amigos<\/strong> y hasta algunos fans. Y as\u00ed como se encontr\u00f3 el mi\u00e9rcoles 5 con Nito, el lunes hubo un fan que subi\u00f3 una foto donde se lo ve sonriente y con buen semblante.<\/p>\n<\/div>\n<div>\n<p>Adem\u00e1s, el viernes 31 de enero tuvo la visita de <strong>David Leb\u00f3n<\/strong>, que tambi\u00e9n public\u00f3 la foto con su querido amigo y compa\u00f1ero de aventuras. La acompa\u00f1\u00f3 con la siguiente frase. &#8220;La m\u00fasica nos une para toda la vida. Hermanos, compa\u00f1eros de ruta, de historias, de acordes y de sue\u00f1os&#8221;.<\/p>\n<\/div>\n<div>\n<p>Cabe recordar que este a\u00f1o, en el marco del festival Quilmes Rock, habr\u00e1 un recital llamado <strong><em>Ser\u00fa Gir\u00e1n y amigos, el homenaje<\/em><\/strong>, realizado por David Leb\u00f3n, Pedro Aznar y artistas invitados. Ser\u00e1 el 6 de abril en Tecn\u00f3polis.<\/p>\n<\/div>\n<p><br \/>\n<br \/><a href=\"https:\/\/www.clarin.com\/espectaculos\/charly-garcia-nito-mestre-hoy-ano-50-aniversario-despedida-sui-generis_0_OFlMYdMdxq.html\">Fuente Clarin.com <\/a><\/p>\n","protected":false},"excerpt":{"rendered":"<p>Durante los \u00faltimos d\u00edas, varias fotos de Charly Garc\u00eda aparecieron en diferentes cuentas en las redes sociales. Pr\u00e1cticamente no hab\u00eda noticias suyas desde el lanzamiento de su \u00faltimo disco La l\u00f3gica del escorpi\u00f3n, en septiembre del a\u00f1o pasado, que se convirti\u00f3 en el \u00e1lbum m\u00e1s vendido en disquer\u00edas del pa\u00eds en 2024, Esta vez la [&hellip;]<\/p>\n","protected":false},"author":1,"featured_media":2671,"comment_status":"open","ping_status":"open","sticky":false,"template":"","format":"standard","meta":{"footnotes":""},"categories":[2],"tags":[4664,530,1119,66,100,4665,2376,1120,4667,147,4663,4662,4666],"class_list":["post-2670","post","type-post","status-publish","format-standard","has-post-thumbnail","hentry","category-ultimas-noticias","tag-aniversario","tag-ano","tag-charly","tag-como","tag-del","tag-despedida","tag-estan","tag-garcia","tag-generis","tag-hoy","tag-mestre","tag-nito","tag-sui"],"_links":{"self":[{"href":"https:\/\/13.com.ar\/index.php\/wp-json\/wp\/v2\/posts\/2670","targetHints":{"allow":["GET"]}}],"collection":[{"href":"https:\/\/13.com.ar\/index.php\/wp-json\/wp\/v2\/posts"}],"about":[{"href":"https:\/\/13.com.ar\/index.php\/wp-json\/wp\/v2\/types\/post"}],"author":[{"embeddable":true,"href":"https:\/\/13.com.ar\/index.php\/wp-json\/wp\/v2\/users\/1"}],"replies":[{"embeddable":true,"href":"https:\/\/13.com.ar\/index.php\/wp-json\/wp\/v2\/comments?post=2670"}],"version-history":[{"count":0,"href":"https:\/\/13.com.ar\/index.php\/wp-json\/wp\/v2\/posts\/2670\/revisions"}],"wp:featuredmedia":[{"embeddable":true,"href":"https:\/\/13.com.ar\/index.php\/wp-json\/wp\/v2\/media\/2671"}],"wp:attachment":[{"href":"https:\/\/13.com.ar\/index.php\/wp-json\/wp\/v2\/media?parent=2670"}],"wp:term":[{"taxonomy":"category","embeddable":true,"href":"https:\/\/13.com.ar\/index.php\/wp-json\/wp\/v2\/categories?post=2670"},{"taxonomy":"post_tag","embeddable":true,"href":"https:\/\/13.com.ar\/index.php\/wp-json\/wp\/v2\/tags?post=2670"}],"curies":[{"name":"wp","href":"https:\/\/api.w.org\/{rel}","templated":true}]}}