{"id":2666,"date":"2025-02-06T17:26:53","date_gmt":"2025-02-06T20:26:53","guid":{"rendered":"https:\/\/13.com.ar\/index.php\/una-de-las-empresas-del-agro-que-entro-en-concurso-preventivo-de-acreedores-despidio-el-20-del-personal\/"},"modified":"2025-02-06T17:26:53","modified_gmt":"2025-02-06T20:26:53","slug":"una-de-las-empresas-del-agro-que-entro-en-concurso-preventivo-de-acreedores-despidio-el-20-del-personal","status":"publish","type":"post","link":"https:\/\/13.com.ar\/index.php\/una-de-las-empresas-del-agro-que-entro-en-concurso-preventivo-de-acreedores-despidio-el-20-del-personal\/","title":{"rendered":"Una de las empresas del agro que entr\u00f3 en concurso preventivo de acreedores despidi\u00f3 el 20% del personal"},"content":{"rendered":"<p> <br \/>\n<br \/><img decoding=\"async\" src=\"https:\/\/13.com.ar\/wp-content\/uploads\/2025\/02\/Una-de-las-empresas-del-agro-que-entro-en-concurso.jpg\" \/><\/p>\n<div>\n<p>Tras el default e ingresar en concurso preventivo de acreedores, Surcos anunci\u00f3 a la Comisi\u00f3n Nacional de Valores (CNV) que comenz\u00f3 con el despido del personal. <\/p>\n<\/div>\n<div>\n<p>&#8220;Tengo el agrado de dirigirme a Uds., en mi car\u00e1cter de Responsable de Relaciones con el Mercado de Surcos S.A., a fin de informar que, tras haber efectuado una cuidadosa evaluaci\u00f3n de las opciones disponibles, considerando la situaci\u00f3n que se encuentra atravesando la Sociedad, y a los fines de reorientar el negocio de la misma de manera sostenible a largo plazo, la Sociedad <strong>ha procedido con la desvinculaci\u00f3n de empleados <\/strong>en los t\u00e9rminos establecidos en el Inciso 34), Art\u00edculo 3, Secci\u00f3n II, Cap\u00edtulo I, T\u00edtulo XII de la Resoluci\u00f3n General de la Comisi\u00f3n Nacional de Valores N\u00b0 622\/2013, modificatorias y complementarias&#8221;, indic\u00f3 la carta enviada a la CNV con la firma de Miriam de los \u00c1ngeles Tasso, responsable de Relaciones con el Mercado.<\/p>\n<\/div>\n<div>\n<p>Seg\u00fan trascendi\u00f3, <strong>entre diciembre-enero echaron a 50 personas<\/strong>, y el plantel se achic\u00f3 a 170 trabajadores.<\/p>\n<\/div>\n<div>\n<p>Este lunes, la empresa que comercializa fitosanitarios<strong>, entr\u00f3 en concurso preventivo de acreedores.<\/strong> La decisi\u00f3n fue tomada por el directorio de la empresa, que estima que la medida \u201cpermitir\u00e1 lograr la sustentabilidad de la deuda incurrida por la sociedad, tanto en t\u00e9rminos de volumen como de costo y, de este modo, continuar con las operaciones\u201d de la firma.<\/p>\n<\/div>\n<div>\n<p>Las autoridades de Surcos argumentaron que el concurso constituye \u201cu<strong>na oportunidad para reorientar el negocio de la sociedad<\/strong> de manera sostenible a largo plazo, generar una oportunidad para atraer inversi\u00f3n productiva destinada al crecimiento de sus operaciones, todo lo cual redundar\u00e1 en beneficios para todos los actores relacionados con el negocio de la sociedad, incluyendo a sus acreedores y empleados, entre otros\u201d.<\/p>\n<\/div>\n<div>\n<p>Surcos hab\u00eda informado a la CNV a principios de diciembre que<strong> no pod\u00eda pagar deudas por US$ 3,5 millones y m\u00e1s de $ 9.300 millones<\/strong> correspondientes a pagar\u00e9s burs\u00e1tiles por una \u201csituaci\u00f3n de iliquidez\u201d.<\/p>\n<\/div>\n<div>\n<p>Entre los motivos de esta situaci\u00f3n financiera dijeron que el plan para llevar la tecnolog\u00eda argentina al agro mundial requiri\u00f3 de una fuerte inversi\u00f3n que en el plan previsto a 5 a\u00f1os superaba los US$ 36 millones, y fue incompatible con la aguda ca\u00edda de ventas del mercado, que se estima en 2024 en un 30%.<\/p>\n<\/div>\n<div>\n<p> Surcos es de capitales nacionales y se dedica a la investigaci\u00f3n, el desarrollo, la producci\u00f3n y la comercializaci\u00f3n de insumos para el sector agr\u00edcola, principalmente fitosanitarios como herbicidas, insecticidas y fungicidas. Abastece a una red comercial con 14 dep\u00f3sitos y 11 centros comerciales ubicados en localidades estrat\u00e9gicas del pa\u00eds. Sus productos tambi\u00e9n est\u00e1n Uruguay, Paraguay, Bolivia y Colombia, a trav\u00e9s de oficinas o representantes comerciales<\/p>\n<\/div>\n<p><br \/>\n<br \/><a href=\"https:\/\/www.clarin.com\/rural\/empresas-agro-entro-concurso-preventivo-acreedores-despidio-20-personal_0_kInt5itbF1.html\">Fuente Clarin.com <\/a><\/p>\n","protected":false},"excerpt":{"rendered":"<p>Tras el default e ingresar en concurso preventivo de acreedores, Surcos anunci\u00f3 a la Comisi\u00f3n Nacional de Valores (CNV) que comenz\u00f3 con el despido del personal. &#8220;Tengo el agrado de dirigirme a Uds., en mi car\u00e1cter de Responsable de Relaciones con el Mercado de Surcos S.A., a fin de informar que, tras haber efectuado una [&hellip;]<\/p>\n","protected":false},"author":1,"featured_media":2667,"comment_status":"open","ping_status":"open","sticky":false,"template":"","format":"standard","meta":{"footnotes":""},"categories":[2],"tags":[3263,2577,3262,100,4562,867,1366,48,2167,3292,73],"class_list":["post-2666","post","type-post","status-publish","format-standard","has-post-thumbnail","hentry","category-ultimas-noticias","tag-acreedores","tag-agro","tag-concurso","tag-del","tag-despidio","tag-empresas","tag-entro","tag-las","tag-personal","tag-preventivo","tag-una"],"_links":{"self":[{"href":"https:\/\/13.com.ar\/index.php\/wp-json\/wp\/v2\/posts\/2666","targetHints":{"allow":["GET"]}}],"collection":[{"href":"https:\/\/13.com.ar\/index.php\/wp-json\/wp\/v2\/posts"}],"about":[{"href":"https:\/\/13.com.ar\/index.php\/wp-json\/wp\/v2\/types\/post"}],"author":[{"embeddable":true,"href":"https:\/\/13.com.ar\/index.php\/wp-json\/wp\/v2\/users\/1"}],"replies":[{"embeddable":true,"href":"https:\/\/13.com.ar\/index.php\/wp-json\/wp\/v2\/comments?post=2666"}],"version-history":[{"count":0,"href":"https:\/\/13.com.ar\/index.php\/wp-json\/wp\/v2\/posts\/2666\/revisions"}],"wp:featuredmedia":[{"embeddable":true,"href":"https:\/\/13.com.ar\/index.php\/wp-json\/wp\/v2\/media\/2667"}],"wp:attachment":[{"href":"https:\/\/13.com.ar\/index.php\/wp-json\/wp\/v2\/media?parent=2666"}],"wp:term":[{"taxonomy":"category","embeddable":true,"href":"https:\/\/13.com.ar\/index.php\/wp-json\/wp\/v2\/categories?post=2666"},{"taxonomy":"post_tag","embeddable":true,"href":"https:\/\/13.com.ar\/index.php\/wp-json\/wp\/v2\/tags?post=2666"}],"curies":[{"name":"wp","href":"https:\/\/api.w.org\/{rel}","templated":true}]}}