{"id":2664,"date":"2025-02-06T17:16:56","date_gmt":"2025-02-06T20:16:56","guid":{"rendered":"https:\/\/13.com.ar\/index.php\/manejaba-la-moto-con-un-pistolon-en-la-cintura-choco-y-se-le-disparo-esta-grave\/"},"modified":"2025-02-06T17:16:56","modified_gmt":"2025-02-06T20:16:56","slug":"manejaba-la-moto-con-un-pistolon-en-la-cintura-choco-y-se-le-disparo-esta-grave","status":"publish","type":"post","link":"https:\/\/13.com.ar\/index.php\/manejaba-la-moto-con-un-pistolon-en-la-cintura-choco-y-se-le-disparo-esta-grave\/","title":{"rendered":"Manejaba la moto con un pistol\u00f3n en la cintura, choc\u00f3 y se le dispar\u00f3: est\u00e1 grave"},"content":{"rendered":"<p> <br \/>\n<br \/><img decoding=\"async\" src=\"https:\/\/13.com.ar\/wp-content\/uploads\/2025\/02\/Manejaba-la-moto-con-un-pistolon-en-la-cintura-choco.jpg\" \/><\/p>\n<div>\n<p>Un joven que viajaba en moto con un <strong>pistol\u00f3n calibre .16<\/strong> en la cintura termin\u00f3 baleado y herido de gravedad al chocar con una peque\u00f1a camioneta. Fue porque el arma que llevaba se le dispar\u00f3 accidentalmente. El episodio ocurri\u00f3 en Misiones y la v\u00edctima permanec\u00eda internada en estado reservado en el Hospital Samic de la ciudad de Ober\u00e1.<\/p>\n<\/div>\n<div>\n<p>Se trata de <strong>\u00c1ngel Maximiliano D\u00edaz, de 20 a\u00f1os<\/strong>, quien vive en Florentino Ameghino, un peque\u00f1o pueblo que est\u00e1 a unos 120 kil\u00f3metros de Posadas. D\u00edaz debi\u00f3 ser sometido a una operaci\u00f3n de urgencia por el da\u00f1o que le provocaron los perdigones en la panza. Los plomos quedaron alojados en el cuerpo.<\/p>\n<\/div>\n<div>\n<p>Los restos de p\u00f3lvora encontrados sobre la piel de D\u00edaz le dieron la pauta a los m\u00e9dicos que el disparo se hab\u00eda producido a muy corta distancia.<\/p>\n<\/div>\n<div>\n<p>El lunes a la noche, el joven manejaba su moto <strong>Honda Tornado XR250<\/strong> por la ruta costera 2 y al llegar al paraje Mboror\u00e9, choc\u00f3 contra la parte trasera derecha de una camioneta Volkswagen Saveiro.<\/p>\n<\/div>\n<div>\n<p>Todav\u00eda no est\u00e1 claro si el arma se le dispar\u00f3 con el impacto o cuando D\u00edaz cay\u00f3 al piso. <\/p>\n<\/div>\n<div>\n<p>Adem\u00e1s del balazo, el joven ten\u00eda heridas leves en los brazos, la rodilla derecha y un corte en la cabeza. Aunque el cuadro era muy grave debido al disparo. Es por eso que el equipo m\u00e9dico decidi\u00f3 realizar una cirug\u00eda de inmediato para evaluar el da\u00f1o que le provocaron los perdigones.<\/p>\n<\/div>\n<div>\n<p>Cuando la Polic\u00eda lleg\u00f3 al lugar, D\u00edaz <strong>no les dijo nada a los agentes sobre el disparo.<\/strong><\/p>\n<\/div>\n<div>\n<p>Su familia, que lleg\u00f3 antes, <strong>se llev\u00f3 el pistol\u00f3n<\/strong>, que es una especie de escopeta de fabricaci\u00f3n casera, ca\u00f1o recortado, calibre .16 que ya fue secuestrada junto con el cartucho percutado.<\/p>\n<\/div>\n<div>\n<p>Fue el padre de Maximiliano quien reconoci\u00f3 m\u00e1s tarde que el arma que transportaba su hijo se dispar\u00f3 sola en el accidente. <\/p>\n<\/div>\n<div>\n<p>El Juzgado de Instrucci\u00f3n de Ober\u00e1 decomis\u00f3 <strong>el arma, la ropa de Maximiliano, la moto y la camioneta.<\/strong><\/p>\n<\/div>\n<div>\n<p>Los investigadores aguardan la evoluci\u00f3n de Maximiliano  \u2013los m\u00e9dicos todav\u00eda no establecieron cu\u00e1nto tiempo le demandar\u00e1 la recuperaci\u00f3n\u2013 para tener m\u00e1s precisiones sobre lo que pas\u00f3. <\/p>\n<\/div>\n<div>\n<p>En principio, la v\u00edctima no tiene antecedentes y no se sospecha de que que estuviera involucrada en alguna actividad ilegal, m\u00e1s all\u00e1 de la portaci\u00f3n del arma sin papeles.<\/p>\n<\/div>\n<p><br \/>\n<br \/><a href=\"https:\/\/www.clarin.com\/sociedad\/manejaba-moto-pistolon-cintura-choco-disparo-grave_0_TmeV4k0YVU.html\">Fuente Clarin.com <\/a><\/p>\n","protected":false},"excerpt":{"rendered":"<p>Un joven que viajaba en moto con un pistol\u00f3n calibre .16 en la cintura termin\u00f3 baleado y herido de gravedad al chocar con una peque\u00f1a camioneta. Fue porque el arma que llevaba se le dispar\u00f3 accidentalmente. El episodio ocurri\u00f3 en Misiones y la v\u00edctima permanec\u00eda internada en estado reservado en el Hospital Samic de la [&hellip;]<\/p>\n","protected":false},"author":1,"featured_media":2665,"comment_status":"open","ping_status":"open","sticky":false,"template":"","format":"standard","meta":{"footnotes":""},"categories":[2],"tags":[900,4657,18,4658,300,4659,1499,534,4656],"class_list":["post-2664","post","type-post","status-publish","format-standard","has-post-thumbnail","hentry","category-ultimas-noticias","tag-choco","tag-cintura","tag-con","tag-disparo","tag-esta","tag-grave","tag-manejaba","tag-moto","tag-pistolon"],"_links":{"self":[{"href":"https:\/\/13.com.ar\/index.php\/wp-json\/wp\/v2\/posts\/2664","targetHints":{"allow":["GET"]}}],"collection":[{"href":"https:\/\/13.com.ar\/index.php\/wp-json\/wp\/v2\/posts"}],"about":[{"href":"https:\/\/13.com.ar\/index.php\/wp-json\/wp\/v2\/types\/post"}],"author":[{"embeddable":true,"href":"https:\/\/13.com.ar\/index.php\/wp-json\/wp\/v2\/users\/1"}],"replies":[{"embeddable":true,"href":"https:\/\/13.com.ar\/index.php\/wp-json\/wp\/v2\/comments?post=2664"}],"version-history":[{"count":0,"href":"https:\/\/13.com.ar\/index.php\/wp-json\/wp\/v2\/posts\/2664\/revisions"}],"wp:featuredmedia":[{"embeddable":true,"href":"https:\/\/13.com.ar\/index.php\/wp-json\/wp\/v2\/media\/2665"}],"wp:attachment":[{"href":"https:\/\/13.com.ar\/index.php\/wp-json\/wp\/v2\/media?parent=2664"}],"wp:term":[{"taxonomy":"category","embeddable":true,"href":"https:\/\/13.com.ar\/index.php\/wp-json\/wp\/v2\/categories?post=2664"},{"taxonomy":"post_tag","embeddable":true,"href":"https:\/\/13.com.ar\/index.php\/wp-json\/wp\/v2\/tags?post=2664"}],"curies":[{"name":"wp","href":"https:\/\/api.w.org\/{rel}","templated":true}]}}