{"id":2660,"date":"2025-02-06T16:45:46","date_gmt":"2025-02-06T19:45:46","guid":{"rendered":"https:\/\/13.com.ar\/index.php\/quien-es-la-influencer-acusada-de-atacar-de-12-punaladas-a-la-novia-de-su-ex-una-joven-modelo\/"},"modified":"2025-02-06T16:45:46","modified_gmt":"2025-02-06T19:45:46","slug":"quien-es-la-influencer-acusada-de-atacar-de-12-punaladas-a-la-novia-de-su-ex-una-joven-modelo","status":"publish","type":"post","link":"https:\/\/13.com.ar\/index.php\/quien-es-la-influencer-acusada-de-atacar-de-12-punaladas-a-la-novia-de-su-ex-una-joven-modelo\/","title":{"rendered":"Qui\u00e9n es la influencer acusada de atacar de 12 pu\u00f1aladas a la novia de su ex, una joven modelo"},"content":{"rendered":"<p> <br \/>\n<\/p>\n<div id=\"cuerpo\">\n<div class=\"sc-80531b6b-0 chRIGJ container-text text-embed\">\n<p>La <strong>influencer Marianne &#8220;N&#8221; <\/strong>fue detenida tras ser acusada de aplicarle <strong>12 pu\u00f1aladas<\/strong> a la novia de su expareja, la joven modelo <strong>Valentina Gilabert<\/strong>. C\u00f3mo sigue la causa y la salud de la v\u00edctima.<\/p>\n<\/div>\n<div class=\"sc-80531b6b-0 chRIGJ container-text text-embed\">\n<p>La detenci\u00f3n Marianne Gonzaga , la presunta responsable fue confirmada por la Secretar\u00eda de Seguridad Ciudadana, a trav\u00e9s de una tarjeta informativa en la que detalla que la agresi\u00f3n ocurri\u00f3 en un inmueble de San Jer\u00f3nimo Aculco, alcald\u00eda \u00c1lvaro Obreg\u00f3n, <strong>Ciudad de M\u00e9xico.<\/strong><\/p>\n<\/div>\n<div class=\"sc-80531b6b-0 chRIGJ container-text text-embed\">\n<p>De acuerdo a medio locales, oficiales se movilizaron al lugar luego de ser alertados v\u00eda radiofrecuencia por monitoristas del Centro de Control y Comando C2 Poniente. <\/p>\n<\/div>\n<div class=\"sc-80531b6b-0 chRIGJ container-text text-embed\">\n<p>A l llegar al lugar, los agentes entrevistaron con una <strong>joven de 18 a\u00f1os de edad <\/strong>con visibles lesiones <strong>solicitando de urgencia a servicios de emergencia.<\/strong><\/p>\n<\/div>\n<div class=\"sc-80531b6b-0 chRIGJ container-text text-embed\">\n<p>La Fiscal\u00eda General de Justicia no hab\u00eda informado hasta el momento bajo qu\u00e9 cargos busca culpar a la influencer.<\/p>\n<\/div>\n<div class=\"sc-80531b6b-0 chRIGJ container-text text-embed\">\n<p>Pero por tratarse<strong> de heridas penetrantes ocasionadas con aparente dolo,<\/strong> podr\u00edan ser tipificadas como<strong> feminicidio en grado de tentativa.<\/strong> <\/p>\n<\/div>\n<div class=\"sc-198be8ec-0 cynXbu image-embed  image-embed \"><picture class=\"sc-198be8ec-1 kOjRiQ\"><source media=\"(min-width: 975px)\" width=\"720\" height=\"480\" \/><img alt=\"Primera foto de la detenci\u00f3n de la influencer Marianne N. Foto: C4jimenez\/X\" loading=\"lazy\" width=\"720\" height=\"480\" decoding=\"async\" data-nimg=\"1\" style=\"color:transparent\" src=\"https:\/\/13.com.ar\/wp-content\/uploads\/2025\/02\/Quien-es-la-influencer-acusada-de-atacar-de-12-punaladas.jpg\"\/><span class=\"epigraphe\">Primera foto de la detenci\u00f3n de la influencer Marianne N. Foto: C4jimenez\/X<\/span><span class=\"bkg\"\/><span class=\"picture-open\"><button class=\"open-image\" aria-label=\"Open Image\"\/><\/span><\/picture><\/div>\n<div class=\"sc-80531b6b-0 chRIGJ container-text text-embed\">\n<p>Especulan que las pr\u00f3ximas horas se pueda determinar la situaci\u00f3n legal de la imputada.<\/p>\n<\/div>\n<p><h2>Qui\u00e9n es Marianne Gonzaga, la presunta agresora<\/h2>\n<\/p>\n<div class=\"sc-80531b6b-0 chRIGJ container-text text-embed\">\n<p>Se sabe que Marianne \u201cN\u201d ten\u00eda una fuerte presencia en las redes sociales, con<strong> 162 mil seguidores en Instagram y 372 mil seguidores en TikTok, con casi 20 millones de \u201cme gusta\u201d.<\/strong><\/p>\n<\/div>\n<div class=\"sc-80531b6b-0 chRIGJ container-text text-embed\">\n<p>Se describ\u00eda como una \u201cMommy Blogger\u201d, debido a que compart\u00eda <strong>contenido sobre maternidad <\/strong>y aspectos de su vida personal.<\/p>\n<\/div>\n<div class=\"sc-80531b6b-0 chRIGJ container-text text-embed\">\n<p>Su actividad mucho tiene que ver con haber sido <strong>madre de una ni\u00f1a hace m\u00e1s o menos un a\u00f1o, <\/strong>con quien suele publicar fotograf\u00edas y videos en ambos perfiles.<\/p>\n<\/div>\n<div class=\"sc-106e49c0-0 dcVumd freeHtml-embed undefined\">\n<blockquote class=\"twitter-tweet\">\n<p lang=\"es\" dir=\"ltr\">\u201cMarianne Gonzaga\u201d:<br \/>Porque la influencer fue detenida en la CDMX por supuestamente haber apu\u00f1alado a la actual pareja de su exnovio en Park Pedregal. La gente debate sobre si ser\u00e1 juzgada igual que Fofo M\u00e1rquez.  <a rel=\"nofollow\" target=\"_blank\" href=\"https:\/\/t.co\/rlo2pBsZym\">pic.twitter.com\/rlo2pBsZym<\/a><\/p>\n<p>\u2014 \u00bfPor qu\u00e9 es Tendencia? (@porktendencia) <a rel=\"nofollow\" target=\"_blank\" href=\"https:\/\/twitter.com\/porktendencia\/status\/1887243276098437306?ref_src=twsrc%5Etfw\">February 5, 2025<\/a><\/p><\/blockquote>\n<\/div>\n<div class=\"sc-80531b6b-0 chRIGJ container-text text-embed\">\n<p>Tambi\u00e9n tiene una p\u00e1gina web con un enlace a una mesa de regalos para su beb\u00e9 y otro de su portafolio.<\/p>\n<\/div>\n<div class=\"sc-80531b6b-0 chRIGJ container-text text-embed\">\n<p>Incluso aclara <strong>cu\u00e1nto cobra por cada tipo de contenido. <\/strong>Los ejemplos publicados son los siguientes:<\/p>\n<\/div>\n<div class=\"sc-80531b6b-0 chRIGJ container-text text-embed\">\n<ul>\n<li>Vende un video en TikTok por 1.170 d\u00f3lares.<\/li>\n<\/ul>\n<\/div>\n<div class=\"sc-80531b6b-0 chRIGJ container-text text-embed\">\n<ul>\n<li>Historia de Instagram por 415 d\u00f3lares. <\/li>\n<\/ul>\n<\/div>\n<div class=\"sc-80531b6b-0 chRIGJ container-text text-embed\">\n<ul>\n<li>Un d\u00eda de llamado est\u00e1 en unos 590 d\u00f3lares.<\/li>\n<\/ul>\n<\/div>\n<div class=\"sc-80531b6b-0 chRIGJ container-text text-embed\">\n<ul>\n<li>Asistencia a un evento cuesta 400 d\u00f3lares.<\/li>\n<\/ul>\n<\/div>\n<p><h2>Cu\u00e1l es el estado de salud de Valentina Gilbert, la modelo apu\u00f1alada<\/h2>\n<\/p>\n<div class=\"sc-198be8ec-0 cynXbu image-embed  image-embed \"><picture class=\"sc-198be8ec-1 kOjRiQ\"><source media=\"(min-width: 975px)\" width=\"720\" height=\"480\" \/><img alt=\"Valentina Gilabert habr\u00eda sido atacada a pu\u00f1aladas por a influencer Marianne N. Foto: Redes sociales\" loading=\"lazy\" width=\"720\" height=\"480\" decoding=\"async\" data-nimg=\"1\" style=\"color:transparent\" src=\"https:\/\/13.com.ar\/wp-content\/uploads\/2025\/02\/1738871146_29_Quien-es-la-influencer-acusada-de-atacar-de-12-punaladas.jpg\"\/><span class=\"epigraphe\">Valentina Gilabert habr\u00eda sido atacada a pu\u00f1aladas por a influencer Marianne N. Foto: Redes sociales<\/span><span class=\"bkg\"\/><span class=\"picture-open\"><button class=\"open-image\" aria-label=\"Open Image\"\/><\/span><\/picture><\/div>\n<div class=\"sc-80531b6b-0 chRIGJ container-text text-embed\">\n<p>Valentina Gilabert, conocida en redes como Valentine Gilabert, es una modelo que divide su tiempo <strong>entre la Ciudad de M\u00e9xico y Par\u00eds. <\/strong><\/p>\n<\/div>\n<div class=\"sc-80531b6b-0 chRIGJ container-text text-embed\">\n<p>Poco se sabe mucho sobre su vida privada, pero su nombre explot\u00f3 en la b\u00fasqueda despu\u00e9s de que se mencionara su nombre en el ataque a pu\u00f1aladas.<\/p>\n<\/div>\n<div class=\"sc-80531b6b-0 chRIGJ container-text text-embed\">\n<p>La joven forma parte de la agencia de modelos\u00a0<strong>New Icon Models Management<\/strong>, misma que tiene sedes en Nueva York, Per\u00fa, Guadalajara, Puebla y Quer\u00e9taro, refleja el medio <em>Milenio.<\/em><\/p>\n<\/div>\n<div class=\"sc-80531b6b-0 chRIGJ container-text text-embed\">\n<p>Por otro lado, la joven es representada por\u00a0<strong>International Talent Agency<\/strong>, que recientemente llam\u00f3 a que las autoridades mexicanas act\u00faen conforme al derecho para esclarecer lo sucedi\u00f3.<\/p>\n<\/div>\n<div class=\"sc-198be8ec-0 cynXbu image-embed  image-embed \"><picture class=\"sc-198be8ec-1 kOjRiQ\"><source media=\"(min-width: 975px)\" width=\"720\" height=\"480\" \/><img alt=\"El pedido de dadores de sangre para Valentina Gilabert, la joven modelo apu\u00f1alada. Foto: Redes sociales\" loading=\"lazy\" width=\"720\" height=\"480\" decoding=\"async\" data-nimg=\"1\" style=\"color:transparent\" src=\"https:\/\/13.com.ar\/wp-content\/uploads\/2025\/02\/1738871146_565_Quien-es-la-influencer-acusada-de-atacar-de-12-punaladas.jpg\"\/><span class=\"epigraphe\">El pedido de dadores de sangre para Valentina Gilabert, la joven modelo apu\u00f1alada. Foto: Redes sociales<\/span><span class=\"bkg\"\/><span class=\"picture-open\"><button class=\"open-image\" aria-label=\"Open Image\"\/><\/span><\/picture><\/div>\n<div class=\"sc-80531b6b-0 chRIGJ container-text text-embed\">\n<p>A su vez, se supo que los familiares de Valentine Gilabert est\u00e1n<strong> pidiendo donadores de sangre<\/strong> para la joven debido a\u00a0las graves heridas, tal como se puede ver en la publicaci\u00f3n que circula en redes.<\/p>\n<\/div>\n<\/div>\n<p><script async src=\"\/\/platform.twitter.com\/widgets.js\" charset=\"utf-8\"><\/script><br \/>\n<br \/><br \/>\n<br \/><a href=\"https:\/\/www.clarin.com\/internacional\/influencer-acusada-atacar-12-punaladas-novia-ex-joven-modelo_0_G8nIr2Nil0.html\">Fuente Clarin.com <\/a><\/p>\n","protected":false},"excerpt":{"rendered":"<p>La influencer Marianne &#8220;N&#8221; fue detenida tras ser acusada de aplicarle 12 pu\u00f1aladas a la novia de su expareja, la joven modelo Valentina Gilabert. C\u00f3mo sigue la causa y la salud de la v\u00edctima. La detenci\u00f3n Marianne Gonzaga , la presunta responsable fue confirmada por la Secretar\u00eda de Seguridad Ciudadana, a trav\u00e9s de una tarjeta [&hellip;]<\/p>\n","protected":false},"author":1,"featured_media":2661,"comment_status":"open","ping_status":"open","sticky":false,"template":"","format":"standard","meta":{"footnotes":""},"categories":[2],"tags":[4653,3475,4248,2842,844,2463,2007,3,73],"class_list":["post-2660","post","type-post","status-publish","format-standard","has-post-thumbnail","hentry","category-ultimas-noticias","tag-acusada","tag-atacar","tag-influencer","tag-joven","tag-modelo","tag-novia","tag-punaladas","tag-quien","tag-una"],"_links":{"self":[{"href":"https:\/\/13.com.ar\/index.php\/wp-json\/wp\/v2\/posts\/2660","targetHints":{"allow":["GET"]}}],"collection":[{"href":"https:\/\/13.com.ar\/index.php\/wp-json\/wp\/v2\/posts"}],"about":[{"href":"https:\/\/13.com.ar\/index.php\/wp-json\/wp\/v2\/types\/post"}],"author":[{"embeddable":true,"href":"https:\/\/13.com.ar\/index.php\/wp-json\/wp\/v2\/users\/1"}],"replies":[{"embeddable":true,"href":"https:\/\/13.com.ar\/index.php\/wp-json\/wp\/v2\/comments?post=2660"}],"version-history":[{"count":0,"href":"https:\/\/13.com.ar\/index.php\/wp-json\/wp\/v2\/posts\/2660\/revisions"}],"wp:featuredmedia":[{"embeddable":true,"href":"https:\/\/13.com.ar\/index.php\/wp-json\/wp\/v2\/media\/2661"}],"wp:attachment":[{"href":"https:\/\/13.com.ar\/index.php\/wp-json\/wp\/v2\/media?parent=2660"}],"wp:term":[{"taxonomy":"category","embeddable":true,"href":"https:\/\/13.com.ar\/index.php\/wp-json\/wp\/v2\/categories?post=2660"},{"taxonomy":"post_tag","embeddable":true,"href":"https:\/\/13.com.ar\/index.php\/wp-json\/wp\/v2\/tags?post=2660"}],"curies":[{"name":"wp","href":"https:\/\/api.w.org\/{rel}","templated":true}]}}