{"id":2658,"date":"2025-02-06T16:42:38","date_gmt":"2025-02-06T19:42:38","guid":{"rendered":"https:\/\/13.com.ar\/index.php\/cerraron-un-centro-de-acceso-gratuito-a-la-justicia-en-san-fernando\/"},"modified":"2025-02-06T16:42:38","modified_gmt":"2025-02-06T19:42:38","slug":"cerraron-un-centro-de-acceso-gratuito-a-la-justicia-en-san-fernando","status":"publish","type":"post","link":"https:\/\/13.com.ar\/index.php\/cerraron-un-centro-de-acceso-gratuito-a-la-justicia-en-san-fernando\/","title":{"rendered":"Cerraron un centro de acceso gratuito a la Justicia en San Fernando"},"content":{"rendered":"<p> <br \/>\n<br \/><img decoding=\"async\" src=\"https:\/\/13.com.ar\/wp-content\/uploads\/2025\/02\/Cerraron-un-centro-de-acceso-gratuito-a-la-Justicia-en.jpg\" \/><\/p>\n<div>\n<p>Los trabajadores del <strong>Centro de Acceso a la Justicia (CAJ)<\/strong> de <strong>San Fernando<\/strong> reclamaron por el cierre definitivo del organismo en un comunicado en donde agregaron que la \u201cdecisi\u00f3n se ejecut\u00f3 de manera deliberada, progresiva y cruel a lo largo del 2024\u201d.<\/p>\n<\/div>\n<div>\n<p>El espacio ofrec\u00eda gratuitamente a vecinos de la zona Norte el servicio de trabajadores sociales, psic\u00f3logos y abogados. Garantizaba el acceso a la justicia y los derechos fundamentales a quienes no pod\u00edan pagarlo. <\/p>\n<\/div>\n<div>\n<p>Desde la Municipalidad de <strong>San Fernando <\/strong>explicaron que el CAJ depende directamente del <strong>Gobierno de la Naci\u00f3n<\/strong>, que <strong>decidi\u00f3 el cierre<\/strong>. &#8220;Funcionaba en el Centro de Documentaci\u00f3n R\u00e1pida local y no depend\u00eda de la misma jefatura, pero fueron desmembrando todo. Lo primero que hicieron fue no renovar el contrato de alquiler, y entonces los trabajadores quedaron sin lugar f\u00edsico. Luego ellos fueron consiguiendo espacios prestados para trabajar hasta que finalmente los\u00a0dieron\u00a0de\u00a0baja&#8221;, relatan a <strong>Clar\u00edn<\/strong>.<\/p>\n<\/div>\n<div>\n<p>Los trabajadores relataron que &#8220;desde enero hasta diciembre de 2024, el equipo interdisciplinario sufri\u00f3 un constante desgaste, mientras los despidos se llevaron a cabo de manera escalonada\u201d. Y explicaron: \u201cEste proceso tortuoso se caracteriz\u00f3 por la falta de reemplazo de autoridades y la ausencia de una l\u00ednea coherente de trabajo con el Ministerio de Justicia a nivel nacional y culmin\u00f3 con el despido de la totalidad de sus trabajadores el d\u00eda 30 de diciembre pasado&#8221;.<\/p>\n<\/div>\n<div>\n<p>Por otro lado, hicieron hincapi\u00e9 en que desde su apertura en septiembre de 2015 el CAJ recepcion\u00f3 m\u00e1s de <strong>15.000 consultas<\/strong>, convirti\u00e9ndose en un referente local para el acceso a derechos y servicios esenciales.<\/p>\n<\/div>\n<div>\n<p>La creaci\u00f3n de un protocolo de intervenci\u00f3n en casos de violencia de g\u00e9nero, la conformaci\u00f3n de una red de trabajo interdisciplinario e interinstitucional en materia salud, educaci\u00f3n, seguridad, justicia y g\u00e9nero, son solo algunos de los <strong>logros conseguidos<\/strong> durante este tiempo. Tambi\u00e9n \u201cm\u00e1s de tres mil mediaciones comunitarias, resolviendo conflictos vecinales, cuestiones de cuota alimentaria, y r\u00e9gimen de comunicaci\u00f3n y relaci\u00f3n familiar\u201d.<\/p>\n<\/div>\n<div>\n<p>&#8220;El CAJ de San Fernando tambi\u00e9n se destac\u00f3 por su capacidad de articulaci\u00f3n federal, trabajando en conjunto con los otros 82 centros distribuidos por todo el pa\u00eds. Gracias a esta red, se resolvieron situaciones de personas nacidas en otras provincias que no pod\u00edan viajar para realizar tr\u00e1mites, un ejemplo concreto de federalismo y acceso igualitario a derechos&#8221; explicaron los trabajadores sobre el espacio a trav\u00e9s del comunicado.<\/p>\n<\/div>\n<div>\n<p>La disoluci\u00f3n de 81 <strong>Centros de Acceso a la Justicia<\/strong> fue una <strong>resoluci\u00f3n publicada a mediados del a\u00f1o 2024<\/strong>, donde se estableci\u00f3 que quedar\u00e1 un solo centro por provincia y se privilegiar\u00e1 la atenci\u00f3n remota. La decisi\u00f3n tomada desmantela un sistema de atenci\u00f3n legal primaria vinculado a descentralizar y derribar barreras geogr\u00e1ficas que enfrentan los grupos m\u00e1s vulnerabilizados de la sociedad.<\/p>\n<\/div>\n<div>\n<p>La atenci\u00f3n primaria que brindaban los centros satisfac\u00edan diferentes necesidades jur\u00eddicas cotidianas como el acceso a la documentaci\u00f3n personal, el asesoramiento en temas de familia o trabajo, asistencia a v\u00edctimas de delitos entre otras cuestiones. A pesar de ello, las autoridades a\u00fan no han anunciado medidas alternativas para cubrir esta ausencia, lo que genera una gran incertidumbre entre los vecinos que depend\u00edan del servicio.<\/p>\n<\/div>\n<p><br \/>\n<br \/><a href=\"https:\/\/www.clarin.com\/zonales\/cerraron-centro-acceso-gratuito-justicia-san-fernando_0_55hcuv7Cxf.html\">Fuente Clarin.com <\/a><\/p>\n","protected":false},"excerpt":{"rendered":"<p>Los trabajadores del Centro de Acceso a la Justicia (CAJ) de San Fernando reclamaron por el cierre definitivo del organismo en un comunicado en donde agregaron que la \u201cdecisi\u00f3n se ejecut\u00f3 de manera deliberada, progresiva y cruel a lo largo del 2024\u201d. El espacio ofrec\u00eda gratuitamente a vecinos de la zona Norte el servicio de [&hellip;]<\/p>\n","protected":false},"author":1,"featured_media":2659,"comment_status":"open","ping_status":"open","sticky":false,"template":"","format":"standard","meta":{"footnotes":""},"categories":[2],"tags":[1940,1601,4652,886,4097,964,451],"class_list":["post-2658","post","type-post","status-publish","format-standard","has-post-thumbnail","hentry","category-ultimas-noticias","tag-acceso","tag-centro","tag-cerraron","tag-fernando","tag-gratuito","tag-justicia","tag-san"],"_links":{"self":[{"href":"https:\/\/13.com.ar\/index.php\/wp-json\/wp\/v2\/posts\/2658","targetHints":{"allow":["GET"]}}],"collection":[{"href":"https:\/\/13.com.ar\/index.php\/wp-json\/wp\/v2\/posts"}],"about":[{"href":"https:\/\/13.com.ar\/index.php\/wp-json\/wp\/v2\/types\/post"}],"author":[{"embeddable":true,"href":"https:\/\/13.com.ar\/index.php\/wp-json\/wp\/v2\/users\/1"}],"replies":[{"embeddable":true,"href":"https:\/\/13.com.ar\/index.php\/wp-json\/wp\/v2\/comments?post=2658"}],"version-history":[{"count":0,"href":"https:\/\/13.com.ar\/index.php\/wp-json\/wp\/v2\/posts\/2658\/revisions"}],"wp:featuredmedia":[{"embeddable":true,"href":"https:\/\/13.com.ar\/index.php\/wp-json\/wp\/v2\/media\/2659"}],"wp:attachment":[{"href":"https:\/\/13.com.ar\/index.php\/wp-json\/wp\/v2\/media?parent=2658"}],"wp:term":[{"taxonomy":"category","embeddable":true,"href":"https:\/\/13.com.ar\/index.php\/wp-json\/wp\/v2\/categories?post=2658"},{"taxonomy":"post_tag","embeddable":true,"href":"https:\/\/13.com.ar\/index.php\/wp-json\/wp\/v2\/tags?post=2658"}],"curies":[{"name":"wp","href":"https:\/\/api.w.org\/{rel}","templated":true}]}}