{"id":2656,"date":"2025-02-06T16:25:10","date_gmt":"2025-02-06T19:25:10","guid":{"rendered":"https:\/\/13.com.ar\/index.php\/el-arroyo-sarandi-presento-un-alarmante-color-rojo-y-hay-preocupacion-entre-los-vecinos\/"},"modified":"2025-02-06T16:25:10","modified_gmt":"2025-02-06T19:25:10","slug":"el-arroyo-sarandi-presento-un-alarmante-color-rojo-y-hay-preocupacion-entre-los-vecinos","status":"publish","type":"post","link":"https:\/\/13.com.ar\/index.php\/el-arroyo-sarandi-presento-un-alarmante-color-rojo-y-hay-preocupacion-entre-los-vecinos\/","title":{"rendered":"el arroyo Sarand\u00ed present\u00f3 un alarmante color rojo y hay preocupaci\u00f3n entre los vecinos"},"content":{"rendered":"<p> <br \/>\n<br \/><img decoding=\"async\" src=\"https:\/\/13.com.ar\/wp-content\/uploads\/2025\/02\/el-arroyo-Sarandi-presento-un-alarmante-color-rojo-y-hay.jpg\" \/><\/p>\n<div>\n<p><strong>Una alarmante imagen del arroyo Sarand\u00ed<\/strong>, en el partido de Avellaneda, preocup\u00f3 en las \u00faltimas horas a los vecinos. <strong>El color del agua, completamente te\u00f1ida de rojo<\/strong>, despert\u00f3 la alarma y las denuncias por los altos niveles de sustancias t\u00f3xicas.<\/p>\n<\/div>\n<div>\n<p>En redes sociales se replicaron los videos del arroyo a la altura de Villa Inflamable. &#8220;Mi marido sali\u00f3 de nuestra casa y me dijo que estaba todo rojo. Si bien es rojo, otras veces fue amarillo, con un olor \u00e1cido que nos hace mal hasta en la garganta. Vivo a una cuadra del arroyo. Hoy, olor no tiene. No hay muchas f\u00e1bricas en la zona, aunque s\u00ed dep\u00f3sitos&#8221;, expres\u00f3 Silvia, una vecina.<\/p>\n<\/div>\n<div>\n<p>&#8220;En otros d\u00edas tuvimos una espesa amarilla que dej\u00f3 la parte de arriba dura y un olor \u00e1cido. Igualmente, en la canilla no tengo problema y hay agua potable&#8221;, agreg\u00f3 la mujer en di\u00e1logo con C5N.<\/p>\n<\/div>\n<div>\n<p>El arroyo Sarand\u00ed es un curso de agua entubado en un 80% de su cause que desemboca en el R\u00edo de la Plata.<\/p>\n<\/div>\n<div>\n<p>Este jueves por la tarde, camionetas del Laboratorio de Ambiente M\u00f3vil del Gobierno bonaerense se acercaron a la zona y personal tom\u00f3 muestras para analizarlas.<\/p>\n<\/div>\n<div>\n<p>Los vecinos apuntan a las empresas ubicadas en la zona por el da\u00f1o ambiental. Seg\u00fan denuncian, arrojan desechos industriales al arroyo, que provocan la alteraci\u00f3n en la coloraci\u00f3n del agua y malos olores.<\/p>\n<\/div>\n<p><br \/>\n<br \/><a href=\"https:\/\/www.clarin.com\/sociedad\/avellaneda-arroyo-sarandi-presento-alarmante-color-rojo-preocupacion-vecinos_0_cCPWVTzhaq.html\">Fuente Clarin.com <\/a><\/p>\n","protected":false},"excerpt":{"rendered":"<p>Una alarmante imagen del arroyo Sarand\u00ed, en el partido de Avellaneda, preocup\u00f3 en las \u00faltimas horas a los vecinos. El color del agua, completamente te\u00f1ida de rojo, despert\u00f3 la alarma y las denuncias por los altos niveles de sustancias t\u00f3xicas. En redes sociales se replicaron los videos del arroyo a la altura de Villa Inflamable. [&hellip;]<\/p>\n","protected":false},"author":1,"featured_media":2657,"comment_status":"open","ping_status":"open","sticky":false,"template":"","format":"standard","meta":{"footnotes":""},"categories":[2],"tags":[1561,3354,4651,351,942,28,1968,2351,2698,4650,2144],"class_list":["post-2656","post","type-post","status-publish","format-standard","has-post-thumbnail","hentry","category-ultimas-noticias","tag-alarmante","tag-arroyo","tag-color","tag-entre","tag-hay","tag-los","tag-preocupacion","tag-presento","tag-rojo","tag-sarandi","tag-vecinos"],"_links":{"self":[{"href":"https:\/\/13.com.ar\/index.php\/wp-json\/wp\/v2\/posts\/2656","targetHints":{"allow":["GET"]}}],"collection":[{"href":"https:\/\/13.com.ar\/index.php\/wp-json\/wp\/v2\/posts"}],"about":[{"href":"https:\/\/13.com.ar\/index.php\/wp-json\/wp\/v2\/types\/post"}],"author":[{"embeddable":true,"href":"https:\/\/13.com.ar\/index.php\/wp-json\/wp\/v2\/users\/1"}],"replies":[{"embeddable":true,"href":"https:\/\/13.com.ar\/index.php\/wp-json\/wp\/v2\/comments?post=2656"}],"version-history":[{"count":0,"href":"https:\/\/13.com.ar\/index.php\/wp-json\/wp\/v2\/posts\/2656\/revisions"}],"wp:featuredmedia":[{"embeddable":true,"href":"https:\/\/13.com.ar\/index.php\/wp-json\/wp\/v2\/media\/2657"}],"wp:attachment":[{"href":"https:\/\/13.com.ar\/index.php\/wp-json\/wp\/v2\/media?parent=2656"}],"wp:term":[{"taxonomy":"category","embeddable":true,"href":"https:\/\/13.com.ar\/index.php\/wp-json\/wp\/v2\/categories?post=2656"},{"taxonomy":"post_tag","embeddable":true,"href":"https:\/\/13.com.ar\/index.php\/wp-json\/wp\/v2\/tags?post=2656"}],"curies":[{"name":"wp","href":"https:\/\/api.w.org\/{rel}","templated":true}]}}