{"id":2652,"date":"2025-02-06T16:15:44","date_gmt":"2025-02-06T19:15:44","guid":{"rendered":"https:\/\/13.com.ar\/index.php\/en-sintonia-con-nacion-jorge-macri-achica-el-area-de-genero-en-la-ciudad\/"},"modified":"2025-02-06T16:15:44","modified_gmt":"2025-02-06T19:15:44","slug":"en-sintonia-con-nacion-jorge-macri-achica-el-area-de-genero-en-la-ciudad","status":"publish","type":"post","link":"https:\/\/13.com.ar\/index.php\/en-sintonia-con-nacion-jorge-macri-achica-el-area-de-genero-en-la-ciudad\/","title":{"rendered":"En sinton\u00eda con Naci\u00f3n, Jorge Macri achica el \u00e1rea de g\u00e9nero en la ciudad"},"content":{"rendered":"<p> <br \/>\n<br \/><img decoding=\"async\" src=\"https:\/\/13.com.ar\/wp-content\/uploads\/2025\/02\/En-sintonia-con-Nacion-Jorge-Macri-achica-el-area-de.jpg\" \/><\/p>\n<div>\n<p>En consonancia con Naci\u00f3n, el gobierno porte\u00f1o decidi\u00f3 <strong>degradar el \u00e1rea de g\u00e9nero<\/strong> y la Subsecretar\u00eda de la Mujer ahora ser\u00e1 Direcci\u00f3n General. La explicaci\u00f3n de la desjerarquizaci\u00f3n es que se da en el marco de <strong>un achique general que pretende ahorrar unos 13 mil millones de pesos. <\/strong><\/p>\n<\/div>\n<div>\n<p>&#8220;Achicamos estructura en GCBA y <strong>redefinimos prioridades<\/strong> y la Subsecretar\u00eda de la Mujer baja a rango de Direcci\u00f3n General. Es parte de la readecuaci\u00f3n de estructura&#8221;, aseguraron fuentes del gobierno porte\u00f1o. Ninguna autoridad especific\u00f3 qu\u00e9 parte del ahorro corresponde a g\u00e9nero y por qu\u00e9 se tom\u00f3 esta decisi\u00f3n.<\/p>\n<\/div>\n<div>\n<p>Lo cierto es que la Direcci\u00f3n de la Mujer queda bajo la \u00f3rbita de la vicejefatura de gabinete, a cargo de <strong>Clara Muzzio, reconocida &#8220;pa\u00f1uelo celeste&#8221; que se opone al aborto<\/strong>. D\u00edas atr\u00e1s, la funcionaria subi\u00f3 en redes sociales una captura del presidente de los Estados Unidos, Donald Trump, con la frase &#8220;hay solo dos g\u00e9neros: masculino y femenino&#8221;. <\/p>\n<\/div>\n<div>\n<p>Muzzio tambi\u00e9n batalla contra la baja de la natalidad y <strong>est\u00e1 revisando personalmente los programas de Educaci\u00f3n Sexual Integral (ESI)<\/strong> de la ciudad. Por el contrario, quien estaba a cargo de la subsecretar\u00eda de la Mujer porte\u00f1a -ya desvinculada del \u00e1rea- era <strong>Carolina Barone, polit\u00f3loga y reconocida feminista.<\/strong> Barone seguir\u00e1 al frente del \u00e1rea de Mujeres del PRO.<\/p>\n<\/div>\n<div>\n<p>Hab\u00eda sido el propio Jefe de Gobierno, Jorge Macri, quien al asumir en diciembre de 2023  jerarquiz\u00f3 el \u00e1rea y nombr\u00f3 a Barone a cargo de la subsecretar\u00eda, que sorpresivamente desarm\u00f3 tan solo un a\u00f1o despu\u00e9s. <strong>La medida parece ir de la mano con las pol\u00edticas antig\u00e9nero que impone el gobierno libertario en Naci\u00f3n. <\/strong><\/p>\n<\/div>\n<div>\n<p>&#8220;La reforma institucional busca optimizar los recursos de la Ciudad y adecuar la estructura de gobierno para que responda a las necesidades actuales, y evitar la superposici\u00f3n o duplicaci\u00f3n de roles o funciones. <strong>Estas medidas representan un ahorro de $13.319 millones<\/strong>&#8220;, explican desde el gobierno porte\u00f1o. Pero no detallan nada m\u00e1s.<\/p>\n<\/div>\n<div>\n<p>Preguntas que <strong>Clar\u00edn<\/strong> le hizo a Muzzio y la funcionaria no quiso responder: \u00bfPor qu\u00e9 Jorge Macri jerarquiz\u00f3 al \u00e1rea de g\u00e9nero y ahora la desjerarquiza? \u00bfCu\u00e1nto dinero ahorran y cu\u00e1ntos trabajadores quedar\u00e1n sin empleo? \u00bfPor qu\u00e9 desvincularon a Barone? \u00bfEl gobierno porte\u00f1o busca parecerse a Milei? \u00bfPor qu\u00e9 est\u00e1 en contra de la Educaci\u00f3n Sexual Integral? <\/p>\n<\/div>\n<div>\n<p>Extra\u00f1amente, el \u00e1rea de &#8220;Abordaje a las Violencias por Motivos de G\u00e9nero&#8221; no depende de la Direcci\u00f3n General de la Mujer sino del Ministerio de Desarrollo Humano y H\u00e1bitat. Seg\u00fan explican, seguir\u00e1 con sus funciones aunque <strong>le cambiar\u00e1n el nombre: van a sacar &#8220;por motivos de g\u00e9nero&#8221;.<\/strong><\/p>\n<\/div>\n<div>\n<p><strong>La l\u00ednea de ayuda 144 recibi\u00f3 52902 llamadas en 2024.<\/strong> Fueron atendidas por 28 operadoras. Es decir, cada trabajadora intervino en 1.890 llamadas el \u00faltimo a\u00f1o. En los 20 Centros Integrales de la Mujer que hay en la ciudad se recibieron a<strong> 45.951 mujeres por situaciones de violencia de g\u00e9nero. <\/strong>Tambi\u00e9n entregaron m\u00e1s de <strong>23.638 botones de p\u00e1nico<\/strong>. Parecer\u00eda que el gobierno porte\u00f1o decidi\u00f3 seguir atendiendo las consecuencias de la desigualdad de g\u00e9nero -la violencia-, pero no sus causas. <\/p>\n<\/div>\n<p><br \/>\n<br \/><a href=\"https:\/\/www.clarin.com\/sociedad\/sintonia-nacion-jorge-macri-achica-area-genero-ciudad_0_spQ1rZHdVB.html\">Fuente Clarin.com <\/a><\/p>\n","protected":false},"excerpt":{"rendered":"<p>En consonancia con Naci\u00f3n, el gobierno porte\u00f1o decidi\u00f3 degradar el \u00e1rea de g\u00e9nero y la Subsecretar\u00eda de la Mujer ahora ser\u00e1 Direcci\u00f3n General. La explicaci\u00f3n de la desjerarquizaci\u00f3n es que se da en el marco de un achique general que pretende ahorrar unos 13 mil millones de pesos. &#8220;Achicamos estructura en GCBA y redefinimos prioridades [&hellip;]<\/p>\n","protected":false},"author":1,"featured_media":2653,"comment_status":"open","ping_status":"open","sticky":false,"template":"","format":"standard","meta":{"footnotes":""},"categories":[2],"tags":[4645,4646,984,18,630,876,1109,1240,4644],"class_list":["post-2652","post","type-post","status-publish","format-standard","has-post-thumbnail","hentry","category-ultimas-noticias","tag-achica","tag-area","tag-ciudad","tag-con","tag-genero","tag-jorge","tag-macri","tag-nacion","tag-sintonia"],"_links":{"self":[{"href":"https:\/\/13.com.ar\/index.php\/wp-json\/wp\/v2\/posts\/2652","targetHints":{"allow":["GET"]}}],"collection":[{"href":"https:\/\/13.com.ar\/index.php\/wp-json\/wp\/v2\/posts"}],"about":[{"href":"https:\/\/13.com.ar\/index.php\/wp-json\/wp\/v2\/types\/post"}],"author":[{"embeddable":true,"href":"https:\/\/13.com.ar\/index.php\/wp-json\/wp\/v2\/users\/1"}],"replies":[{"embeddable":true,"href":"https:\/\/13.com.ar\/index.php\/wp-json\/wp\/v2\/comments?post=2652"}],"version-history":[{"count":0,"href":"https:\/\/13.com.ar\/index.php\/wp-json\/wp\/v2\/posts\/2652\/revisions"}],"wp:featuredmedia":[{"embeddable":true,"href":"https:\/\/13.com.ar\/index.php\/wp-json\/wp\/v2\/media\/2653"}],"wp:attachment":[{"href":"https:\/\/13.com.ar\/index.php\/wp-json\/wp\/v2\/media?parent=2652"}],"wp:term":[{"taxonomy":"category","embeddable":true,"href":"https:\/\/13.com.ar\/index.php\/wp-json\/wp\/v2\/categories?post=2652"},{"taxonomy":"post_tag","embeddable":true,"href":"https:\/\/13.com.ar\/index.php\/wp-json\/wp\/v2\/tags?post=2652"}],"curies":[{"name":"wp","href":"https:\/\/api.w.org\/{rel}","templated":true}]}}