{"id":2648,"date":"2025-02-06T15:19:36","date_gmt":"2025-02-06T18:19:36","guid":{"rendered":"https:\/\/13.com.ar\/index.php\/nestle-para-por-un-mes-su-planta-en-cordoba-por-la-caida-del-consumo-y-las-exportaciones\/"},"modified":"2025-02-06T15:19:36","modified_gmt":"2025-02-06T18:19:36","slug":"nestle-para-por-un-mes-su-planta-en-cordoba-por-la-caida-del-consumo-y-las-exportaciones","status":"publish","type":"post","link":"https:\/\/13.com.ar\/index.php\/nestle-para-por-un-mes-su-planta-en-cordoba-por-la-caida-del-consumo-y-las-exportaciones\/","title":{"rendered":"Nestl\u00e9 para por un mes su planta en C\u00f3rdoba por la ca\u00edda del consumo y las exportaciones"},"content":{"rendered":"<p> <br \/>\n<\/p>\n<div id=\"cuerpo\">\n<div class=\"sc-80531b6b-0 chRIGJ container-text text-embed\">\n<p><strong>En marzo, Nestl\u00e9 frenar\u00e1 su planta de Villa Nueva, en C\u00f3rdoba<\/strong>, donde fabrica distintos tipos de leches, lo que afectar\u00e1 a <strong>183 trabajadores <\/strong>que se tomar\u00e1n vacaciones en ese per\u00edodo.<\/p>\n<\/div>\n<div class=\"sc-80531b6b-0 chRIGJ container-text text-embed\">\n<p>La instalaci\u00f3n, ubicada a 150 kil\u00f3metros de la capital provincial y que se abastece en un 100% de energ\u00eda renovable, produce las marcas <strong>Nido <\/strong>y <strong>Nesquik<\/strong>. <strong>Elabora leche en polvo entera, instant\u00e1nea, descremada y las <em>Ultra-High Temperature (<\/em>UHT)<\/strong>, un tratamiento t\u00e9rmico que produce leche esterilizada.<\/p>\n<\/div>\n<div class=\"sc-80531b6b-0 chRIGJ container-text text-embed\">\n<p>Esta f\u00e1brica, que cumpli\u00f3 30 a\u00f1os en 2024 operando en la misma ubicaci\u00f3n \u2212en las cuatro d\u00e9cadas anteriores lo hab\u00eda hecho en otro domicilio de Villa Nueva\u2212, <strong>es la tercera en el mundo de Nestl\u00e9 en elaborar f\u00f3rmulas infantiles con el formato UHT<\/strong>.<\/p>\n<\/div>\n<div class=\"sc-80531b6b-0 chRIGJ container-text text-embed\">\n<p>En ese sentido, en 2019 y con una inversi\u00f3n de m\u00e1s de <strong>$ 480 millones<\/strong> para adquirir una nueva nave de esterilizaci\u00f3n, inaugur\u00f3 una l\u00ednea de producci\u00f3n all\u00ed para ingresar en la <strong>elaboraci\u00f3n de leche en segmentos de valor agregado<\/strong>.<\/p>\n<\/div>\n<div class=\"sc-80531b6b-0 chRIGJ container-text text-embed\">\n<p>\u201c<strong>Se est\u00e1 programando la suspensi\u00f3n temporaria<\/strong> de la producci\u00f3n durante marzo, debido a <strong>la necesidad de reducir los vol\u00famenes de producci\u00f3n<\/strong> principalmente por una <strong>baja en las exportaciones<\/strong> y una adecuaci\u00f3n a la demanda local\u201d, le explic\u00f3 a <strong>Clar\u00edn <\/strong>la compa\u00f1\u00eda que cumple 95 a\u00f1os de actividad en el pa\u00eds. La f\u00e1brica exporta 80% de lo que elabora.<\/p>\n<\/div>\n<div class=\"sc-80531b6b-0 chRIGJ container-text text-embed\">\n<p>\u201cLa planta est\u00e1 procediendo a realizar la <strong>asignaci\u00f3n pendiente del goce de vacaciones a sus colaboradores<\/strong>, correspondiente al periodo de 2024, e inform\u00e1ndoselos con los 45 d\u00edas de anticipaci\u00f3n requeridos por la legislaci\u00f3n vigente, agreg\u00f3.<\/p>\n<\/div>\n<div class=\"sc-80531b6b-0 chRIGJ container-text text-embed\">\n<p>Y remarc\u00f3 que \u201c<strong>la medida es de car\u00e1cter temporal y hasta finales de marzo<\/strong>, y tiene como objetivo principal minimizar el impacto para los colaboradores, la operaci\u00f3n de la f\u00e1brica y la cadena de valor\u201d.<\/p>\n<\/div>\n<div class=\"sc-198be8ec-0 cynXbu image-embed  image-embed \"><picture class=\"sc-198be8ec-1 kOjRiQ\"><source media=\"(min-width: 975px)\" width=\"720\" height=\"480\" \/><img alt=\"Nestl\u00e9 asegura que \u201cla medida es de car\u00e1cter temporal y hasta finales de marzo\u201d. Foto: Nestl\u00e9\" loading=\"lazy\" width=\"720\" height=\"480\" decoding=\"async\" data-nimg=\"1\" style=\"color:transparent\" src=\"https:\/\/13.com.ar\/wp-content\/uploads\/2025\/02\/Nestle-para-por-un-mes-su-planta-en-Cordoba-por.jpg\"\/><span class=\"epigraphe\">Nestl\u00e9 asegura que \u201cla medida es de car\u00e1cter temporal y hasta finales de marzo\u201d. Foto: Nestl\u00e9<\/span><span class=\"bkg\"\/><span class=\"picture-open\"><button class=\"open-image\" aria-label=\"Open Image\"\/><\/span><\/picture><\/div>\n<div class=\"sc-80531b6b-0 chRIGJ container-text text-embed\">\n<p>En el periodo 2022-2024, la multinacional de origen suizo le hab\u00eda anunciado al Gobierno <strong>inversiones por US$ 120 millones para la Argentina<\/strong> para incrementar sus exportaciones, ampliar su infraestructura y trabajar en sustentabilidad y agricultura regenerativa.<\/p>\n<\/div>\n<div class=\"sc-80531b6b-0 chRIGJ container-text text-embed\">\n<p>Pero sufri\u00f3 la baja del consumo del a\u00f1o pasado, con <strong>una ca\u00edda de las ventas en casi todas sus unidades<\/strong> <strong>de negocio<\/strong>. El mejor desempe\u00f1o lo tuvieron las <strong>c\u00e1psulas de caf\u00e9 de Nescaf\u00e9<\/strong>, rubro que crece por la b\u00fasqueda de caf\u00e9 premium y de especialidad por parte de consumidores que pueden pagar m\u00e1s para darse un gusto.<\/p>\n<\/div>\n<div class=\"sc-80531b6b-0 chRIGJ container-text text-embed\">\n<p>El portafolio de Nestl\u00e9 en la Argentina incluye las marcas de aguas <strong>Eco de los Andes<\/strong> y <strong>Glaciar<\/strong> en un <em>joint venture<\/em> (empresa conjunta) con Cervecer\u00eda y Malter\u00eda Quilmes; los l\u00e1cteos <strong>Nido<\/strong>, <strong>Svelty <\/strong>y <strong>La Lechera<\/strong>; las l\u00edneas de nutrici\u00f3n infantil <strong>Nidina <\/strong>y <strong>Nestum<\/strong>; los caf\u00e9s <strong>Nescaf\u00e9<\/strong>, <strong>Nescaf\u00e9 Dolce Gusto<\/strong>, <strong>Starbucks at Home <\/strong>y <strong>Nespresso<\/strong>; los chocolates <strong>Nestl\u00e9<\/strong>, <strong>KitKat<\/strong>, <strong>Garoto<\/strong>, <strong>Bananita Dolca<\/strong> y<strong> After Eight<\/strong>; las leches condensadas<strong> Nestl\u00e9<\/strong>, los pur\u00e9s <strong>Maggi<\/strong> y <strong>Nestl\u00e9 Chef<\/strong>; los cereales <strong>Nesquik<\/strong>, <strong>Trix<\/strong> y <strong>Nesfit<\/strong>; los suplementos nutricionales <strong>Boost<\/strong>; y los alimentos balanceados <strong>Purina<\/strong>, con <strong>ProPlan<\/strong>, <strong>Excellent, Purina One, Dow Chow, Cat Chow <\/strong>y <strong>Dogui<\/strong>, entre otros. <\/p>\n<\/div>\n<div class=\"sc-80531b6b-0 chRIGJ container-text text-embed\">\n<p>El <strong>Sindicato de Trabajadores de la Industria de la Alimentaci\u00f3n (STIA)<\/strong> denunci\u00f3 un sobre-stock de productos por \u201clas <strong>dificultades para colocarlos en el mercado<\/strong> ante un panorama de baja demanda\u201d. Y adelant\u00f3 que espera la intermediaci\u00f3n del Ministerio de Trabajo para que las partes lleguen a un acuerdo. <\/p>\n<\/div>\n<div class=\"sc-80531b6b-0 chRIGJ container-text text-embed\">\n<p>Con operaciones desde 1930 en la Argentina, <strong>Nestl\u00e9 tiene otras seis f\u00e1bricas en el pa\u00eds<\/strong>, ubicadas en la provincia de Buenos Aires (en Magdalena, Luj\u00e1n y Moreno), Santa Fe (en Firmat y Santo Tom\u00e9) y Mendoza (en Tunuy\u00e1n); junto con <strong>ocho centros de distribuci\u00f3n y oficinas<\/strong>, donde trabajan <strong>2.300 empleados<\/strong>.<\/p>\n<\/div>\n<\/div>\n<p><br \/>\n<br \/><a href=\"https:\/\/www.clarin.com\/economia\/nestle-mes-planta-cordoba-caida-consumo-exportaciones_0_snJXAs81Fl.html\">Fuente Clarin.com <\/a><\/p>\n","protected":false},"excerpt":{"rendered":"<p>En marzo, Nestl\u00e9 frenar\u00e1 su planta de Villa Nueva, en C\u00f3rdoba, donde fabrica distintos tipos de leches, lo que afectar\u00e1 a 183 trabajadores que se tomar\u00e1n vacaciones en ese per\u00edodo. La instalaci\u00f3n, ubicada a 150 kil\u00f3metros de la capital provincial y que se abastece en un 100% de energ\u00eda renovable, produce las marcas Nido y [&hellip;]<\/p>\n","protected":false},"author":1,"featured_media":2649,"comment_status":"open","ping_status":"open","sticky":false,"template":"","format":"standard","meta":{"footnotes":""},"categories":[2],"tags":[1953,2524,572,100,1614,48,196,4641,16,1889,142],"class_list":["post-2648","post","type-post","status-publish","format-standard","has-post-thumbnail","hentry","category-ultimas-noticias","tag-caida","tag-consumo","tag-cordoba","tag-del","tag-exportaciones","tag-las","tag-mes","tag-nestle","tag-para","tag-planta","tag-por"],"_links":{"self":[{"href":"https:\/\/13.com.ar\/index.php\/wp-json\/wp\/v2\/posts\/2648","targetHints":{"allow":["GET"]}}],"collection":[{"href":"https:\/\/13.com.ar\/index.php\/wp-json\/wp\/v2\/posts"}],"about":[{"href":"https:\/\/13.com.ar\/index.php\/wp-json\/wp\/v2\/types\/post"}],"author":[{"embeddable":true,"href":"https:\/\/13.com.ar\/index.php\/wp-json\/wp\/v2\/users\/1"}],"replies":[{"embeddable":true,"href":"https:\/\/13.com.ar\/index.php\/wp-json\/wp\/v2\/comments?post=2648"}],"version-history":[{"count":0,"href":"https:\/\/13.com.ar\/index.php\/wp-json\/wp\/v2\/posts\/2648\/revisions"}],"wp:featuredmedia":[{"embeddable":true,"href":"https:\/\/13.com.ar\/index.php\/wp-json\/wp\/v2\/media\/2649"}],"wp:attachment":[{"href":"https:\/\/13.com.ar\/index.php\/wp-json\/wp\/v2\/media?parent=2648"}],"wp:term":[{"taxonomy":"category","embeddable":true,"href":"https:\/\/13.com.ar\/index.php\/wp-json\/wp\/v2\/categories?post=2648"},{"taxonomy":"post_tag","embeddable":true,"href":"https:\/\/13.com.ar\/index.php\/wp-json\/wp\/v2\/tags?post=2648"}],"curies":[{"name":"wp","href":"https:\/\/api.w.org\/{rel}","templated":true}]}}