{"id":26467,"date":"2025-05-19T18:56:45","date_gmt":"2025-05-19T21:56:45","guid":{"rendered":"https:\/\/13.com.ar\/index.php\/el-cereal-sin-gluten-que-retrasa-el-envejecimiento-y-mejora-la-memoria\/"},"modified":"2025-05-19T18:56:45","modified_gmt":"2025-05-19T21:56:45","slug":"el-cereal-sin-gluten-que-retrasa-el-envejecimiento-y-mejora-la-memoria","status":"publish","type":"post","link":"https:\/\/13.com.ar\/index.php\/el-cereal-sin-gluten-que-retrasa-el-envejecimiento-y-mejora-la-memoria\/","title":{"rendered":"el cereal sin gluten que retrasa el envejecimiento y mejora la memoria"},"content":{"rendered":"<p> <br \/>\n<br \/><img decoding=\"async\" src=\"https:\/\/13.com.ar\/wp-content\/uploads\/2025\/05\/el-cereal-sin-gluten-que-retrasa-el-envejecimiento-y-mejora.jpg\" \/><\/p>\n<div id=\"element-body-0\">\n<p>Comer <strong>cereales <\/strong>es una buena opci\u00f3n porque brindan m\u00faltiples beneficios para la salud. Los granos integrales aportan fibra, vitaminas, minerales y otros nutrientes, pero hay uno fuera de rada que ayuda a <strong>combatir en envejecimiento y mejorar la memoria. <\/strong><\/p>\n<\/div>\n<div id=\"element-body-1\">\n<p>&#8220;Los granos son las semillas de las hierbas cultivadas para usarse como alimento (cereales). Cada grano o semilla est\u00e1 compuesto por tres partes&#8221;, describe <strong>Cl\u00ednica Mayo<\/strong>, entidad sin \u00e1nimo de lucro dedicada a la pr\u00e1ctica cl\u00ednica, la educaci\u00f3n y la investigaci\u00f3n. Y enumera: <\/p>\n<\/div>\n<div id=\"element-body-5\">\n<p>Tanto la quinoa como la avena se convirtieron en aliados complementarios en cualquier plan alimenticio saludable, pero queda claro que no son los \u00fanicos. Existe uno <strong>sin gluten<\/strong> de similar origen que se diferencia por una composici\u00f3n<strong> <\/strong>rica en flavonoides y otros nutrientes esenciales.<strong> Se trata de la ca\u00f1ihua o ka\u00f1iwa.<\/strong><\/p>\n<\/div>\n<div id=\"element-body-7\">\n<p>La ca\u00f1ihua o ka\u00f1iwa una semilla r\u00fastica nativa del altiplano andino, en pa\u00edses como <strong>Per\u00fa y Bolivia<\/strong>. Su nombre cient\u00edfico es <em>Chenopodium pallidicaule<\/em>, y pertenece al mismo g\u00e9nero de la quinoa. Por lo tanto, se la suele comparar con esta semilla, aunque la supera en nutrientes, explican desde <em>Mejor con Salud.<\/em><\/p>\n<\/div>\n<div id=\"element-body-9\">\n<p>La ca\u00f1ihua es una semilla con propiedades de grano que crece a grandes alturas. Su cultivo se realiza entre los <strong>3600 y los 4500 metros sobre el nivel del mar<\/strong>. En Bolivia, a orillas del lago Titicaca y sus afluentes.<\/p>\n<\/div>\n<div id=\"element-body-10\">\n<p>Con m\u00e1s de 300 variedades, la morada es la m\u00e1s nutritiva de todas las opciones de ka\u00f1iwa, puesto que contiene <strong>grandes cantidades de minerales como hierro y calcio, <\/strong>adem\u00e1s de<strong> vitaminas B2 y B3.<\/strong><\/p>\n<\/div>\n<div id=\"element-body-11\">\n<p>Se la considera un <strong>superalimento<\/strong>, la ca\u00f1ihua aporta un alt\u00edsimo valor nutricional en peque\u00f1as dosis, destacando sus <strong>flavonoides y fenoles antioxidantes que combaten el envejecimiento celular.<\/strong><\/p>\n<\/div>\n<div id=\"element-body-12\">\n<p>Tambi\u00e9n <strong>contribuye a la digesti\u00f3n<\/strong>, dado que es muy rico en fibra, equilibra la funci\u00f3n intestinal, ayudando a eliminar toxinas del organismo y favoreciendo la <strong>p\u00e9rdida de peso<\/strong> por su efecto saciante.<\/p>\n<\/div>\n<div id=\"element-body-14\">\n<p>Debido a sus<strong> \u00e1cidos grasos omega-3<\/strong>, este cereal protege contra el desarrollo de enfermedades cardiovasculares, reduce los niveles de colesterol en sangre y sus fotoqu\u00edmicos controlan tanto el az\u00facar en sangre como la hipertensi\u00f3n.<\/p>\n<\/div>\n<div id=\"element-body-15\">\n<p>Por otro lado, suele ser recomendado para <strong>aumentar la masa muscular y fortalecer el sistema \u00f3seo<\/strong>, al tiempo que su elevado contenido en prote\u00ednas de calidad y \u00e1cidos grasos saludables <strong>potencia la memoria.<\/strong><\/p>\n<\/div>\n<div id=\"element-body-17\">\n<p>Algunas ideas para poder incorporar la ca\u00f1ihua a la dieta son las siguientes:<\/p>\n<\/div>\n<div id=\"element-body-18\">\n<p><strong>Desayuno. <\/strong>Agregar una porci\u00f3n al l\u00e1cteo de que se consume a la ma\u00f1ana. Puede ser leche o de yogur, ya que su sabor posee un ligero dulzor que se adapta a esta instancia del d\u00eda. <\/p>\n<\/div>\n<div id=\"element-body-19\">\n<p><strong>Ensaladas. <\/strong>Como semilla se puede sumar a<strong> <\/strong>salteados de verduras diversas. Combina muy bien con el br\u00f3coli, la palta, el tomate y los champi\u00f1ones.<\/p>\n<\/div>\n<div id=\"element-body-21\">\n<p><strong>Sopas y guisos: <\/strong>Una opci\u00f3n que se suele dar en regiones andinas.  Tambi\u00e9n a platos con arroz.<\/p>\n<\/div>\n<div id=\"element-body-22\">\n<p><strong>Ensalada de frutas. <\/strong>Puede incluirse en el postre, como en ensaladas de frutas con peras y manzanas.<\/p>\n<\/div>\n<p><br \/>\n<br \/><a href=\"https:\/\/www.clarin.com\/internacional\/avena-quinoa-cereal-gluten-retrasa-envejecimiento-mejora-memoria_0_ZOxHnyo6Fg.html\">Fuente Clarin.com <\/a><\/p>\n","protected":false},"excerpt":{"rendered":"<p>Comer cereales es una buena opci\u00f3n porque brindan m\u00faltiples beneficios para la salud. Los granos integrales aportan fibra, vitaminas, minerales y otros nutrientes, pero hay uno fuera de rada que ayuda a combatir en envejecimiento y mejorar la memoria. &#8220;Los granos son las semillas de las hierbas cultivadas para usarse como alimento (cereales). Cada grano [&hellip;]<\/p>\n","protected":false},"author":1,"featured_media":26468,"comment_status":"open","ping_status":"open","sticky":false,"template":"","format":"standard","meta":{"footnotes":""},"categories":[2],"tags":[18609,5673,11337,1000,2526,10643,882],"class_list":["post-26467","post","type-post","status-publish","format-standard","has-post-thumbnail","hentry","category-ultimas-noticias","tag-cereal","tag-envejecimiento","tag-gluten","tag-mejora","tag-memoria","tag-retrasa","tag-sin"],"_links":{"self":[{"href":"https:\/\/13.com.ar\/index.php\/wp-json\/wp\/v2\/posts\/26467","targetHints":{"allow":["GET"]}}],"collection":[{"href":"https:\/\/13.com.ar\/index.php\/wp-json\/wp\/v2\/posts"}],"about":[{"href":"https:\/\/13.com.ar\/index.php\/wp-json\/wp\/v2\/types\/post"}],"author":[{"embeddable":true,"href":"https:\/\/13.com.ar\/index.php\/wp-json\/wp\/v2\/users\/1"}],"replies":[{"embeddable":true,"href":"https:\/\/13.com.ar\/index.php\/wp-json\/wp\/v2\/comments?post=26467"}],"version-history":[{"count":0,"href":"https:\/\/13.com.ar\/index.php\/wp-json\/wp\/v2\/posts\/26467\/revisions"}],"wp:featuredmedia":[{"embeddable":true,"href":"https:\/\/13.com.ar\/index.php\/wp-json\/wp\/v2\/media\/26468"}],"wp:attachment":[{"href":"https:\/\/13.com.ar\/index.php\/wp-json\/wp\/v2\/media?parent=26467"}],"wp:term":[{"taxonomy":"category","embeddable":true,"href":"https:\/\/13.com.ar\/index.php\/wp-json\/wp\/v2\/categories?post=26467"},{"taxonomy":"post_tag","embeddable":true,"href":"https:\/\/13.com.ar\/index.php\/wp-json\/wp\/v2\/tags?post=26467"}],"curies":[{"name":"wp","href":"https:\/\/api.w.org\/{rel}","templated":true}]}}