{"id":2644,"date":"2025-02-06T15:13:51","date_gmt":"2025-02-06T18:13:51","guid":{"rendered":"https:\/\/13.com.ar\/index.php\/evo-morales-desafia-otra-vez-a-luis-arce-y-a-la-justicia-y-anuncia-su-candidatura-a-presidente-de-bolivia\/"},"modified":"2025-02-06T15:13:51","modified_gmt":"2025-02-06T18:13:51","slug":"evo-morales-desafia-otra-vez-a-luis-arce-y-a-la-justicia-y-anuncia-su-candidatura-a-presidente-de-bolivia","status":"publish","type":"post","link":"https:\/\/13.com.ar\/index.php\/evo-morales-desafia-otra-vez-a-luis-arce-y-a-la-justicia-y-anuncia-su-candidatura-a-presidente-de-bolivia\/","title":{"rendered":"Evo Morales desaf\u00eda otra vez a Luis Arce y a la Justicia y anuncia su candidatura a presidente de Bolivia"},"content":{"rendered":"<p> <br \/>\n<\/p>\n<div id=\"cuerpo\">\n<div class=\"sc-80531b6b-0 chRIGJ container-text text-embed\">\n<p>El ex presidente boliviano <strong>Evo Morales<\/strong> anunci\u00f3 que inscribir\u00e1 su candidatura para las elecciones presidenciales del 17 de agosto con un partido &#8220;prestado&#8221;- Y adem\u00e1s, con &#8220;miles y miles&#8221; de seguidores, pedir\u00e1 a la comunidad internacional hacer cumplir las leyes de Bolivia.<\/p>\n<\/div>\n<div class=\"sc-80531b6b-0 chRIGJ container-text text-embed\">\n<p>&#8220;El d\u00eda de la inscripci\u00f3n, faltando dos o tres d\u00edas (para la conclusi\u00f3n del plazo), vamos a ir miles y miles a La Paz&#8221;, dijo Morales el mi\u00e9rcoles, durante una reuni\u00f3n con dirigentes afines del departamento de Chuquisaca (en el sudeste del pa\u00eds) en la localidad de Lauca \u00d1.<\/p>\n<\/div>\n<div class=\"sc-80531b6b-0 chRIGJ container-text text-embed\">\n<p>El l\u00edder de los productores cocaleros, que gobern\u00f3 Bolivia entre 2006 y 2019 dijo que la mitad de la poblaci\u00f3n del Tr\u00f3pico de Cochabamba, su principal basti\u00f3n pol\u00edtico y sindical, lo acompa\u00f1ar\u00e1 para la inscripci\u00f3n de su candidatura, por lo que anim\u00f3 a sus seguidores a &#8220;estar alist\u00e1ndose&#8221;.<\/p>\n<\/div>\n<div class=\"sc-80531b6b-0 chRIGJ container-text text-embed\">\n<p>&#13;<br \/>\n&#8220;\u00bfImag\u00ednense, a ver, que no nos inscriban? Vamos a invitar a la comunidad internacional (a) que venga a hacer respetar las normas nacionales nada m\u00e1s, estamos habilitados&#8221;, enfatiz\u00f3. <\/p>\n<\/div>\n<div class=\"sc-80531b6b-0 chRIGJ container-text text-embed\">\n<p>El ex mandatario comparti\u00f3 con los dirigentes algunos ejes de su propuesta de gobierno como los incentivos para la inversi\u00f3n privada, una reforma tributaria y la aplicaci\u00f3n de programas sociales adem\u00e1s del levantamiento de la subvenci\u00f3n a los combustibles.<\/p>\n<\/div>\n<div class=\"sc-198be8ec-0 cynXbu image-embed  image-embed \"><picture class=\"sc-198be8ec-1 kOjRiQ\"><source media=\"(min-width: 975px)\" width=\"720\" height=\"480\" \/><img alt=\"La sede del oficialista Movimiento Al Socialismo, en La Paz. Evo Morales perdi\u00f3 el liderazgo del partido. Foto: EFE  \" loading=\"lazy\" width=\"720\" height=\"480\" decoding=\"async\" data-nimg=\"1\" style=\"color:transparent\" src=\"https:\/\/13.com.ar\/wp-content\/uploads\/2025\/02\/Evo-Morales-desafia-otra-vez-a-Luis-Arce-y-a.jpg\"\/><span class=\"epigraphe\">La sede del oficialista Movimiento Al Socialismo, en La Paz. Evo Morales perdi\u00f3 el liderazgo del partido. Foto: EFE  <\/span><span class=\"bkg\"\/><span class=\"picture-open\"><button class=\"open-image\" aria-label=\"Open Image\"\/><\/span><\/picture><\/div>\n<div class=\"sc-80531b6b-0 chRIGJ container-text text-embed\">\n<p>&#8220;Si hacemos campa\u00f1a, si ma\u00f1ana fueran las elecciones, ganar\u00edamos con m\u00e1s del 60%&#8221;, asegur\u00f3.<\/p>\n<\/div>\n<div class=\"sc-80531b6b-0 chRIGJ container-text text-embed\">\n<p>Morales sostiene diariamente varias reuniones con los sectores que lo respaldan en el Tr\u00f3pico de Cochabamba, regi\u00f3n de la que no sale desde octubre del a\u00f1o pasado para evitar que se ejecute una orden de aprehensi\u00f3n en su contra.<\/p>\n<\/div>\n<div class=\"sc-80531b6b-0 chRIGJ container-text text-embed\">\n<p>El ex presidente es <strong>investigado por trata agravada de personas<\/strong> por supuestamente mantener un relaci\u00f3n con una menor de edad con la que tuvo un hijo durante su presidencia.<\/p>\n<\/div>\n<div class=\"sc-80531b6b-0 chRIGJ container-text text-embed\">\n<p>Recientemente un juez declar\u00f3 a Morales &#8220;rebelde&#8221; por no presentarse a dos audiencias, por lo que aparte dict\u00f3 una nueva orden de aprehensi\u00f3n, arraigo, la anotaci\u00f3n preventiva de sus bienes y el congelamiento de sus cuentas bancarias.<\/p>\n<\/div>\n<div class=\"sc-80531b6b-0 chRIGJ container-text text-embed\">\n<p>Asimismo, tanto Morales como sus seguidores sostienen que est\u00e1 habilitado para ser nuevamente candidato a la presidencia, pese a la sentencia constitucional de finales de 2023 que establece que <strong>la reelecci\u00f3n en Bolivia es por &#8220;una \u00fanica vez&#8221; <\/strong>de forma continua o discontinua.<\/p>\n<\/div>\n<div class=\"sc-80531b6b-0 chRIGJ container-text text-embed\">\n<p>Esto afectar\u00eda las pretensiones del ex gobernante que lider\u00f3 a Bolivia en tres ocasiones (2006-2009, 2010-2014 y 2015-2019).<\/p>\n<\/div>\n<div class=\"sc-198be8ec-0 cynXbu image-embed  image-embed \"><picture class=\"sc-198be8ec-1 kOjRiQ\"><source media=\"(min-width: 975px)\" width=\"720\" height=\"480\" \/><img alt=\"El presidente boliviano, Luis Arce, quiere presentarse a la reelecci\u00f3n. Foto. EFE  \" loading=\"lazy\" width=\"720\" height=\"480\" decoding=\"async\" data-nimg=\"1\" style=\"color:transparent\" src=\"https:\/\/13.com.ar\/wp-content\/uploads\/2025\/02\/1738865631_805_Evo-Morales-desafia-otra-vez-a-Luis-Arce-y-a.jpg\"\/><span class=\"epigraphe\">El presidente boliviano, Luis Arce, quiere presentarse a la reelecci\u00f3n. Foto. EFE  <\/span><span class=\"bkg\"\/><span class=\"picture-open\"><button class=\"open-image\" aria-label=\"Open Image\"\/><\/span><\/picture><\/div>\n<p><h2>Nueva alianza electoral<\/h2>\n<\/p>\n<div class=\"sc-80531b6b-0 chRIGJ container-text text-embed\">\n<p>Los grupos que respaldan a Morales hacen gestiones para conformar una alianza que les permita presentarse a los pr\u00f3ximos comicios nacionales con un partido pol\u00edtico distinto al Movimiento al Socialismo (MAS).<\/p>\n<\/div>\n<div class=\"sc-80531b6b-0 chRIGJ container-text text-embed\">\n<p><strong>Morales perdi\u00f3 el liderazgo del MAS en noviembre,<\/strong> luego de casi tres d\u00e9cadas, por un fallo constitucional que orden\u00f3 al TSE a reconocer como nuevo presidente del partido al dirigente Grover Garc\u00eda, quien es cercano al actual mandatario Luis Arce.<\/p>\n<\/div>\n<div class=\"sc-80531b6b-0 chRIGJ container-text text-embed\">\n<p>Los sectores afines al ex presidente tienen previsto un encuentro el viernes en la localidad cochabambina de Tiraque para dar a conocer el nombre del partido con el que se presentar\u00e1n en los pr\u00f3ximos comicios.<\/p>\n<\/div>\n<div class=\"sc-80531b6b-0 chRIGJ container-text text-embed\">\n<p>&#13;<br \/>\nEl Tribunal Supremo Electoral (TSE) inform\u00f3 esta jornada que el plazo l\u00edmite para el registro de alianzas y de partidos que hayan concluido su tr\u00e1mite de persona jur\u00eddica es el 18 de abril, mientras que la inscripci\u00f3n de candidaturas est\u00e1 prevista para los primeros d\u00edas de mayo.<\/p>\n<\/div>\n<div class=\"sc-80531b6b-0 chRIGJ container-text text-embed\">\n<p>Evo Morales est\u00e1 alejado del presidente Arce desde finales de 2021, por diferencias en el manejo del Ejecutivo y en el manejo del gubernamental MAS. <\/p>\n<\/div>\n<\/div>\n<p><br \/>\n<br \/><a href=\"https:\/\/www.clarin.com\/mundo\/evo-morales-desafia-vez-luis-arce-justicia-anuncia-candidatura-presidente-bolivia_0_xmt6e5K0Rh.html\">Fuente Clarin.com <\/a><\/p>\n","protected":false},"excerpt":{"rendered":"<p>El ex presidente boliviano Evo Morales anunci\u00f3 que inscribir\u00e1 su candidatura para las elecciones presidenciales del 17 de agosto con un partido &#8220;prestado&#8221;- Y adem\u00e1s, con &#8220;miles y miles&#8221; de seguidores, pedir\u00e1 a la comunidad internacional hacer cumplir las leyes de Bolivia. &#8220;El d\u00eda de la inscripci\u00f3n, faltando dos o tres d\u00edas (para la conclusi\u00f3n [&hellip;]<\/p>\n","protected":false},"author":1,"featured_media":2645,"comment_status":"open","ping_status":"open","sticky":false,"template":"","format":"standard","meta":{"footnotes":""},"categories":[2],"tags":[13,4639,475,4640,2573,4637,964,1251,4638,305,135,111],"class_list":["post-2644","post","type-post","status-publish","format-standard","has-post-thumbnail","hentry","category-ultimas-noticias","tag-anuncia","tag-arce","tag-bolivia","tag-candidatura","tag-desafia","tag-evo","tag-justicia","tag-luis","tag-morales","tag-otra","tag-presidente","tag-vez"],"_links":{"self":[{"href":"https:\/\/13.com.ar\/index.php\/wp-json\/wp\/v2\/posts\/2644","targetHints":{"allow":["GET"]}}],"collection":[{"href":"https:\/\/13.com.ar\/index.php\/wp-json\/wp\/v2\/posts"}],"about":[{"href":"https:\/\/13.com.ar\/index.php\/wp-json\/wp\/v2\/types\/post"}],"author":[{"embeddable":true,"href":"https:\/\/13.com.ar\/index.php\/wp-json\/wp\/v2\/users\/1"}],"replies":[{"embeddable":true,"href":"https:\/\/13.com.ar\/index.php\/wp-json\/wp\/v2\/comments?post=2644"}],"version-history":[{"count":0,"href":"https:\/\/13.com.ar\/index.php\/wp-json\/wp\/v2\/posts\/2644\/revisions"}],"wp:featuredmedia":[{"embeddable":true,"href":"https:\/\/13.com.ar\/index.php\/wp-json\/wp\/v2\/media\/2645"}],"wp:attachment":[{"href":"https:\/\/13.com.ar\/index.php\/wp-json\/wp\/v2\/media?parent=2644"}],"wp:term":[{"taxonomy":"category","embeddable":true,"href":"https:\/\/13.com.ar\/index.php\/wp-json\/wp\/v2\/categories?post=2644"},{"taxonomy":"post_tag","embeddable":true,"href":"https:\/\/13.com.ar\/index.php\/wp-json\/wp\/v2\/tags?post=2644"}],"curies":[{"name":"wp","href":"https:\/\/api.w.org\/{rel}","templated":true}]}}