{"id":2642,"date":"2025-02-06T15:08:43","date_gmt":"2025-02-06T18:08:43","guid":{"rendered":"https:\/\/13.com.ar\/index.php\/air-europa-arranca-con-optimismo-2025-y-anuncia-una-nueva-frecuencia-para-argentina\/"},"modified":"2025-02-06T15:08:43","modified_gmt":"2025-02-06T18:08:43","slug":"air-europa-arranca-con-optimismo-2025-y-anuncia-una-nueva-frecuencia-para-argentina","status":"publish","type":"post","link":"https:\/\/13.com.ar\/index.php\/air-europa-arranca-con-optimismo-2025-y-anuncia-una-nueva-frecuencia-para-argentina\/","title":{"rendered":"Air Europa arranca con optimismo 2025 y anuncia una nueva frecuencia para Argentina"},"content":{"rendered":"<p> <br \/>\n<\/p>\n<div id=\"cuerpo\">\n<div class=\"sc-80531b6b-0 chRIGJ container-text text-embed\">\n<p>Desde el piso 12 de un edificio y con una gran vista al r\u00edo en Vicente L\u00f3pez, <strong>Bernardo Botella, director global de Ventas de Air Europa<\/strong>, se entusiasma con las novedades que vino a contar a la Argentina, sentado frente a maquetas de aviones Boeing 787 Dreamliner, parte de la identidad de la compa\u00f1\u00eda a\u00e9rea espa\u00f1ola.<\/p>\n<\/div>\n<div class=\"sc-80531b6b-0 chRIGJ container-text text-embed\">\n<p>Es que una de ellas implica <strong>mayor conectividad con Europa<\/strong>: se confirm\u00f3 que desde junio pr\u00f3ximo, <strong>C\u00f3rdoba pasar\u00e1 a tener de tres a cuatro vuelos semanales hacia Madrid-Barajas<\/strong>. Esta nueva frecuencia se sumar\u00e1 a los vuelos diarios ya existentes desde el aeropuerto internacional de Ezeiza (7 frecuencias semanales).<\/p>\n<\/div>\n<div class=\"sc-80531b6b-0 chRIGJ container-text text-embed\">\n<p>El anuncio se da, adem\u00e1s, en un <strong>contexto marcado por los grandes resultados de 2024<\/strong> para esta compa\u00f1\u00eda a\u00e9rea, miembro de la alianza SkyTeam, en el que Am\u00e9rica sigue consolid\u00e1ndose como un mercado clave en su negocio con m\u00e1s de 3,1 millones de pasajeros, un 8 % m\u00e1s que en 2023 y un 26% m\u00e1s que en 2019. La <strong>ocupaci\u00f3n media del 91% suma optimismo a las proyecciones<\/strong> para lo que viene.<\/p>\n<\/div>\n<div class=\"sc-80531b6b-0 chRIGJ container-text text-embed\">\n<p>Dentro de la regi\u00f3n, explica Botella, Argentina ven\u00eda siendo uno de los principales mercados hasta 2023. Luego con la devaluaci\u00f3n se fren\u00f3, pero ya est\u00e1 en proceso de recuperaci\u00f3n y &#8220;<strong>empezamos a ver incrementos<\/strong>&#8220;.<\/p>\n<\/div>\n<div class=\"sc-80531b6b-0 chRIGJ container-text text-embed\">\n<p>La nueva frecuencia a C\u00f3rdoba representa un aumento del 33% y, en cantidad de asientos, un 13% m\u00e1s sobre el a\u00f1o anterior ya que la oferta se ampliar\u00e1 a unos 111.600 asientos a lo largo del a\u00f1o.<\/p>\n<\/div>\n<div class=\"sc-198be8ec-0 cynXbu image-embed  image-embed \"><picture class=\"sc-198be8ec-1 kOjRiQ\"><source media=\"(min-width: 975px)\" width=\"720\" height=\"480\" \/><img alt=\"Bernardo Botella, directivo de Air Europa, en su visita a Buenos Aires. Foto Marcelo Carroll \" loading=\"lazy\" width=\"720\" height=\"480\" decoding=\"async\" data-nimg=\"1\" style=\"color:transparent\" src=\"https:\/\/13.com.ar\/wp-content\/uploads\/2025\/02\/Air-Europa-arranca-con-optimismo-2025-y-anuncia-una-nueva.jpg\"\/><span class=\"epigraphe\">Bernardo Botella, directivo de Air Europa, en su visita a Buenos Aires. Foto Marcelo Carroll <\/span><span class=\"bkg\"\/><span class=\"picture-open\"><button class=\"open-image\" aria-label=\"Open Image\"\/><\/span><\/picture><\/div>\n<div class=\"sc-80531b6b-0 chRIGJ container-text text-embed\">\n<p>&#8220;Esta es la <strong>gran novedad para el mercado argentino<\/strong>&#8220;, asegura Botella y agrega: &#8220;Otra novedad importante es la nueva ruta de Madrid.Barajas a Estambul, en Turqu\u00eda&#8221;, que comenzar\u00e1 a operar a partir del 12 de mayo.<\/p>\n<\/div>\n<div class=\"sc-80531b6b-0 chRIGJ container-text text-embed\">\n<p>Estambul es una propuesta muy atractiva tambi\u00e9n para los viajeros argentinos que eligen Air Europa para volar a <strong>Madrid y Barcelona<\/strong> principalmente, seguidos por destinos de Italia, con Roma y Mil\u00e1n entre los favoritos.<\/p>\n<\/div>\n<div class=\"sc-80531b6b-0 chRIGJ container-text text-embed\">\n<p>&#8220;Otra ruta que funciona muy bien para los argentinos es <strong>Tel Aviv<\/strong>, en Israel&#8221;, un vuelo que recuperaron recientemente.<\/p>\n<\/div>\n<div class=\"sc-198be8ec-0 cynXbu image-embed  image-embed \"><picture class=\"sc-198be8ec-1 kOjRiQ\"><source media=\"(min-width: 975px)\" width=\"720\" height=\"480\" \/><img alt=\"Los Dreamliner ofrecen una experiencia m\u00e1s confortable a bordo. Foto Air Europa\" loading=\"lazy\" width=\"720\" height=\"480\" decoding=\"async\" data-nimg=\"1\" style=\"color:transparent\" src=\"https:\/\/13.com.ar\/wp-content\/uploads\/2025\/02\/1738865323_560_Air-Europa-arranca-con-optimismo-2025-y-anuncia-una-nueva.jpg\"\/><span class=\"epigraphe\">Los Dreamliner ofrecen una experiencia m\u00e1s confortable a bordo. Foto Air Europa<\/span><span class=\"bkg\"\/><span class=\"picture-open\"><button class=\"open-image\" aria-label=\"Open Image\"\/><\/span><\/picture><\/div>\n<div class=\"sc-80531b6b-0 chRIGJ container-text text-embed\">\n<p>A esto anuncios hay que sumar la ampliaci\u00f3n de frecuencias entre Madrid y Medell\u00edn (Colombia), Panam\u00e1 y Asunci\u00f3n (Paraguay) hasta llegar a uno diario, as\u00ed como tambi\u00e9n tendr\u00e1n cinco frecuencias semanales a Canc\u00fan (M\u00e9xico) y Punta Cana (Rep\u00fablica Dominicana) y cuatro frecuencias a Salvador de Bah\u00eda (Brasil).<\/p>\n<\/div>\n<p><h2>M\u00e1s aviones, m\u00e1s frecuencias, m\u00e1s asientos<\/h2>\n<\/p>\n<div class=\"sc-80531b6b-0 chRIGJ container-text text-embed\">\n<p>La <strong>ampliaci\u00f3n de la actividad transatl\u00e1ntica<\/strong>, con m\u00e1s plazas y nuevas frecuencias en varias rutas tiene gran parte de su explicaci\u00f3n en la <strong>incorporaci\u00f3n de nuevos aviones<\/strong>.<\/p>\n<\/div>\n<div class=\"sc-80531b6b-0 chRIGJ container-text text-embed\">\n<p>Este 2025, Air Europa recibir\u00e1 <strong>tres nuevos Boeing 787 Dreamliner<\/strong>, una aeronave que es referencia de la aerol\u00ednea y que se caracteriza porque permite acortar los vuelos de largo radio, consume hasta un 25% menos de combustible y esto implica una reducci\u00f3n de las emisiones. Todas cuestiones que apuntan a cumplir con el reto de la descarbonizaci\u00f3n del sector a\u00e9reo. A lo que se suma una disminuci\u00f3n del 60% del impacto ac\u00fastico.<\/p>\n<\/div>\n<div class=\"sc-198be8ec-0 cynXbu image-embed  image-embed \"><picture class=\"sc-198be8ec-1 kOjRiQ\"><source media=\"(min-width: 975px)\" width=\"720\" height=\"480\" \/><img alt=\"Los Boeing 787 Dreamliner que vuelan a Argentina tienen 32 asientos en Business. Foto Air Europa\" loading=\"lazy\" width=\"720\" height=\"480\" decoding=\"async\" data-nimg=\"1\" style=\"color:transparent\" src=\"https:\/\/13.com.ar\/wp-content\/uploads\/2025\/02\/1738865323_121_Air-Europa-arranca-con-optimismo-2025-y-anuncia-una-nueva.jpg\"\/><span class=\"epigraphe\">Los Boeing 787 Dreamliner que vuelan a Argentina tienen 32 asientos en Business. Foto Air Europa<\/span><span class=\"bkg\"\/><span class=\"picture-open\"><button class=\"open-image\" aria-label=\"Open Image\"\/><\/span><\/picture><\/div>\n<div class=\"sc-80531b6b-0 chRIGJ container-text text-embed\">\n<p>Tambi\u00e9n ofrece una <strong>experiencia m\u00e1s confortable a bordo <\/strong>por tener m\u00e1s espacio en la cabina, ventanillas un 30% m\u00e1s grandes y un sistema de renovaci\u00f3n de aire que mejora el descanso del pasajero.<\/p>\n<\/div>\n<p><h2>La importancia de la sustentabilidad en Air Europa<\/h2>\n<\/p>\n<div class=\"sc-80531b6b-0 chRIGJ container-text text-embed\">\n<p>La sustentabilidad es una cuesti\u00f3n en la que la industria a\u00e9rea trabaja arduamente para cumplir las metas propuestas. <\/p>\n<\/div>\n<div class=\"sc-80531b6b-0 chRIGJ container-text text-embed\">\n<p>En el detr\u00e1s de escena de Air Europa hay mucho empe\u00f1o en diferentes \u00e1reas que buscan<strong> optimizar el uso de recursos<\/strong>, ahorrar combustible, reducir las emisiones y resultar m\u00e1s sustentables.<\/p>\n<\/div>\n<div class=\"sc-198be8ec-0 cynXbu image-embed  image-embed \"><picture class=\"sc-198be8ec-1 kOjRiQ\"><source media=\"(min-width: 975px)\" width=\"720\" height=\"480\" \/><img alt=\"Bernardo Botella, durante la entrevista, explica las novedades de la compa\u00f1\u00eda. Foto Marcelo Carroll\" loading=\"lazy\" width=\"720\" height=\"480\" decoding=\"async\" data-nimg=\"1\" style=\"color:transparent\" src=\"https:\/\/13.com.ar\/wp-content\/uploads\/2025\/02\/1738865323_834_Air-Europa-arranca-con-optimismo-2025-y-anuncia-una-nueva.jpg\"\/><span class=\"epigraphe\">Bernardo Botella, durante la entrevista, explica las novedades de la compa\u00f1\u00eda. Foto Marcelo Carroll<\/span><span class=\"bkg\"\/><span class=\"picture-open\"><button class=\"open-image\" aria-label=\"Open Image\"\/><\/span><\/picture><\/div>\n<div class=\"sc-80531b6b-0 chRIGJ container-text text-embed\">\n<p>Por ejemplo, Botella destaca la importancia de &#8220;<strong>optimizar el ascenso<\/strong> de los aviones hasta la altura de crucero para ahorrar combustible porque es el momento de mayor consumo. <strong>Trabajamos con IA<\/strong> para optimizar el consumo&#8221;.<\/p>\n<\/div>\n<div class=\"sc-80531b6b-0 chRIGJ container-text text-embed\">\n<p>A la vista de los pasajeros, a quienes tambi\u00e9n se alienta a viajar protegiendo el medio ambiente, la <strong>b\u00fasqueda de la sustentabilidad<\/strong> se puede percibir en otras cosas: la separaci\u00f3n de residuos, el reemplazo de carritos de comida (&#8220;ahorramos hasta 80 kilos por avi\u00f3n con unos carros m\u00e1s livianos&#8221;, asegura Botella), el cambio de packaging de las mantas (antes de pl\u00e1stico, ahora de cart\u00f3n), o el incentivo a los pasajeros de Economy para que compren de manera anticipada su comida a bordo, para evitar el desperdicio.<\/p>\n<\/div>\n<div class=\"sc-80531b6b-0 chRIGJ container-text text-embed\">\n<p>Al momento de elegir una compa\u00f1\u00eda para viajar, Botella destaca algunas claves de Air Europa: <strong>trato al cliente<\/strong>, <strong>modernidad de los aviones <\/strong>y las opciones que dan a los pasajeros para que elijan c\u00f3mo quieren volar (<em>&#8220;t\u00fa eliges&#8221;<\/em> en relaci\u00f3n con la elecci\u00f3n de la comida o los asientos) para que ese viaje sea m\u00e1s <strong>personalizado<\/strong>. <\/p>\n<\/div>\n<\/div>\n<p><br \/>\n<br \/><a href=\"https:\/\/www.clarin.com\/viajes\/air-europa-arranca-optimismo-2025-anuncia-nueva-frecuencia-argentina_0_cUMEcysxtn.html\">Fuente Clarin.com <\/a><\/p>\n","protected":false},"excerpt":{"rendered":"<p>Desde el piso 12 de un edificio y con una gran vista al r\u00edo en Vicente L\u00f3pez, Bernardo Botella, director global de Ventas de Air Europa, se entusiasma con las novedades que vino a contar a la Argentina, sentado frente a maquetas de aviones Boeing 787 Dreamliner, parte de la identidad de la compa\u00f1\u00eda a\u00e9rea [&hellip;]<\/p>\n","protected":false},"author":1,"featured_media":2643,"comment_status":"open","ping_status":"open","sticky":false,"template":"","format":"standard","meta":{"footnotes":""},"categories":[2],"tags":[4634,13,288,3267,18,363,4636,19,4635,16,73],"class_list":["post-2642","post","type-post","status-publish","format-standard","has-post-thumbnail","hentry","category-ultimas-noticias","tag-air","tag-anuncia","tag-argentina","tag-arranca","tag-con","tag-europa","tag-frecuencia","tag-nueva","tag-optimismo","tag-para","tag-una"],"_links":{"self":[{"href":"https:\/\/13.com.ar\/index.php\/wp-json\/wp\/v2\/posts\/2642","targetHints":{"allow":["GET"]}}],"collection":[{"href":"https:\/\/13.com.ar\/index.php\/wp-json\/wp\/v2\/posts"}],"about":[{"href":"https:\/\/13.com.ar\/index.php\/wp-json\/wp\/v2\/types\/post"}],"author":[{"embeddable":true,"href":"https:\/\/13.com.ar\/index.php\/wp-json\/wp\/v2\/users\/1"}],"replies":[{"embeddable":true,"href":"https:\/\/13.com.ar\/index.php\/wp-json\/wp\/v2\/comments?post=2642"}],"version-history":[{"count":0,"href":"https:\/\/13.com.ar\/index.php\/wp-json\/wp\/v2\/posts\/2642\/revisions"}],"wp:featuredmedia":[{"embeddable":true,"href":"https:\/\/13.com.ar\/index.php\/wp-json\/wp\/v2\/media\/2643"}],"wp:attachment":[{"href":"https:\/\/13.com.ar\/index.php\/wp-json\/wp\/v2\/media?parent=2642"}],"wp:term":[{"taxonomy":"category","embeddable":true,"href":"https:\/\/13.com.ar\/index.php\/wp-json\/wp\/v2\/categories?post=2642"},{"taxonomy":"post_tag","embeddable":true,"href":"https:\/\/13.com.ar\/index.php\/wp-json\/wp\/v2\/tags?post=2642"}],"curies":[{"name":"wp","href":"https:\/\/api.w.org\/{rel}","templated":true}]}}