{"id":2640,"date":"2025-02-06T15:02:16","date_gmt":"2025-02-06T18:02:16","guid":{"rendered":"https:\/\/13.com.ar\/index.php\/jorge-rial-revelo-como-encontro-de-salud-a-su-nieto-amadeo\/"},"modified":"2025-02-06T15:02:16","modified_gmt":"2025-02-06T18:02:16","slug":"jorge-rial-revelo-como-encontro-de-salud-a-su-nieto-amadeo","status":"publish","type":"post","link":"https:\/\/13.com.ar\/index.php\/jorge-rial-revelo-como-encontro-de-salud-a-su-nieto-amadeo\/","title":{"rendered":"Jorge Rial revel\u00f3 c\u00f3mo encontr\u00f3 de salud a su nieto Amadeo"},"content":{"rendered":"<p> <br \/>\n<\/p>\n<div id=\"cuerpo\">\n<div class=\"sc-80531b6b-0 chRIGJ container-text text-embed\">\n<p>Luego de que <strong>Morena Rial<\/strong> fuera detenida por presunta participaci\u00f3n en el robo a una casa bajo la modalidad &#8220;escruche&#8221;, <strong>Jorge Rial<\/strong> revel\u00f3 que \u00e9l se har\u00eda cargo de su nieto reci\u00e9n nacido, <strong>Amadeo.<\/strong> Ahora, el periodista y conductor cont\u00f3 en qu\u00e9 estado encontr\u00f3 al beb\u00e9 al verlo por primera vez.<\/p>\n<\/div>\n<div class=\"sc-80531b6b-0 chRIGJ container-text text-embed\">\n<p>Al comienzo de su programa <em>Argenzuela<\/em> (Radio 10), Jorge Rial toc\u00f3 el tema de la detenci\u00f3n de su hija Morena y, en ese sentido, tambi\u00e9n habl\u00f3 del hijo de ella, de cuatro meses.<\/p>\n<\/div>\n<div class=\"sc-80531b6b-0 chRIGJ container-text text-embed\">\n<p>&#8220;Ayer fue un d\u00eda de locos, estoy cansado, pero dentro de todo<strong> feliz de tener a mi nieto en mi casa<\/strong>&#8220;, confes\u00f3 el periodista.<\/p>\n<\/div>\n<div class=\"sc-80531b6b-0 chRIGJ container-text text-embed\">\n<p>Respecto al estado de su nieto reci\u00e9n nacido, Rial precis\u00f3: &#8220;<strong>Les cuento que est\u00e1 muy bien,<\/strong> ya vino muy bien, hay muchas cosas para decir de Morena, pero el nene est\u00e1 perfecto&#8221;.<\/p>\n<\/div>\n<div class=\"sc-80531b6b-0 chRIGJ container-text text-embed\">\n<p>&#8220;Ayer despu\u00e9s de irme de ac\u00e1, lo llev\u00e9 al sanatorio Finochietto,<strong> el equipo de pediatr\u00eda lo revis\u00f3 de arriba a abajo al gordito<\/strong>, est\u00e1 perfecto&#8221;, agreg\u00f3.<\/p>\n<\/div>\n<div class=\"sc-80531b6b-0 chRIGJ container-text text-embed\">\n<p>Sobre el v\u00ednculo que estableci\u00f3 con el beb\u00e9 al verlo por primera vez, Rial expres\u00f3: &#8220;Est\u00e1 bien de peso, altura, <strong>es un peque\u00f1o luchador de sumo, tiene una fuerza infernal<\/strong>, ya pegamos onda, nos re\u00edmos&#8221;.<\/p>\n<\/div>\n<div class=\"sc-198be8ec-0 cynXbu image-embed  image-embed \"><picture class=\"sc-198be8ec-1 kOjRiQ\"><source media=\"(min-width: 975px)\" width=\"720\" height=\"480\" \/><img alt=\"Jorge Rial revel\u00f3 en qu\u00e9 estado encontr\u00f3 a su nieto Amadeo, hijo de Morena Rial. Captura video.\" loading=\"lazy\" width=\"720\" height=\"480\" decoding=\"async\" data-nimg=\"1\" style=\"color:transparent\" src=\"https:\/\/13.com.ar\/wp-content\/uploads\/2025\/02\/Jorge-Rial-revelo-como-encontro-de-salud-a-su-nieto.jpg\"\/><span class=\"epigraphe\">Jorge Rial revel\u00f3 en qu\u00e9 estado encontr\u00f3 a su nieto Amadeo, hijo de Morena Rial. Captura video.<\/span><span class=\"bkg\"\/><span class=\"picture-open\"><button class=\"open-image\" aria-label=\"Open Image\"\/><\/span><\/picture><\/div>\n<div class=\"sc-80531b6b-0 chRIGJ container-text text-embed\">\n<p>&#8220;En medio de todo esto que est\u00e1 pasando, <strong>la presencia de Amadeo es un b\u00e1lsamo <\/strong>y me da esperanza porque lo veo y pienso que por<strong> \u00e9l vale la pena que mi hija la pelee<\/strong>, tiene que salir de la mierda donde decidi\u00f3 meterse&#8221;, asegur\u00f3 luego el ex <em>Intrusos.<\/em><\/p>\n<\/div>\n<div class=\"sc-80531b6b-0 chRIGJ container-text text-embed\">\n<p>&#8220;Teniendo dos hijos hermosos, inteligentes y sanos, que es important\u00edsimo&#8221;, explic\u00f3 respecto a Amadeo, fruto de la relaci\u00f3n con un boxeador, y Francesco, que vive con su padre <strong>Facundo Ambrosioni. <\/strong><\/p>\n<\/div>\n<div class=\"sc-80531b6b-0 chRIGJ container-text text-embed\">\n<p>M\u00e1s precisamente sobre el beb\u00e9 reci\u00e9n nacido, el conductor de <em>Argenzuela <\/em>revel\u00f3: &#8220;<strong>Yo lo conoc\u00ed ayer, lamentablemente desde que naci\u00f3 no pude<\/strong>, ustedes saben por qu\u00e9, pero pegamos onda r\u00e1pido&#8221;.<\/p>\n<\/div>\n<div class=\"sc-80531b6b-0 chRIGJ container-text text-embed\">\n<p>&#8220;Lo abrac\u00e9, le habl\u00e9, <strong>le dije que estaba con el Tata, que iba a estar cuidado<\/strong>, protegido, que no le iba a pasar nada&#8221;, repiti\u00f3, contando las palabras que le habr\u00eda dicho al beb\u00e9 al recibirlo.<\/p>\n<\/div>\n<div class=\"sc-198be8ec-0 cynXbu image-embed  image-embed \"><picture class=\"sc-198be8ec-1 kOjRiQ\"><source media=\"(min-width: 975px)\" width=\"720\" height=\"480\" \/><img alt=\"Amadeo, el hijo de Morena Rial, naci\u00f3 en octubre de 2024. Foto: Instagram.\" loading=\"lazy\" width=\"720\" height=\"480\" decoding=\"async\" data-nimg=\"1\" style=\"color:transparent\" src=\"https:\/\/13.com.ar\/wp-content\/uploads\/2025\/02\/1738864936_468_Jorge-Rial-revelo-como-encontro-de-salud-a-su-nieto.jpg\"\/><span class=\"epigraphe\">Amadeo, el hijo de Morena Rial, naci\u00f3 en octubre de 2024. Foto: Instagram.<\/span><span class=\"bkg\"\/><span class=\"picture-open\"><button class=\"open-image\" aria-label=\"Open Image\"\/><\/span><\/picture><\/div>\n<div class=\"sc-80531b6b-0 chRIGJ container-text text-embed\">\n<p>Para cerrar, cont\u00f3 c\u00f3mo hizo para calmar a Amadeo cuando se puso a llorar: &#8220;Y <strong>le cant\u00e9 la canci\u00f3n de cuna que les cantaba a mis hijas<\/strong>, que es una vieja canci\u00f3n irlandesa, la canci\u00f3n de cierre de<em> El Imperio del Sol <\/em>y efectivamente se calm\u00f3, <strong>es un \u00e1ngel, es un amor, es simp\u00e1tico y hermoso&#8221;.<\/strong><\/p>\n<\/div>\n<div class=\"sc-80531b6b-0 chRIGJ container-text text-embed\">\n<p>&#8220;<strong>Es una gran raz\u00f3n para que Morena cambie<\/strong>, pero eso ya no depende de m\u00ed&#8221;, se mostr\u00f3 esperanzado Jorge respecto al futuro judicial de su hija, que este jueves fue indagada por la Justicia, luego de haber sido trasladada a una comisar\u00eda de San Isidro.<\/p>\n<\/div>\n<p><h2>De qu\u00e9 se la acusa a Morena Rial<\/h2>\n<\/p>\n<div class=\"sc-80531b6b-0 chRIGJ container-text text-embed\">\n<p>La hija del periodista est\u00e1 detenida desde el mi\u00e9rcoles a la madrugada, tras ser acusada de haber participado en<strong> el robo a una casa de Villa Adelina<\/strong>, el pasado 18 de enero.<\/p>\n<\/div>\n<div class=\"sc-80531b6b-0 chRIGJ container-text text-embed\">\n<p>Ya hab\u00eda sido demorada a fines de enero por manejar un auto que era buscado por el <strong>intentar entrar a otra vivienda,<\/strong> tambi\u00e9n en zona Norte.<\/p>\n<\/div>\n<div class=\"sc-ad4aedf2-0 dPPgNJ border-video video-embed horizontal border-video video-embed horizontal\">\n<div class=\"sc-ad4aedf2-1 hnFuni videoText videoText\">\n<h2>Video<\/h2>\n<p>Trascendieron los motivos por los que Morena Rial qued\u00f3 otra vez detenida<\/p>\n<\/div>\n<\/div>\n<div class=\"sc-80531b6b-0 chRIGJ container-text text-embed\">\n<p>Esta vez, Morena qued\u00f3 detenida, primero en una comisar\u00eda de San Telmo, ya que la hab\u00edan encontrado en el <strong>Microcentro porte\u00f1o<\/strong> y por la noche fue trasladada a San Isidro, donde esperaba ser indagada por la Justicia.<\/p>\n<\/div>\n<div class=\"sc-198be8ec-0 cynXbu image-embed  image-embed \"><picture class=\"sc-198be8ec-1 kOjRiQ\"><source media=\"(min-width: 975px)\" width=\"720\" height=\"480\" \/><img alt=\"Morena Rial fue detenida, acusada por un robo en Villa Adelina.\" loading=\"lazy\" width=\"720\" height=\"480\" decoding=\"async\" data-nimg=\"1\" style=\"color:transparent\" src=\"https:\/\/13.com.ar\/wp-content\/uploads\/2025\/02\/donde-y-con-quien-estuvo.jpg\"\/><span class=\"epigraphe\">Morena Rial fue detenida, acusada por un robo en Villa Adelina.<\/span><span class=\"bkg\"\/><span class=\"picture-open\"><button class=\"open-image\" aria-label=\"Open Image\"\/><\/span><\/picture><\/div>\n<div class=\"sc-80531b6b-0 chRIGJ container-text text-embed\">\n<p>La polic\u00eda tambi\u00e9n le incaut\u00f3 a la<em> influencer <\/em>su tel\u00e9fono celular para realizar las pericias correspondientes vinculadas a estos hechos delictivos. <\/p>\n<\/div>\n<\/div>\n<p><br \/>\n<br \/><a href=\"https:\/\/www.clarin.com\/fama\/detencion-morena-rial-jorge-rial-revelo-encontro-salud-nieto-amadeo_0_u74sjk5aYK.html\">Fuente Clarin.com <\/a><\/p>\n","protected":false},"excerpt":{"rendered":"<p>Luego de que Morena Rial fuera detenida por presunta participaci\u00f3n en el robo a una casa bajo la modalidad &#8220;escruche&#8221;, Jorge Rial revel\u00f3 que \u00e9l se har\u00eda cargo de su nieto reci\u00e9n nacido, Amadeo. Ahora, el periodista y conductor cont\u00f3 en qu\u00e9 estado encontr\u00f3 al beb\u00e9 al verlo por primera vez. Al comienzo de su [&hellip;]<\/p>\n","protected":false},"author":1,"featured_media":2641,"comment_status":"open","ping_status":"open","sticky":false,"template":"","format":"standard","meta":{"footnotes":""},"categories":[2],"tags":[4057,66,4633,876,4056,241,877,243],"class_list":["post-2640","post","type-post","status-publish","format-standard","has-post-thumbnail","hentry","category-ultimas-noticias","tag-amadeo","tag-como","tag-encontro","tag-jorge","tag-nieto","tag-revelo","tag-rial","tag-salud"],"_links":{"self":[{"href":"https:\/\/13.com.ar\/index.php\/wp-json\/wp\/v2\/posts\/2640","targetHints":{"allow":["GET"]}}],"collection":[{"href":"https:\/\/13.com.ar\/index.php\/wp-json\/wp\/v2\/posts"}],"about":[{"href":"https:\/\/13.com.ar\/index.php\/wp-json\/wp\/v2\/types\/post"}],"author":[{"embeddable":true,"href":"https:\/\/13.com.ar\/index.php\/wp-json\/wp\/v2\/users\/1"}],"replies":[{"embeddable":true,"href":"https:\/\/13.com.ar\/index.php\/wp-json\/wp\/v2\/comments?post=2640"}],"version-history":[{"count":0,"href":"https:\/\/13.com.ar\/index.php\/wp-json\/wp\/v2\/posts\/2640\/revisions"}],"wp:featuredmedia":[{"embeddable":true,"href":"https:\/\/13.com.ar\/index.php\/wp-json\/wp\/v2\/media\/2641"}],"wp:attachment":[{"href":"https:\/\/13.com.ar\/index.php\/wp-json\/wp\/v2\/media?parent=2640"}],"wp:term":[{"taxonomy":"category","embeddable":true,"href":"https:\/\/13.com.ar\/index.php\/wp-json\/wp\/v2\/categories?post=2640"},{"taxonomy":"post_tag","embeddable":true,"href":"https:\/\/13.com.ar\/index.php\/wp-json\/wp\/v2\/tags?post=2640"}],"curies":[{"name":"wp","href":"https:\/\/api.w.org\/{rel}","templated":true}]}}