{"id":26371,"date":"2025-05-19T12:45:40","date_gmt":"2025-05-19T15:45:40","guid":{"rendered":"https:\/\/13.com.ar\/index.php\/el-objetivo-es-alcanzar-un-alto-el-fuego-en-ucrania-dice-la-casa-blanca\/"},"modified":"2025-05-19T12:45:40","modified_gmt":"2025-05-19T15:45:40","slug":"el-objetivo-es-alcanzar-un-alto-el-fuego-en-ucrania-dice-la-casa-blanca","status":"publish","type":"post","link":"https:\/\/13.com.ar\/index.php\/el-objetivo-es-alcanzar-un-alto-el-fuego-en-ucrania-dice-la-casa-blanca\/","title":{"rendered":"&#8220;el objetivo es alcanzar un alto el fuego en Ucrania&#8221;, dice la Casa Blanca"},"content":{"rendered":"<p> <br \/>\n<br \/><img decoding=\"async\" src=\"https:\/\/13.com.ar\/wp-content\/uploads\/2025\/05\/el-objetivo-es-alcanzar-un-alto-el-fuego-en-Ucrania.jpg\" \/><\/p>\n<div id=\"element-body-0\">\n<p>La <strong>llamada de Donald Trump con Vladimir Putin<\/strong>, prevista para este lunes, estaba en marcha hacia el mediod\u00eda argentino, seg\u00fan inform\u00f3 la agencia de noticias Reuters citando a un funcionario de la Casa Blanca.<\/p>\n<\/div>\n<div id=\"element-body-1\">\n<p>El &#8220;objetivo&#8221; de la llamada es <strong>alcanzar un alto el fuego en Ucrania, seg\u00fan la Casa Blanca.<\/strong><\/p>\n<\/div>\n<div id=\"element-body-2\">\n<p>En un posteo publicado previamente en Truth Social, el presidente estadounidense afirm\u00f3 que la llamada <strong>se centrar\u00e1 en poner fin a la &#8220;sangre&#8221; en Ucrania.<\/strong><\/p>\n<\/div>\n<div id=\"element-body-3\">\n<p>&#8220;Ojal\u00e1 sea un d\u00eda productivo, se produzca un alto el fuego y termine esta guerra tan violenta, una guerra que nunca deber\u00eda haber ocurrido&#8221;, escribi\u00f3.<\/p>\n<\/div>\n<div id=\"element-body-5\">\n<p>El canciller alem\u00e1n, Friedrich Merz, afirm\u00f3 que los l\u00edderes europeos <strong>hab\u00edan hablado con Trump antes de la llamada como &#8220;preparaci\u00f3n&#8221;.<\/strong><\/p>\n<\/div>\n<div id=\"element-body-6\">\n<p>Tras hablar con Putin, el presidente estadounidense se reunir\u00e1 con su par ucraniano Volodimir Zelenski y con l\u00edderes de algunos pa\u00edses de la OTAN.<\/p>\n<\/div>\n<div id=\"element-body-7\">\n<p>Las delegaciones ucraniana y rusa no lograron llegar a ning\u00fan acuerdo durante las conversaciones presenciales celebradas en la primera ronda de negociaciones directas, el viernes, en Estambul.<\/p>\n<\/div>\n<div id=\"element-body-8\">\n<p>La anterior conversaci\u00f3n entre Putin y Trump fue el 18 de marzo y dur\u00f3 dos horas y media.<\/p>\n<\/div>\n<p><br \/>\n<br \/><a href=\"https:\/\/www.clarin.com\/mundo\/trump-putin-comenzaron-llamada-telefonica-objetivo-alcanzar-alto-fuego-ucrania-dice-casa-blanca_0_mELdxvMS8n.html\">Fuente Clarin.com <\/a><\/p>\n","protected":false},"excerpt":{"rendered":"<p>La llamada de Donald Trump con Vladimir Putin, prevista para este lunes, estaba en marcha hacia el mediod\u00eda argentino, seg\u00fan inform\u00f3 la agencia de noticias Reuters citando a un funcionario de la Casa Blanca. El &#8220;objetivo&#8221; de la llamada es alcanzar un alto el fuego en Ucrania, seg\u00fan la Casa Blanca. En un posteo publicado [&hellip;]<\/p>\n","protected":false},"author":1,"featured_media":26372,"comment_status":"open","ping_status":"open","sticky":false,"template":"","format":"standard","meta":{"footnotes":""},"categories":[2],"tags":[10763,4195,3038,108,655,853,1765,4523],"class_list":["post-26371","post","type-post","status-publish","format-standard","has-post-thumbnail","hentry","category-ultimas-noticias","tag-alcanzar","tag-alto","tag-blanca","tag-casa","tag-dice","tag-fuego","tag-objetivo","tag-ucrania"],"_links":{"self":[{"href":"https:\/\/13.com.ar\/index.php\/wp-json\/wp\/v2\/posts\/26371","targetHints":{"allow":["GET"]}}],"collection":[{"href":"https:\/\/13.com.ar\/index.php\/wp-json\/wp\/v2\/posts"}],"about":[{"href":"https:\/\/13.com.ar\/index.php\/wp-json\/wp\/v2\/types\/post"}],"author":[{"embeddable":true,"href":"https:\/\/13.com.ar\/index.php\/wp-json\/wp\/v2\/users\/1"}],"replies":[{"embeddable":true,"href":"https:\/\/13.com.ar\/index.php\/wp-json\/wp\/v2\/comments?post=26371"}],"version-history":[{"count":0,"href":"https:\/\/13.com.ar\/index.php\/wp-json\/wp\/v2\/posts\/26371\/revisions"}],"wp:featuredmedia":[{"embeddable":true,"href":"https:\/\/13.com.ar\/index.php\/wp-json\/wp\/v2\/media\/26372"}],"wp:attachment":[{"href":"https:\/\/13.com.ar\/index.php\/wp-json\/wp\/v2\/media?parent=26371"}],"wp:term":[{"taxonomy":"category","embeddable":true,"href":"https:\/\/13.com.ar\/index.php\/wp-json\/wp\/v2\/categories?post=26371"},{"taxonomy":"post_tag","embeddable":true,"href":"https:\/\/13.com.ar\/index.php\/wp-json\/wp\/v2\/tags?post=26371"}],"curies":[{"name":"wp","href":"https:\/\/api.w.org\/{rel}","templated":true}]}}