{"id":26369,"date":"2025-05-19T12:42:50","date_gmt":"2025-05-19T15:42:50","guid":{"rendered":"https:\/\/13.com.ar\/index.php\/tras-el-brexit-un-acercamiento-como-la-america-de-trump-esta-reunificando-a-europa\/"},"modified":"2025-05-19T12:42:50","modified_gmt":"2025-05-19T15:42:50","slug":"tras-el-brexit-un-acercamiento-como-la-america-de-trump-esta-reunificando-a-europa","status":"publish","type":"post","link":"https:\/\/13.com.ar\/index.php\/tras-el-brexit-un-acercamiento-como-la-america-de-trump-esta-reunificando-a-europa\/","title":{"rendered":"Tras el Brexit, \u00bfun acercamiento? C\u00f3mo la Am\u00e9rica de Trump est\u00e1 reunificando a Europa"},"content":{"rendered":"<p> <br \/>\n<\/p>\n<div id=\"cuerpo\">\n<div class=\"sc-45461e9c-0 eqiBeF container-text text-embed \" id=\"element-body-0\">\n<p>BRUSELAS \u2014 El Brexit desgarr\u00f3 al Reino Unido y a la Uni\u00f3n Europea. <\/p>\n<\/div>\n<div class=\"sc-45461e9c-0 eqiBeF container-text text-embed \" id=\"element-body-1\">\n<p>Ahora, el presidente <strong>Donald Trump<\/strong> est\u00e1 intentando unirlos.<\/p>\n<\/div>\n<div class=\"sc-45461e9c-0 eqiBeF container-text text-embed \" id=\"element-body-2\">\n<p>Cinco a\u00f1os despu\u00e9s de la salida oficial de Gran Breta\u00f1a de la Uni\u00f3n Europea, sus l\u00edderes avanzan con cautela hacia una nueva era de cooperaci\u00f3n. <\/p>\n<\/div>\n<div class=\"sc-45461e9c-0 eqiBeF container-text text-embed \" id=\"element-body-3\">\n<p>En un evento que se ha anunciado como un importante reinicio de las relaciones, ambas partes se reunir\u00e1n en una cumbre hoy lunes en Londres.<\/p>\n<\/div>\n<div class=\"sc-45461e9c-0 eqiBeF container-text text-embed \" id=\"element-body-4\">\n<p>Se espera que anuncien un acuerdo hist\u00f3rico de defensa y seguridad destinado a reforzar la seguridad militar en Europa, a medida que Estados Unidos reduce su compromiso con el continente. <\/p>\n<\/div>\n<div class=\"sc-45461e9c-0 eqiBeF container-text text-embed \" id=\"element-body-5\">\n<p>Los negociadores tambi\u00e9n podr\u00edan anunciar planes para flexibilizar algunas normas sobre el comercio de alimentos y profundizar la cooperaci\u00f3n energ\u00e9tica.<\/p>\n<\/div>\n<div class=\"sc-45461e9c-0 eqiBeF container-text text-embed \" id=\"element-body-6\">\n<p>Es cierto que llegar a un acuerdo sobre la forma de la nueva relaci\u00f3n no ha sido f\u00e1cil. <\/p>\n<\/div>\n<div class=\"sc-45461e9c-0 eqiBeF container-text text-embed \" id=\"element-body-7\">\n<p>A pesar de lo importante que est\u00e1 en juego en materia de defensa, preocupaciones m\u00e1s prosaicas, como los derechos de pesca y un plan para los viajes de j\u00f3venes entre pa\u00edses, han seguido siendo puntos de fricci\u00f3n dolorosos para los negociadores.<\/p>\n<\/div>\n<div class=\"sc-98b114a2-0 bkqiHH image-embed  image-embed \" id=\"element-body-8\"><picture class=\"sc-98b114a2-1 jRUlDm\"><source media=\"(min-width: 975px)\" width=\"720\" height=\"480\" \/><img alt=\"Soldados franceses participan en un ejercicio de combate urbano durante unas maniobras militares conjuntas entre los ej\u00e9rcitos franc\u00e9s y brit\u00e1nico en el noreste de Francia en abril. Foto Sameer Al-Doumy\/Agence France-Presse\" loading=\"lazy\" width=\"720\" height=\"480\" decoding=\"async\" data-nimg=\"1\" style=\"color:transparent\" src=\"https:\/\/13.com.ar\/wp-content\/uploads\/2025\/05\/Tras-el-Brexit-\u00bfun-acercamiento-Como-la-America-de-Trump.jpg\"\/><span class=\"epigraphe\">Soldados franceses participan en un ejercicio de combate urbano durante unas maniobras militares conjuntas entre los ej\u00e9rcitos franc\u00e9s y brit\u00e1nico en el noreste de Francia en abril. Foto Sameer Al-Doumy\/Agence France-Presse<\/span><span class=\"picture-open\"><button class=\"open-image\" aria-label=\"Open Image\"\/><\/span><\/picture><\/div>\n<div class=\"sc-45461e9c-0 eqiBeF container-text text-embed \" id=\"element-body-9\">\n<p>Pero el evento del lunes busca subrayar el compromiso de ambos socios de colaborar en una era geopol\u00edtica cada vez m\u00e1s tensa. <\/p>\n<\/div>\n<p><h2>Temas<\/h2>\n<\/p>\n<div class=\"sc-45461e9c-0 eqiBeF container-text text-embed \" id=\"element-body-11\">\n<p>Un tema central en la agenda general ser\u00e1 c\u00f3mo avanzar en un mundo donde <strong>Estados Unidos se repliega.<\/strong><\/p>\n<\/div>\n<div class=\"sc-45461e9c-0 eqiBeF container-text text-embed \" id=\"element-body-12\">\n<p>Tras d\u00e9cadas de liderazgo global en defensa y la adopci\u00f3n del libre comercio, la administraci\u00f3n Trump est\u00e1 reestructurando fundamentalmente el papel de Estados Unidos en el mundo. <\/p>\n<\/div>\n<div class=\"sc-45461e9c-0 eqiBeF container-text text-embed \" id=\"element-body-13\">\n<p>Trump ha estado presionando a Europa para que asuma una mayor responsabilidad en materia de defensa. <\/p>\n<\/div>\n<div class=\"sc-45461e9c-0 eqiBeF container-text text-embed \" id=\"element-body-14\">\n<p>Ha dejado de apoyar abiertamente a Ucrania y se ha acercado ret\u00f3ricamente a Rusia. Adem\u00e1s, ha librado una guerra comercial contra el mundo, imponiendo aranceles mucho m\u00e1s altos tanto a aliados como a adversarios diplom\u00e1ticos.<\/p>\n<\/div>\n<div class=\"sc-45461e9c-0 eqiBeF container-text text-embed \" id=\"element-body-15\">\n<p>Si bien Gran Breta\u00f1a ha alcanzado un acuerdo comercial limitado con Estados Unidos, este es escaso en detalles y a\u00fan no est\u00e1 finalizado. <\/p>\n<\/div>\n<div class=\"sc-45461e9c-0 eqiBeF container-text text-embed \" id=\"element-body-16\">\n<p>La Uni\u00f3n Europea ha logrado pocos avances evidentes hacia un acuerdo y ha revelado planes para contraatacar a Estados Unidos si no se llega a un acuerdo.<\/p>\n<\/div>\n<div class=\"sc-45461e9c-0 eqiBeF container-text text-embed \" id=\"element-body-17\">\n<p>En este contexto, la reuni\u00f3n del lunes ha cobrado mayor relevancia. <\/p>\n<\/div>\n<div class=\"sc-45461e9c-0 eqiBeF container-text text-embed \" id=\"element-body-18\">\n<p>Puede que Gran Breta\u00f1a haya roto con el bloque porque quer\u00eda actuar por su cuenta en el \u00e1mbito econ\u00f3mico, pero Estados Unidos ha recordado a ambos socios que comparten una serie de problemas comunes abrumadores. <\/p>\n<\/div>\n<p><h2>La cooperaci\u00f3n ser\u00e1 clave<\/h2>\n<\/p>\n<div class=\"sc-45461e9c-0 eqiBeF container-text text-embed \" id=\"element-body-20\">\n<p> \u201cLa alianza es fundamental en estos tiempos tan turbulentos\u201d, declar\u00f3 la semana pasada Kaja Kallas, jefa de la diplomacia de la Uni\u00f3n Europea. John Healey, secretario de Defensa brit\u00e1nico, insisti\u00f3 en lo mismo al declarar a Bloomberg que los \u201cdesaf\u00edos de seguridad que enfrentamos en Europa\u201d requer\u00edan que ambas potencias \u201ccolaboraran\u201d. <\/p>\n<\/div>\n<div class=\"sc-45461e9c-0 eqiBeF container-text text-embed \" id=\"element-body-21\">\n<p>El primer ministro brit\u00e1nico, <strong>Keir Starmer<\/strong>, declar\u00f3:<\/p>\n<\/div>\n<div class=\"sc-45461e9c-0 eqiBeF container-text text-embed \" id=\"element-body-22\">\n<p>\u201cEn estos tiempos de gran incertidumbre y volatilidad, el Reino Unido no responder\u00e1 ensimism\u00e1ndose, sino asumiendo con orgullo su lugar en el escenario mundial, fortaleciendo nuestras alianzas\u201d.<\/p>\n<\/div>\n<p><h2>Un nuevo pacto de defensa y seguridad<\/h2>\n<\/p>\n<div class=\"sc-45461e9c-0 eqiBeF container-text text-embed \" id=\"element-body-24\">\n<p>Los embajadores de la UE se reunir\u00e1n el domingo para debatir los \u00faltimos detalles antes de la cumbre. <\/p>\n<\/div>\n<div class=\"sc-45461e9c-0 eqiBeF container-text text-embed \" id=\"element-body-25\">\n<p>Sin embargo, desde hace tiempo se espera una nueva alianza en materia de defensa.<\/p>\n<\/div>\n<div class=\"sc-45461e9c-0 eqiBeF container-text text-embed \" id=\"element-body-26\">\n<p>La Uni\u00f3n Europea ha estado implementando programas para reforzar su propio sector militar, impulsada por la agresi\u00f3n rusa contra Ucrania, as\u00ed como por la evidencia de que Mosc\u00fa est\u00e1 librando una guerra h\u00edbrida de sabotaje y espionaje en las calles europeas. <\/p>\n<\/div>\n<div class=\"sc-45461e9c-0 eqiBeF container-text text-embed \" id=\"element-body-27\">\n<p>Las autoridades temen que Rusia pueda amenazar a otras naciones europeas en la pr\u00f3xima d\u00e9cada y creen que deben estar preparadas para defenderse en caso de que esto ocurra.<\/p>\n<\/div>\n<div class=\"sc-45461e9c-0 eqiBeF container-text text-embed \" id=\"element-body-28\">\n<p>Pero a medida que se intensifican los esfuerzos de la Uni\u00f3n Europea, persisten importantes preguntas sobre qu\u00e9 tan grande debe ser el papel que Gran Breta\u00f1a (que, despu\u00e9s de todo, eligi\u00f3 abandonar el bloque) deber\u00eda desempe\u00f1ar, particularmente en un programa de pr\u00e9stamo de <strong>150 mil millones de euros<\/strong> (167 mil millones de d\u00f3lares) para financiar las adquisiciones conjuntas de defensa.<\/p>\n<\/div>\n<div class=\"sc-45461e9c-0 eqiBeF container-text text-embed \" id=\"element-body-29\">\n<p>El Reino Unido y su sector de defensa han estado presionando para su inclusi\u00f3n, pero algunos pa\u00edses de la Uni\u00f3n Europea, especialmente Francia, quieren limitar la participaci\u00f3n brit\u00e1nica.<\/p>\n<\/div>\n<div class=\"sc-45461e9c-0 eqiBeF container-text text-embed \" id=\"element-body-30\">\n<p>Otra prioridad de la cumbre es la cooperaci\u00f3n econ\u00f3mica, en la que Gran Breta\u00f1a podr\u00eda beneficiarse. <\/p>\n<\/div>\n<div class=\"sc-45461e9c-0 eqiBeF container-text text-embed \" id=\"element-body-31\">\n<p>Se considera que el acuerdo comercial del Brexit negociado por Boris Johnson, entonces primer ministro brit\u00e1nico, favoreci\u00f3 en gran medida a la Uni\u00f3n Europea. <\/p>\n<\/div>\n<div class=\"sc-45461e9c-0 eqiBeF container-text text-embed \" id=\"element-body-32\">\n<p>Y ante el estancamiento del crecimiento, Starmer espera reducir o eliminar algunos controles comerciales, incluyendo las exportaciones de alimentos y productos animales.<\/p>\n<\/div>\n<div class=\"sc-45461e9c-0 eqiBeF container-text text-embed \" id=\"element-body-33\">\n<p>Aun as\u00ed, \u201cGran Breta\u00f1a est\u00e1 negociando desde una posici\u00f3n de debilidad porque el acuerdo comercial y de cooperaci\u00f3n funciona bastante bien para la UE\u201d, se\u00f1al\u00f3 Jill Rutter, investigadora principal de UK in a Changing Europe, un grupo de expertos en Londres.<\/p>\n<\/div>\n<div class=\"sc-45461e9c-0 eqiBeF container-text text-embed \" id=\"element-body-34\">\n<p>Seg\u00fan la oficina de Starmer, el acuerdo ayudar\u00e1 a los productores brit\u00e1nicos \u201cque enfrentan tr\u00e1mites burocr\u00e1ticos y controles solo para exportar a nuestro socio comercial m\u00e1s cercano y m\u00e1s grande, o que a veces no pueden exportar en absoluto\u201d.<\/p>\n<\/div>\n<div class=\"sc-45461e9c-0 eqiBeF container-text text-embed \" id=\"element-body-35\">\n<p>Sin embargo, muchos expertos creen que el acercamiento puede ser m\u00e1s simb\u00f3lico que pr\u00e1ctico.<\/p>\n<\/div>\n<div class=\"sc-45461e9c-0 eqiBeF container-text text-embed \" id=\"element-body-36\">\n<p>&#8220;Es importante para la seguridad europea que Gran Breta\u00f1a est\u00e9 vinculada a estos programas europeos&#8221;, afirm\u00f3 Anand Menon, profesor de pol\u00edtica europea en el King&#8217;s College de Londres. <\/p>\n<\/div>\n<div class=\"sc-45461e9c-0 eqiBeF container-text text-embed \" id=\"element-body-38\">\n<p>&#8220;No creo que, desde el punto de vista econ\u00f3mico, sea un punto de inflexi\u00f3n&#8221;.<\/p>\n<\/div>\n<div class=\"sc-45461e9c-0 eqiBeF container-text text-embed \" id=\"element-body-39\">\n<p>A cambio de un acuerdo que permita un comercio m\u00e1s fluido de productos alimenticios, Gran Breta\u00f1a podr\u00eda aceptar alinear sus est\u00e1ndares con los de Europa, cambiar las leyes relevantes cuando lo haga Bruselas y aceptar los fallos del Tribunal de Justicia Europeo, la m\u00e1xima autoridad legal del bloque.<\/p>\n<\/div>\n<div class=\"sc-45461e9c-0 eqiBeF container-text text-embed \" id=\"element-body-40\">\n<p>Esas medidas crear\u00edan riesgos pol\u00edticos para Starmer, quien ya est\u00e1 bajo presi\u00f3n pol\u00edtica en su pa\u00eds por parte de Nigel Farage, el veterano activista pro-Brexit que ahora lidera un partido populista de derecha, Reform UK.<\/p>\n<\/div>\n<p><h2>Puntos de fricci\u00f3n: los j\u00f3venes y\u2026 los peces<\/h2>\n<\/p>\n<div class=\"sc-45461e9c-0 eqiBeF container-text text-embed \" id=\"element-body-42\">\n<p>Dos de las \u00e1reas de negociaci\u00f3n m\u00e1s dif\u00edciles han involucrado un plan para permitir que los j\u00f3venes viajen m\u00e1s f\u00e1cilmente entre la Uni\u00f3n Europea y Gran Breta\u00f1a, y el futuro de los derechos de pesca.<\/p>\n<\/div>\n<div class=\"sc-45461e9c-0 eqiBeF container-text text-embed \" id=\"element-body-43\">\n<p>Ambas partes han estado negociando un &#8220;plan de movilidad juvenil&#8221; que ofrecer\u00eda visas a algunos j\u00f3venes para trabajar, estudiar o viajar dentro de sus fronteras. <\/p>\n<\/div>\n<div class=\"sc-45461e9c-0 eqiBeF container-text text-embed \" id=\"element-body-44\">\n<p>Gran Breta\u00f1a, que intenta reducir la inmigraci\u00f3n, quiere limitar el alcance de cualquier plan. <\/p>\n<\/div>\n<div class=\"sc-45461e9c-0 eqiBeF container-text text-embed \" id=\"element-body-45\">\n<p>Tambi\u00e9n ha habido fricciones sobre las tasas universitarias, ya que Europa ha presionado para que Gran Breta\u00f1a ofrezca a los estudiantes europeos las mismas tasas que pagan los brit\u00e1nicos.<\/p>\n<\/div>\n<div class=\"sc-45461e9c-0 eqiBeF container-text text-embed \" id=\"element-body-46\">\n<p>El acceso a las aguas pesqueras ha sido otro importante punto de fricci\u00f3n. El bloque quer\u00eda extender \u2014quiz\u00e1s indefinidamente, pero en cualquier caso, por un largo tiempo\u2014 el acceso de sus pescadores a las aguas brit\u00e1nicas, acordado tras el Brexit. <\/p>\n<\/div>\n<div class=\"sc-45461e9c-0 eqiBeF container-text text-embed \" id=\"element-body-47\">\n<p>Ese acuerdo expira en 2026. <\/p>\n<\/div>\n<div class=\"sc-45461e9c-0 eqiBeF container-text text-embed \" id=\"element-body-48\">\n<p>Gran Breta\u00f1a hab\u00eda estado considerando un acuerdo a m\u00e1s corto plazo, quiz\u00e1s de cuatro a\u00f1os.<\/p>\n<\/div>\n<div class=\"sc-45461e9c-0 eqiBeF container-text text-embed \" id=\"element-body-49\">\n<p>Wouter Beke, eurodiputado belga, pa\u00eds con una importante industria pesquera comercial, envi\u00f3 una carta al \u00f3rgano ejecutivo de la Uni\u00f3n Europea inst\u00e1ndolo a incluir los derechos de pesca en el acuerdo. <\/p>\n<\/div>\n<div class=\"sc-45461e9c-0 eqiBeF container-text text-embed \" id=\"element-body-50\">\n<p>Afirm\u00f3 la importancia de que los pa\u00edses encontraran una soluci\u00f3n que brindara seguridad a los pescadores.<\/p>\n<\/div>\n<div class=\"sc-45461e9c-0 eqiBeF container-text text-embed \" id=\"element-body-51\">\n<p>\u00abCinco a\u00f1os despu\u00e9s del Brexit, este es el comienzo de una nueva relaci\u00f3n\u00bb, dijo. \u00abEl per\u00edodo de transici\u00f3n ha llegado a su fin, y tenemos que ver c\u00f3mo podemos construir el futuro juntos\u00bb.<\/p>\n<\/div>\n<div class=\"sc-45461e9c-0 eqiBeF container-text text-embed \" id=\"element-body-52\">\n<p><strong>c. 2025 The New York Times Company<\/strong><\/p>\n<\/div>\n<\/div>\n<p><br \/>\n<br \/><a href=\"https:\/\/www.clarin.com\/new-york-times-international-weekly\/brexit-acercamiento-america-trump-reunificando-europa_0_iORHbXvFHM.html\">Fuente Clarin.com <\/a><\/p>\n","protected":false},"excerpt":{"rendered":"<p>BRUSELAS \u2014 El Brexit desgarr\u00f3 al Reino Unido y a la Uni\u00f3n Europea. Ahora, el presidente Donald Trump est\u00e1 intentando unirlos. Cinco a\u00f1os despu\u00e9s de la salida oficial de Gran Breta\u00f1a de la Uni\u00f3n Europea, sus l\u00edderes avanzan con cautela hacia una nueva era de cooperaci\u00f3n. En un evento que se ha anunciado como un [&hellip;]<\/p>\n","protected":false},"author":1,"featured_media":26370,"comment_status":"open","ping_status":"open","sticky":false,"template":"","format":"standard","meta":{"footnotes":""},"categories":[2],"tags":[7754,3432,14238,66,300,363,18572,312,179],"class_list":["post-26369","post","type-post","status-publish","format-standard","has-post-thumbnail","hentry","category-ultimas-noticias","tag-acercamiento","tag-america","tag-brexit","tag-como","tag-esta","tag-europa","tag-reunificando","tag-tras","tag-trump"],"_links":{"self":[{"href":"https:\/\/13.com.ar\/index.php\/wp-json\/wp\/v2\/posts\/26369","targetHints":{"allow":["GET"]}}],"collection":[{"href":"https:\/\/13.com.ar\/index.php\/wp-json\/wp\/v2\/posts"}],"about":[{"href":"https:\/\/13.com.ar\/index.php\/wp-json\/wp\/v2\/types\/post"}],"author":[{"embeddable":true,"href":"https:\/\/13.com.ar\/index.php\/wp-json\/wp\/v2\/users\/1"}],"replies":[{"embeddable":true,"href":"https:\/\/13.com.ar\/index.php\/wp-json\/wp\/v2\/comments?post=26369"}],"version-history":[{"count":0,"href":"https:\/\/13.com.ar\/index.php\/wp-json\/wp\/v2\/posts\/26369\/revisions"}],"wp:featuredmedia":[{"embeddable":true,"href":"https:\/\/13.com.ar\/index.php\/wp-json\/wp\/v2\/media\/26370"}],"wp:attachment":[{"href":"https:\/\/13.com.ar\/index.php\/wp-json\/wp\/v2\/media?parent=26369"}],"wp:term":[{"taxonomy":"category","embeddable":true,"href":"https:\/\/13.com.ar\/index.php\/wp-json\/wp\/v2\/categories?post=26369"},{"taxonomy":"post_tag","embeddable":true,"href":"https:\/\/13.com.ar\/index.php\/wp-json\/wp\/v2\/tags?post=26369"}],"curies":[{"name":"wp","href":"https:\/\/api.w.org\/{rel}","templated":true}]}}