{"id":26367,"date":"2025-05-19T12:39:38","date_gmt":"2025-05-19T15:39:38","guid":{"rendered":"https:\/\/13.com.ar\/index.php\/que-paso-con-la-denuncia-que-apuntaba-a-una-venganza-narco\/"},"modified":"2025-05-19T12:39:38","modified_gmt":"2025-05-19T15:39:38","slug":"que-paso-con-la-denuncia-que-apuntaba-a-una-venganza-narco","status":"publish","type":"post","link":"https:\/\/13.com.ar\/index.php\/que-paso-con-la-denuncia-que-apuntaba-a-una-venganza-narco\/","title":{"rendered":"que pas\u00f3 con la denuncia que apuntaba a una venganza narco"},"content":{"rendered":"<p> <br \/>\n<br \/><img decoding=\"async\" src=\"https:\/\/13.com.ar\/wp-content\/uploads\/2025\/05\/que-paso-con-la-denuncia-que-apuntaba-a-una-venganza.jpg\" \/><\/p>\n<div id=\"element-body-0\">\n<p>La jueza federal de Goya, <strong>Cristina Pozzer Penzo<\/strong>, archiv\u00f3 la denuncia que relacionaba la sustracci\u00f3n de <strong>Loan Danilo Pe\u00f1a<\/strong> con una venganza narco. Esa hip\u00f3tesis hab\u00eda sido aportada por <strong>Gustavo Vera<\/strong>, de la Fundaci\u00f3n La Alameda, en base a informaci\u00f3n que le hab\u00eda acercado <strong>Nicol\u00e1s Gabriel Soria<\/strong>, quien dec\u00eda ser agente de Interpol, FBI y la DEA.<\/p>\n<\/div>\n<div id=\"element-body-1\">\n<p>Vera se hab\u00eda presentado ante la magistrada para denunciar que Loan hab\u00eda sido secuestrado por el denominado \u201cClan L\u00f3pez\u201d de Goya tras una serie de allanamientos simult\u00e1neos dispuestos por la Justicia federal en una causa por tr\u00e1fico de drogas.<\/p>\n<\/div>\n<div id=\"element-body-2\">\n<p>Uno de esos procedimientos se realiz\u00f3 en la zona de 9 de Julio (Corrientes) y habr\u00eda estado a cargo de la Polic\u00eda Federal. Los agentes cumplieron la orden de requisa de una propiedad apenas unas horas antes que se reportara la desaparici\u00f3n de Loan.<\/p>\n<\/div>\n<div id=\"element-body-3\">\n<p>En su af\u00e1n de relacionar la sustracci\u00f3n del chico con el narcotr\u00e1fico, Soria se habr\u00eda contactado con Vera para aportarle datos que supuestamente probaban el v\u00ednculo entre los dos casos.<\/p>\n<\/div>\n<div id=\"element-body-5\">\n<p>Soria, que lleg\u00f3 a 9 de Julio apenas unos d\u00edas despu\u00e9s de la desaparici\u00f3n de Loan, sosten\u00eda que <strong>el chico hab\u00eda sido secuestrado por el \u201cClan L\u00f3pez\u201d de Goya <\/strong>para \u201cnegociar\u201d la libertad de dos de sus integrantes, presos por narcotr\u00e1fico: Melanie y Lautaro, familiares de <strong>Javier \u201cCabeza\u201d L\u00f3pez<\/strong>, quien lideraba la organizaci\u00f3n desde una c\u00e1rcel federal de Chaco.<\/p>\n<\/div>\n<div id=\"element-body-6\">\n<p>Tras analizar los datos incorporados a la causa tras una serie de medidas de prueba, la jueza Pozzer Penzo concluy\u00f3 que no surgi\u00f3 ning\u00fan elemento de prueba que relacionara a los L\u00f3pez o sus medio hermanos, <strong>M\u00f3nica y Roberto Sotelo<\/strong>, con la desaparici\u00f3n de Loan. \u201cNo se comprob\u00f3 il\u00edcito penal alguno\u201d, concluy\u00f3.<\/p>\n<\/div>\n<div id=\"element-body-7\">\n<p>El archivo de la denuncia de Vera marca tambi\u00e9n el despeje del camino para elevar el expediente principal a juicio oral. <\/p>\n<\/div>\n<div id=\"element-body-9\">\n<p>La C\u00e1mara Federal de Apelaciones de Corrientes le otorg\u00f3 a Pozzer Penzo una pr\u00f3rroga extraordinaria para cerrar su investigaci\u00f3n. Ese plazo finaliza en dos meses.<\/p>\n<\/div>\n<div id=\"element-body-10\">\n<p>La jueza ya dio por concluida la investigaci\u00f3n que involucra a una decena de personas acusadas de entorpecer e intentar desviar la investigaci\u00f3n por la decisi\u00f3n de Loan Danilo Pe\u00f1a.<\/p>\n<\/div>\n<div id=\"element-body-11\">\n<p>Se trata de Valeria Liliana L\u00f3pez (50), Delfina Taborda (22), Leonardo Daniel Rubio (38), Ver\u00f3nica Paola Machuca Yuni (50), la abogada Elizabeth Noem\u00ed Cutaia (45), Pablo Javier Noguera (43), Alan Juan Jos\u00e9 Ca\u00f1ete (32), Pablo Gabriel Nu\u00f1ez y Federico Rossi Colombo (43); y Soria (43), el falso agente norteamericano.<\/p>\n<\/div>\n<div id=\"element-body-13\">\n<p>El grupo se hizo pasar por un equipo interdisciplinario enviado por la <strong>Fundaci\u00f3n Lucio Dupuy<\/strong>, lo cual fue desmentido semanas despu\u00e9s. <\/p>\n<\/div>\n<div id=\"element-body-14\">\n<p>Cutaia y Ca\u00f1ete incluso realizaron una especie de \u201creconstrucci\u00f3n\u201d de la desaparici\u00f3n en la zona de El Algarrobal, con la participaci\u00f3n de los menores que ese 13 de junio acompa\u00f1aban a Loan. <\/p>\n<\/div>\n<div id=\"element-body-15\">\n<p>Todos actuaron sin autorizaci\u00f3n del Juzgado Federal de Goya y gestionaron ante la Municipalidad de 9 de Julio el pago de una millonaria suma para costear los gastos de estad\u00eda y traslados.<\/p>\n<\/div>\n<div id=\"element-body-17\">\n<p>En septiembre la jueza Pozzer Penzo orden\u00f3 la detenci\u00f3n de todo el grupo y luego los proces\u00f3 por privaci\u00f3n ileg\u00edtima de la libertad por haber llevado a <strong>Camila N\u00fa\u00f1ez y Macarena Pe\u00f1a<\/strong>, primas de Loan, a un hotel del pueblo, donde las retuvieron durante varios d\u00edas.<\/p>\n<\/div>\n<div id=\"element-body-18\">\n<p>Para ese entonces ya se hab\u00eda sumado al grupo Nicol\u00e1s Gabriel Soria, quien se hac\u00eda pasar por integrante de la oficina de inteligencia de Estados Unidos y de Interpol.<\/p>\n<\/div>\n<div id=\"element-body-19\">\n<p>La jueza les otorg\u00f3 la excarcelaci\u00f3n, excepto a Soria por considerar que existe riesgo de fuga, y ahora decidi\u00f3 que esa causa sea elevada al Tribunal Oral Federal de Corrientes para el dictado de sentencia tras un juicio oral.<\/p>\n<\/div>\n<div id=\"element-body-20\">\n<p>Por la sustracci\u00f3n de Loan est\u00e1n procesados Laudelina Pe\u00f1a (46), su marido Bernardino Ben\u00edtez (38), M\u00f3nica del Carmen Millapi (36) y su esposo Daniel &#8220;Fierrito&#8221; Ram\u00edrez (50), la funcionaria Maria Victoria Caillava (53) y su marido, el marino retirado Carlos P\u00e9rez (63), adem\u00e1s del entonces comisario de 9 de Walter Maciel (44).<\/p>\n<\/div>\n<p><br \/>\n<br \/><a href=\"https:\/\/www.clarin.com\/policiales\/caso-loan-paso-denuncia-apuntaba-venganza-narco_0_H80RXSC7uL.html\">Fuente Clarin.com <\/a><\/p>\n","protected":false},"excerpt":{"rendered":"<p>La jueza federal de Goya, Cristina Pozzer Penzo, archiv\u00f3 la denuncia que relacionaba la sustracci\u00f3n de Loan Danilo Pe\u00f1a con una venganza narco. Esa hip\u00f3tesis hab\u00eda sido aportada por Gustavo Vera, de la Fundaci\u00f3n La Alameda, en base a informaci\u00f3n que le hab\u00eda acercado Nicol\u00e1s Gabriel Soria, quien dec\u00eda ser agente de Interpol, FBI y [&hellip;]<\/p>\n","protected":false},"author":1,"featured_media":26368,"comment_status":"open","ping_status":"open","sticky":false,"template":"","format":"standard","meta":{"footnotes":""},"categories":[2],"tags":[18571,18,4036,1326,158,73,8381],"class_list":["post-26367","post","type-post","status-publish","format-standard","has-post-thumbnail","hentry","category-ultimas-noticias","tag-apuntaba","tag-con","tag-denuncia","tag-narco","tag-paso","tag-una","tag-venganza"],"_links":{"self":[{"href":"https:\/\/13.com.ar\/index.php\/wp-json\/wp\/v2\/posts\/26367","targetHints":{"allow":["GET"]}}],"collection":[{"href":"https:\/\/13.com.ar\/index.php\/wp-json\/wp\/v2\/posts"}],"about":[{"href":"https:\/\/13.com.ar\/index.php\/wp-json\/wp\/v2\/types\/post"}],"author":[{"embeddable":true,"href":"https:\/\/13.com.ar\/index.php\/wp-json\/wp\/v2\/users\/1"}],"replies":[{"embeddable":true,"href":"https:\/\/13.com.ar\/index.php\/wp-json\/wp\/v2\/comments?post=26367"}],"version-history":[{"count":0,"href":"https:\/\/13.com.ar\/index.php\/wp-json\/wp\/v2\/posts\/26367\/revisions"}],"wp:featuredmedia":[{"embeddable":true,"href":"https:\/\/13.com.ar\/index.php\/wp-json\/wp\/v2\/media\/26368"}],"wp:attachment":[{"href":"https:\/\/13.com.ar\/index.php\/wp-json\/wp\/v2\/media?parent=26367"}],"wp:term":[{"taxonomy":"category","embeddable":true,"href":"https:\/\/13.com.ar\/index.php\/wp-json\/wp\/v2\/categories?post=26367"},{"taxonomy":"post_tag","embeddable":true,"href":"https:\/\/13.com.ar\/index.php\/wp-json\/wp\/v2\/tags?post=26367"}],"curies":[{"name":"wp","href":"https:\/\/api.w.org\/{rel}","templated":true}]}}