{"id":26357,"date":"2025-05-19T12:21:27","date_gmt":"2025-05-19T15:21:27","guid":{"rendered":"https:\/\/13.com.ar\/index.php\/quienes-eran-las-dos-jovenes-promesas-que-murieron-en-el-choque-del-buque-mexicano-contra-el-puente-de-brooklyn\/"},"modified":"2025-05-19T12:21:27","modified_gmt":"2025-05-19T15:21:27","slug":"quienes-eran-las-dos-jovenes-promesas-que-murieron-en-el-choque-del-buque-mexicano-contra-el-puente-de-brooklyn","status":"publish","type":"post","link":"https:\/\/13.com.ar\/index.php\/quienes-eran-las-dos-jovenes-promesas-que-murieron-en-el-choque-del-buque-mexicano-contra-el-puente-de-brooklyn\/","title":{"rendered":"Qui\u00e9nes eran las dos j\u00f3venes promesas que murieron en el choque del buque mexicano contra el puente de Brooklyn"},"content":{"rendered":"<p> <br \/>\n<br \/><img decoding=\"async\" src=\"https:\/\/13.com.ar\/wp-content\/uploads\/2025\/05\/Quienes-eran-las-dos-jovenes-promesas-que-murieron-en-el.jpg\" \/><\/p>\n<div id=\"element-body-0\">\n<p>El s\u00e1bado a la noche se produjo una devastadora tragedia en Nueva York: el buque escuela mexicano Cuauht\u00e9moc choc\u00f3 contra el puente de Brooklyn y <strong>dos personas murieron<\/strong>.<\/p>\n<\/div>\n<div id=\"element-body-1\">\n<p>El alcalde de Nueva York,<strong> Eric Adams<\/strong>, dijo que el buque hab\u00eda perdido potencia antes de impactar contra el puente. Como consecuencia del choque, &#8220;de las 277 personas que iban a bordo, 19 hab\u00edan resultado heridas, dos de ellas en estado cr\u00edtico, mientras que otras dos desgraciadamente murieron a consecuencia de sus heridas&#8221;, inform\u00f3.<\/p>\n<\/div>\n<div id=\"element-body-2\">\n<p>Las v\u00edctimas fueron la cadete Am\u00e9rica Yamilet S\u00e1nchez y el marino <strong>Adal Jair Maldonado Marcos<\/strong>. \u00bfQui\u00e9nes eran?<\/p>\n<\/div>\n<div id=\"element-body-3\">\n<p>Los dos eran j\u00f3venes promesas de la navegaci\u00f3n, destacados por sus pares y superiores.<\/p>\n<\/div>\n<div id=\"element-body-4\">\n<p>S\u00e1nchez era una cadete de 21 a\u00f1os de Veracruz, residente de Xalapa. Seg\u00fan La Jornada, sus familiares y amigos la describieron como una joven \u201calegre y siempre cercana a su familia\u201d con \u201cuna vocaci\u00f3n arraigada por su carrera naval\u201d. Falleci\u00f3 haciendo lo que le gustaba, dijeron.<\/p>\n<\/div>\n<div id=\"element-body-5\">\n<p>Su cuerpo ser\u00e1 recibido en M\u00e9xico en las pr\u00f3ximas horas y recibir\u00e1 un homenaje en la escuela naval militar de Veracruz.<\/p>\n<\/div>\n<div id=\"element-body-7\">\n<p>El otro marino que falleci\u00f3 fue <em>Adal Jair Marcos<\/em>. Ten\u00eda 22 a\u00f1os. Era originario de Oaxaca y residente del estado de Puebla. Hab\u00eda pasado los \u00faltimos nueve meses de su vida en altamar.<\/p>\n<\/div>\n<div id=\"element-body-8\">\n<p>Adal se form\u00f3 en la Escuela Secundaria de la ESFI en Salina Cruz y posteriormente se uni\u00f3 al buque escuela Cuauht\u00e9moc. Sus amigos lo nombraban &#8220;Marcos&#8221; y lo apodaban \u201cTyson\u201d por su car\u00e1cter fuerte y su pasi\u00f3n por el boxeo.<\/p>\n<\/div>\n<div id=\"element-body-11\">\n<p>Las autoridades de Estados Unidos abrieron el domingo una investigaci\u00f3n por el choque del buque escuela mexicano Cuauht\u00e9moc contra el ic\u00f3nico puente.<\/p>\n<\/div>\n<div id=\"element-body-12\">\n<p>La parte superior de los m\u00e1stiles del nav\u00edo, de 48,2 metros de altura, impact\u00f3 ante la mirada de los transe\u00fantes contra la infraestructura, uno de los principales atractivos tur\u00edsticos de la metr\u00f3polis y que une Manhattan y Brooklyn.<\/p>\n<\/div>\n<div id=\"element-body-13\">\n<p>Algunos de los miembros de la tripulaci\u00f3n se encontraban sobre los soportes y las jarcias de las velas al momento del impacto, como se ve en los muchos videos compartidos en redes sociales por testigos que caminaban cerca de la orilla del East River.<\/p>\n<\/div>\n<div id=\"element-body-14\">\n<div class=\"sc-c2c2a3c6-1 kQhBlc videoText videoText\">\n<h2>Video<\/h2>\n<p>As\u00ed de vivi\u00f3 la tragedia y el rescate tras el choque del buque de la Armada de M\u00e9xico contra el puente de Brooklyn en Nueva York<\/p>\n<\/div>\n<\/div>\n<div id=\"element-body-15\">\n<p>La Agencia de Seguridad en el Transporte de Estados Unidos (NTSB) anunci\u00f3 el domingo en X que despleg\u00f3 un equipo de expertos para investigar.<\/p>\n<\/div>\n<div id=\"element-body-16\">\n<p>El buque, cuya pr\u00f3xima etapa iba a ser Islandia, en vez de dirigirse al sur, hacia mar abierto, cruz\u00f3 pr\u00e1cticamente en l\u00ednea recta el r\u00edo antes de impactar contra el puente al lado de uno de los pilares.<\/p>\n<\/div>\n<div id=\"element-body-17\">\n<p>Hab\u00eda iniciado un viaje de siete meses el 6 de abril desde su base de operaciones en el balneario de Acapulco, que iba a concluir en diciembre.<\/p>\n<\/div>\n<div id=\"element-body-18\">\n<p>Minutos antes del accidente, zarp\u00f3 de un muelle del sur de Manhattan tras recibir la visita durante los \u00faltimos d\u00edas de centenares de curiosos, muy iluminado y engalanado con banderas mexicanas y las de otros pa\u00edses visitados. Poco a poco se fue acercando peligrosamente al puente.<\/p>\n<\/div>\n<div id=\"element-body-20\">\n<p>La mayor parte de la tripulaci\u00f3n del buque de vela de la Armada mexicana que choc\u00f3 contra el puente de Brooklyn en Nueva York retorn\u00f3 a M\u00e9xico en un vuelo comercial, informaron el lunes autoridades navales.<\/p>\n<\/div>\n<div id=\"element-body-21\">\n<p>Durante la madrugada arribaron a la ciudad sure\u00f1a Veracruz, en el Golfo de Mexico, unos 172 cadetes, el capit\u00e1n, tres oficiales y tres clases que integraban la tripulaci\u00f3n del Buque Escuela Velero Cuauht\u00e9moc, indic\u00f3 en un comunicado la Secretar\u00eda de Marina.<\/p>\n<\/div>\n<div id=\"element-body-22\">\n<p>En Nueva York s\u00f3lo quedaron dos cadetes que se encuentran bajo atenci\u00f3n m\u00e9dica en condici\u00f3n estable, refiri\u00f3 el comunicado.<\/p>\n<\/div>\n<div id=\"element-body-23\">\n<p>Fuentes principales: AFP y AP<\/p>\n<\/div>\n<p><br \/>\n<br \/><a href=\"https:\/\/www.clarin.com\/internacional\/jovenes-promesas-murieron-choque-buque-mexicano-puente-brooklyn_0_eGw8IVFMI9.html\">Fuente Clarin.com <\/a><\/p>\n","protected":false},"excerpt":{"rendered":"<p>El s\u00e1bado a la noche se produjo una devastadora tragedia en Nueva York: el buque escuela mexicano Cuauht\u00e9moc choc\u00f3 contra el puente de Brooklyn y dos personas murieron. El alcalde de Nueva York, Eric Adams, dijo que el buque hab\u00eda perdido potencia antes de impactar contra el puente. Como consecuencia del choque, &#8220;de las 277 [&hellip;]<\/p>\n","protected":false},"author":1,"featured_media":26358,"comment_status":"open","ping_status":"open","sticky":false,"template":"","format":"standard","meta":{"footnotes":""},"categories":[2],"tags":[4068,10199,428,835,100,59,1785,2922,48,1170,1787,3540,1391,1784],"class_list":["post-26357","post","type-post","status-publish","format-standard","has-post-thumbnail","hentry","category-ultimas-noticias","tag-brooklyn","tag-buque","tag-choque","tag-contra","tag-del","tag-dos","tag-eran","tag-jovenes","tag-las","tag-mexicano","tag-murieron","tag-promesas","tag-puente","tag-quienes"],"_links":{"self":[{"href":"https:\/\/13.com.ar\/index.php\/wp-json\/wp\/v2\/posts\/26357","targetHints":{"allow":["GET"]}}],"collection":[{"href":"https:\/\/13.com.ar\/index.php\/wp-json\/wp\/v2\/posts"}],"about":[{"href":"https:\/\/13.com.ar\/index.php\/wp-json\/wp\/v2\/types\/post"}],"author":[{"embeddable":true,"href":"https:\/\/13.com.ar\/index.php\/wp-json\/wp\/v2\/users\/1"}],"replies":[{"embeddable":true,"href":"https:\/\/13.com.ar\/index.php\/wp-json\/wp\/v2\/comments?post=26357"}],"version-history":[{"count":0,"href":"https:\/\/13.com.ar\/index.php\/wp-json\/wp\/v2\/posts\/26357\/revisions"}],"wp:featuredmedia":[{"embeddable":true,"href":"https:\/\/13.com.ar\/index.php\/wp-json\/wp\/v2\/media\/26358"}],"wp:attachment":[{"href":"https:\/\/13.com.ar\/index.php\/wp-json\/wp\/v2\/media?parent=26357"}],"wp:term":[{"taxonomy":"category","embeddable":true,"href":"https:\/\/13.com.ar\/index.php\/wp-json\/wp\/v2\/categories?post=26357"},{"taxonomy":"post_tag","embeddable":true,"href":"https:\/\/13.com.ar\/index.php\/wp-json\/wp\/v2\/tags?post=26357"}],"curies":[{"name":"wp","href":"https:\/\/api.w.org\/{rel}","templated":true}]}}