{"id":26354,"date":"2025-05-19T12:12:34","date_gmt":"2025-05-19T15:12:34","guid":{"rendered":"https:\/\/13.com.ar\/index.php\/katya-adaui-reflexiona-sobre-vinculos-y-la-fragilidad-humana\/"},"modified":"2025-05-19T12:12:34","modified_gmt":"2025-05-19T15:12:34","slug":"katya-adaui-reflexiona-sobre-vinculos-y-la-fragilidad-humana","status":"publish","type":"post","link":"https:\/\/13.com.ar\/index.php\/katya-adaui-reflexiona-sobre-vinculos-y-la-fragilidad-humana\/","title":{"rendered":"Katya Adaui reflexiona sobre v\u00ednculos y la fragilidad humana"},"content":{"rendered":"<p> <br \/>\n<\/p>\n<div id=\"cuerpo\">\n<div class=\"sc-45461e9c-0 eqiBeF container-text text-embed \" id=\"element-body-0\">\n<p>Los personajes de <strong><em>Un nombre para tu isla<\/em><\/strong>, cuarto volumen de <strong>cuentos <\/strong>de la <strong>escritora peruana Katya Adaui<\/strong>, deambulan entre aeropuertos, playas y habitaciones de hotel. Se hacen preguntas existenciales sobre el amor, la pareja, los v\u00ednculos. Vuelven a su ciudad natal y pierden mucho m\u00e1s que un reloj. \u201cMe lo robaron. Fue un robo sutil. Casi amable. \u00bfNo es extra\u00f1o decir un robo amable? En mi ciudad te balean despu\u00e9s de entregar el celular sin resistirte\u201d, escribe en \u201cEl arte de perder\u201d, \u00faltimo relato del libro.<\/p>\n<\/div>\n<div class=\"sc-45461e9c-0 eqiBeF container-text text-embed \" id=\"element-body-2\">\n<p>Nacida en Lima pero <strong>residente en Buenos Aires<\/strong> donde<strong> ense\u00f1a en la Carrera de Artes de la Escritura en la Universidad Nacional de las Artes,<\/strong> su literatura oscila entre una impronta latinoamericana innegable y una cierta fibra diletante que remite a algunos de los m\u00e1s brillantes cuentos de Salinger ambientados en la incertidumbre de un verano fatal. Las vacaciones como aquella invitaci\u00f3n al disfrute pero, al mismo tiempo, la oportunidad para que tambi\u00e9n aquello que puede llegar a salir mal, salga mal. All\u00ed es donde<strong> los personajes son invadidos por las dudas m\u00e1s terribles<\/strong>. All\u00ed es donde Adaui bucea antes de ponerse a escribir.<\/p>\n<\/div>\n<div class=\"sc-45461e9c-0 eqiBeF container-text text-embed \" id=\"element-body-3\">\n<p>Autora de novelas y de libros infantiles,<strong> finalista del Premio Ribera del Duero,<\/strong> responde a las preguntas de <strong>Clar\u00edn <\/strong>con la misma serenidad y templanza con la que escribe.<\/p>\n<\/div>\n<div class=\"sc-45461e9c-0 eqiBeF container-text text-embed \" id=\"element-body-4\">\n<p><strong>\u2013\u00bfCu\u00e1l fue el origen de estos cuentos?<\/strong><\/p>\n<\/div>\n<div class=\"sc-45461e9c-0 eqiBeF container-text text-embed \" id=\"element-body-5\">\n<p>\u2013Esta vez quise dedicarme a los amigos y amigas, las parejas, las relaciones cotidianas de familia extendida. Me divert\u00ed mucho creando a toda esta gente y sus mundos, nuevos para m\u00ed. Asocio la escritura a la alegr\u00eda. Fue un a\u00f1o de creaci\u00f3n y otro de hilado fino, haciendo crecer la historia desde el centro; le perd\u00ed el miedo a los di\u00e1logos, repas\u00e9 cada cuento en voz alta hasta dar con cierto ritmo en cada frase.<\/p>\n<\/div>\n<div class=\"sc-45461e9c-0 eqiBeF container-text text-embed \" id=\"element-body-6\">\n<p><strong>\u2013\u00bfC\u00f3mo fue este \u201cperderle el miedo a los di\u00e1logos&#8221;? En estos cuentos se nota que fluyen con bastante naturalidad. \u00bfQu\u00e9 significa para ti la oralidad?<\/strong><\/p>\n<\/div>\n<div class=\"sc-45461e9c-0 eqiBeF container-text text-embed \" id=\"element-body-7\">\n<p>\u2013El di\u00e1logo cuesta, porque debes brindarte a la otredad. No hablan ni piensan como t\u00fa, no son t\u00fa, y tienen que demostrar cada vez su personalidad y parte de sus intenciones. Es el gesto completo: la escucha, el silencio, la interrupci\u00f3n, la duda, la inclinaci\u00f3n del cuerpo, las acciones que pasaron y las que vendr\u00e1n. Como en la vida, la charla debe ser ligera y profunda; entrelazar la hondura con lo banal, tal como hablan nuestros amigos m\u00e1s queridos.<\/p>\n<\/div>\n<div class=\"sc-45461e9c-0 eqiBeF container-text text-embed \" id=\"element-body-8\">\n<p><strong>\u2013Otro aspecto que mencionabas y es clave en estos cuentos es el amor, la pareja, los v\u00ednculos. \u00bfC\u00f3mo quisiste retratar esto?<\/strong><\/p>\n<\/div>\n<div class=\"sc-45461e9c-0 eqiBeF container-text text-embed \" id=\"element-body-9\">\n<p>\u2013Me interesan los universos acotados, de pocas personas a las que les van pasando cosas de las que deben reponerse. Willa Cather dec\u00eda que en todos nosotros hay un \u201cyo inviolable\u201d, algo que no cedemos o entregamos bajo ninguna circunstancia. Quiero que mis personajes sostengan su \u201cyo inviolable\u201d, la dignidad en medio del malentendido.<\/p>\n<\/div>\n<div class=\"sc-98b114a2-0 bkqiHH image-embed  image-embed \" id=\"element-body-10\"><picture class=\"sc-98b114a2-1 jRUlDm\"><source media=\"(min-width: 975px)\" width=\"720\" height=\"480\" \/><img alt=\"Katya Adaui. Foto de Mafer Guzm\u00e1n, 2025, gentileza.\" loading=\"lazy\" width=\"720\" height=\"480\" decoding=\"async\" data-nimg=\"1\" style=\"color:transparent\" src=\"https:\/\/13.com.ar\/wp-content\/uploads\/2025\/05\/Katya-Adaui-reflexiona-sobre-vinculos-y-la-fragilidad-humana.jpg\"\/><span class=\"epigraphe\">Katya Adaui. Foto de Mafer Guzm\u00e1n, 2025, gentileza.<\/span><span class=\"picture-open\"><button class=\"open-image\" aria-label=\"Open Image\"\/><\/span><\/picture><\/div>\n<div class=\"sc-45461e9c-0 eqiBeF container-text text-embed \" id=\"element-body-11\">\n<p><strong>\u2013Este es tu cuarto libro de cuentos. \u00bfQu\u00e9 significa para ti el g\u00e9nero cuento?<\/strong><\/p>\n<\/div>\n<div class=\"sc-45461e9c-0 eqiBeF container-text text-embed \" id=\"element-body-12\">\n<p>\u2013Me produce conmoci\u00f3n leer un buen cuento, se parece al tir\u00f3n que sientes en las pantorrillas cuando te zambulles bajo una ola grande. Adoro escribir cuentos porque entreno mi curiosidad y puedo rendirle homenaje a la multiplicidad de la vida.<\/p>\n<\/div>\n<div class=\"sc-45461e9c-0 eqiBeF container-text text-embed \" id=\"element-body-13\">\n<p><strong>\u2013Hay cierta fibra de Salinger, sobre todo los nueve cuentos, flotando en el aire sobre estos relatos que mantienen cierto misterio de lo no dicho, cierta diletancia. \u00bfQu\u00e9 otra influencia podr\u00edas detectar?<\/strong><\/p>\n<\/div>\n<div class=\"sc-45461e9c-0 eqiBeF container-text text-embed \" id=\"element-body-14\">\n<p>\u2013De Salinger, mmm, ojal\u00e1. El misterio y la diletancia me lo ense\u00f1an Mavis Gallant, Jamaica Kincaid, Vivian Gornick, A.M. Homes. El trabajo con el cuerpo: Carmen Oll\u00e9 y Victoria Guerrero. Que los personajes pueden re\u00edrse, con dignidad a\u00fan en el cinismo: Erri de Luca, Amy Hempel, Hebe Uhart, Kjell Adskildsen. Cuando me apasiona un autor o una autora trato de leer toda su obra para ver los r\u00edos secretos entre ellas, el salto cualitativo entre una y la siguiente, los falsos recuerdos y las obsesiones que se mantienen.<\/p>\n<\/div>\n<div class=\"sc-45461e9c-0 eqiBeF container-text text-embed \" id=\"element-body-15\">\n<p><strong>\u2013Tambi\u00e9n se presenta un universo tem\u00e1tico en torno a los viajes, las vacaciones, el verano. \u00bfQu\u00e9 te genera esto?<\/strong><\/p>\n<\/div>\n<div class=\"sc-45461e9c-0 eqiBeF container-text text-embed \" id=\"element-body-16\">\n<p>\u2013La clase media latinoamericana trabaja mucho para mantener la casa y poder irse una vez al a\u00f1o de vacaciones en familia. Adem\u00e1s se idealizan las vacaciones ajenas en destinos fant\u00e1sticos de Instagram. Y pas\u00f3 que escuch\u00e9 cada vez m\u00e1s la frase: \u201cNo he venido a este lugar para estar peor que en mi casa\u201d. Quise pensar algunos males de la \u00e9poca: la fragmentaci\u00f3n, la ansiedad, la expectativa mediada por las redes sociales y los influencers. A veces el mejor verano es con los amigos y en el lugar de siempre. No hab\u00eda que irse tan lejos.<\/p>\n<\/div>\n<div class=\"sc-45461e9c-0 eqiBeF container-text text-embed \" id=\"element-body-17\">\n<p><strong>\u2013En relaci\u00f3n a esto, que antes defin\u00edas como universos acotados, se nota en tus cuentos cierto inter\u00e9s por las tramas m\u00ednimas. Hay como una especie de &#8220;zoom&#8221; sobre detalles cotidianos que se ampl\u00edan hasta alcanzar zonas inquietantes. \u00bfCoincides?<\/strong><\/p>\n<\/div>\n<div class=\"sc-45461e9c-0 eqiBeF container-text text-embed \" id=\"element-body-18\">\n<p>\u2013Los detalles revelan qui\u00e9nes y c\u00f3mo son los personajes, as\u00ed como los objetos que usan: nos narran  la clase social, los oficios, el uso del espacio y del tiempo; la rutina, los deseos, las relaciones, las jerarqu\u00edas, las p\u00e9rdidas. Crean una atm\u00f3sfera, una amenaza, una posibilidad, una promesa.<\/p>\n<\/div>\n<div class=\"sc-98b114a2-0 bkqiHH image-embed  image-embed \" id=\"element-body-19\"><picture class=\"sc-98b114a2-1 jRUlDm\"><source media=\"(min-width: 975px)\" width=\"720\" height=\"480\" \/><img alt=\"Katya Adaui. Foto: Isabel Wagemann.\" loading=\"lazy\" width=\"720\" height=\"480\" decoding=\"async\" data-nimg=\"1\" style=\"color:transparent\" src=\"https:\/\/13.com.ar\/wp-content\/uploads\/2025\/05\/1747667554_264_Katya-Adaui-reflexiona-sobre-vinculos-y-la-fragilidad-humana.jpg\"\/><span class=\"epigraphe\">Katya Adaui. Foto: Isabel Wagemann.<\/span><span class=\"picture-open\"><button class=\"open-image\" aria-label=\"Open Image\"\/><\/span><\/picture><\/div>\n<div class=\"sc-45461e9c-0 eqiBeF container-text text-embed \" id=\"element-body-20\">\n<p><strong>\u2013\u00bfC\u00f3mo ves la literatura latinoamericana actual?<\/strong><\/p>\n<\/div>\n<div class=\"sc-45461e9c-0 eqiBeF container-text text-embed \" id=\"element-body-21\">\n<p>\u2013Hay escritores y escritoras creando mundos hipn\u00f3ticos o armando t\u00e1ndems o trilog\u00edas involuntarias. Pienso en Fernanda Tr\u00edas, Mar\u00eda Fernanda Ampuero, M\u00f3nica Ojeda, Selva Almada, Mar\u00eda Sonia Cristoff, Jhemy Tineo Mulatillo, Giuseppe Caputo, Camila Fabbri, Magali Etchebarne, Gabriela Cabez\u00f3n C\u00e1mara, por nombrar solo algunos. Mucha potencia porque hay mucha belleza y mucho lenguaje.<\/p>\n<\/div>\n<div class=\"sc-45461e9c-0 eqiBeF container-text text-embed \" id=\"element-body-22\">\n<p><strong>\u2013Trabajas y vives en Buenos Aires. \u00bfEsto afect\u00f3 tu manera de escribir, tus intereses?<\/strong><\/p>\n<\/div>\n<div class=\"sc-45461e9c-0 eqiBeF container-text text-embed \" id=\"element-body-23\">\n<p>\u2013Cambi\u00e9 el agua salada por el agua dulce. Se me juntaron las aguas y algo en m\u00ed sediment\u00f3. Ense\u00f1ar en la p\u00fablica me cambi\u00f3 la vida, me dio m\u00e1s motivos de alegr\u00eda, as\u00ed como el di\u00e1logo con estudiantes y profesores de Artes de la escritura de la UNA.<\/p>\n<\/div>\n<div class=\"sc-45461e9c-0 eqiBeF container-text text-embed \" id=\"element-body-24\">\n<p><strong>\u2013Cada vez m\u00e1s escritoras latinoamericanas se posicionan como referentes. \u00bfObservas una escena fuerte de escritoras mujeres en la actualidad? \u00bfLo vinculas con el crecimiento del feminismo? \u00bfC\u00f3mo lo piensas en un mundo donde se observa el crecimiento de ideolog\u00edas de extrema derecha y discursos de odio que critican a estos movimientos aline\u00e1ndolos con la denominada &#8220;cultura woke&#8221;?<\/strong><\/p>\n<\/div>\n<div class=\"sc-45461e9c-0 eqiBeF container-text text-embed \" id=\"element-body-25\">\n<p>\u2013Ya no necesitamos un var\u00f3n que nos autorice en la escritura. Hay m\u00e1s editoras y m\u00e1s libreras, tambi\u00e9n. Algo de una valent\u00eda conjunta porque otras escritoras nos abrieron el camino y otras son compa\u00f1eras de ruta hoy. El feminismo lo hace posible, una y otra vez. Sabemos que hay espacio para todas. La escritura, al pensar al otro y hacerlo sin prejuicios, se posiciona frente a la intolerancia y el crispamiento, quit\u00e1ndole poder a las voces que desacreditan.<\/p>\n<\/div>\n<div class=\"sc-45461e9c-0 eqiBeF container-text text-embed \" id=\"element-body-26\">\n<p><strong>\u2013Tu libro fue finalista del Premio Ribera del Duero. \u00bfQu\u00e9 signific\u00f3 esto para vos?<\/strong><\/p>\n<\/div>\n<div class=\"sc-45461e9c-0 eqiBeF container-text text-embed \" id=\"element-body-27\">\n<p>\u2013Que debo seguir escribiendo sin distracciones.<\/p>\n<\/div>\n<p><h2>Katya Adaui b\u00e1sico<\/h2>\n<\/p>\n<div class=\"sc-45461e9c-0 eqiBeF container-text text-embed \" id=\"element-body-31\">\n<ul>\n<li>Naci\u00f3 en Lima, en 1977. Es autora de los libros de cuentos <em>Geograf\u00eda de la oscuridad <\/em>(Premio Nacional de Literatura 2023 de Per\u00fa), <em>Aqu\u00ed hay icebergs <\/em>(traducido al ingl\u00e9s por Charco Press) y <em>Algo se nos ha escapado <\/em>(2013), y de las novelas <em>Qui\u00e9nes somos ahora <\/em>(2023) y <em>Nunca sabr\u00e9 lo que entiendo.<\/em><\/li>\n<\/ul>\n<\/div>\n<div class=\"sc-45461e9c-0 eqiBeF container-text text-embed \" id=\"element-body-32\">\n<ul>\n<li>Tambi\u00e9n es autora de cuatro libros infantiles, entre ellos, <em>Otra cosa<\/em> (Premio White Ravens, Premio Fundaci\u00f3n Cuatrogatos y seleccionado por la Feria Infantil del Libro de Bolonia, 2023).<\/li>\n<\/ul>\n<\/div>\n<div class=\"sc-45461e9c-0 eqiBeF container-text text-embed \" id=\"element-body-33\">\n<ul>\n<li>Vive en Buenos Aires y ense\u00f1a en la carrera Artes de la Escritura de la Universidad Nacional de las Artes.<\/li>\n<\/ul>\n<\/div>\n<div class=\"sc-45461e9c-0 eqiBeF container-text text-embed \" id=\"element-body-34\">\n<ul>\n<li>En 2024, <em>Un nombre para tu isla <\/em>fue seleccionado como uno de los cinco finalistas del Premio Ribera del Duero de Narrativa Breve.<\/li>\n<\/ul>\n<\/div>\n<div class=\"sc-45461e9c-0 eqiBeF container-text text-embed \" id=\"element-body-36\">\n<p><strong><em>Un nombre para tu isla<\/em>, Katya Adaui (P\u00e1ginas de espuma).<\/strong><\/p>\n<\/div>\n<\/div>\n<p><script async src=\"\/\/www.instagram.com\/embed.js\"><\/script><br \/>\n<br \/><br \/>\n<br \/><a href=\"https:\/\/www.clarin.com\/cultura\/nombre-isla-katya-adaui-reflexiona-vinculos-fragilidad-humana_0_UtMDWhzgVj.html\">Fuente Clarin.com <\/a><\/p>\n","protected":false},"excerpt":{"rendered":"<p>Los personajes de Un nombre para tu isla, cuarto volumen de cuentos de la escritora peruana Katya Adaui, deambulan entre aeropuertos, playas y habitaciones de hotel. Se hacen preguntas existenciales sobre el amor, la pareja, los v\u00ednculos. Vuelven a su ciudad natal y pierden mucho m\u00e1s que un reloj. \u201cMe lo robaron. Fue un robo [&hellip;]<\/p>\n","protected":false},"author":1,"featured_media":26355,"comment_status":"open","ping_status":"open","sticky":false,"template":"","format":"standard","meta":{"footnotes":""},"categories":[2],"tags":[18565,9556,818,18564,16754,732,3694],"class_list":["post-26354","post","type-post","status-publish","format-standard","has-post-thumbnail","hentry","category-ultimas-noticias","tag-adaui","tag-fragilidad","tag-humana","tag-katya","tag-reflexiona","tag-sobre","tag-vinculos"],"_links":{"self":[{"href":"https:\/\/13.com.ar\/index.php\/wp-json\/wp\/v2\/posts\/26354","targetHints":{"allow":["GET"]}}],"collection":[{"href":"https:\/\/13.com.ar\/index.php\/wp-json\/wp\/v2\/posts"}],"about":[{"href":"https:\/\/13.com.ar\/index.php\/wp-json\/wp\/v2\/types\/post"}],"author":[{"embeddable":true,"href":"https:\/\/13.com.ar\/index.php\/wp-json\/wp\/v2\/users\/1"}],"replies":[{"embeddable":true,"href":"https:\/\/13.com.ar\/index.php\/wp-json\/wp\/v2\/comments?post=26354"}],"version-history":[{"count":0,"href":"https:\/\/13.com.ar\/index.php\/wp-json\/wp\/v2\/posts\/26354\/revisions"}],"wp:featuredmedia":[{"embeddable":true,"href":"https:\/\/13.com.ar\/index.php\/wp-json\/wp\/v2\/media\/26355"}],"wp:attachment":[{"href":"https:\/\/13.com.ar\/index.php\/wp-json\/wp\/v2\/media?parent=26354"}],"wp:term":[{"taxonomy":"category","embeddable":true,"href":"https:\/\/13.com.ar\/index.php\/wp-json\/wp\/v2\/categories?post=26354"},{"taxonomy":"post_tag","embeddable":true,"href":"https:\/\/13.com.ar\/index.php\/wp-json\/wp\/v2\/tags?post=26354"}],"curies":[{"name":"wp","href":"https:\/\/api.w.org\/{rel}","templated":true}]}}