{"id":2631,"date":"2025-02-06T14:34:02","date_gmt":"2025-02-06T17:34:02","guid":{"rendered":"https:\/\/13.com.ar\/index.php\/hace-anos-que-no-me-tiro-un-gas\/"},"modified":"2025-02-06T14:34:02","modified_gmt":"2025-02-06T17:34:02","slug":"hace-anos-que-no-me-tiro-un-gas","status":"publish","type":"post","link":"https:\/\/13.com.ar\/index.php\/hace-anos-que-no-me-tiro-un-gas\/","title":{"rendered":"&#8220;Hace a\u00f1os que no me tiro un gas\u201d"},"content":{"rendered":"<p> <br \/>\n<\/p>\n<div id=\"cuerpo\">\n<div class=\"sc-80531b6b-0 chRIGJ container-text text-embed\">\n<p><strong>Alejandra Maglietti<\/strong> (37) estuvo de invitada en <em>La Noche Perfecta<\/em> (El Trece), el programa conducido por Sebasti\u00e1n Wainraich, y sorprendi\u00f3 al hablar sobre una particular dieta alimenticia que sigue desde hace muchos a\u00f1os.<\/p>\n<\/div>\n<div class=\"sc-80531b6b-0 chRIGJ container-text text-embed\">\n<p>En su paso por el ciclo, la modelo, panelista de Bendita TV (El Nueve) y tambi\u00e9n abogada habl\u00f3 de varios temas de su carrera y record\u00f3 algunos de los momentos que marcaron sus a\u00f1os en la televisi\u00f3n.<\/p>\n<\/div>\n<div class=\"sc-80531b6b-0 chRIGJ container-text text-embed\">\n<p>Sin embargo, en un momento de la entrevista, lleg\u00f3 la hora de que Wainraich le hiciera \u201cla pregunta fuerte\u201d, habitual en el programa. <\/p>\n<\/div>\n<div class=\"sc-80531b6b-0 chRIGJ container-text text-embed\">\n<p><strong>\u201c\u00bfEs verdad que hiciste una vez una dieta anti flatulencias?\u201d<\/strong>, pregunt\u00f3, sin vueltas, el conductor.<\/p>\n<\/div>\n<div class=\"sc-80531b6b-0 chRIGJ container-text text-embed\">\n<p>Luego de desatar las risas de todos los presentes, aunque con un poco de verg\u00fcenza, Maglietti cont\u00f3:<strong> \u201cEs que no la hice una vez, la hago toda la vida\u201d.<\/strong><\/p>\n<\/div>\n<div class=\"sc-80531b6b-0 chRIGJ container-text text-embed\">\n<p>\u201cEn un momento estaba un poco inc\u00f3moda con una situaci\u00f3n que estaba pasando, imagin\u00e9nsela, fui al m\u00e9dico y <strong>me recomend\u00f3 una dieta libre de FODMAPs <\/strong>(NdR:<strong> <\/strong>grupo de carbohidratos que se encuentran en algunos alimentos y que pueden ser dif\u00edciles de digerir). Mucha gente que tuvo este problema la conoce. Entonces yo s\u00e9 qu\u00e9 alimentos me hacen mal y cu\u00e1les no\u201d, continu\u00f3 explicando Alejandra.<\/p>\n<\/div>\n<div class=\"sc-198be8ec-0 cynXbu image-embed  image-embed \"><picture class=\"sc-198be8ec-1 kOjRiQ\"><source media=\"(min-width: 975px)\" width=\"720\" height=\"480\" \/><img alt=\"Alejandra Maglietti dio detalles de su dieta &quot;anti flatulencias&quot;. Foto: Captura TV.\" loading=\"lazy\" width=\"720\" height=\"480\" decoding=\"async\" data-nimg=\"1\" style=\"color:transparent\" src=\"https:\/\/13.com.ar\/wp-content\/uploads\/2025\/02\/Hace-anos-que-no-me-tiro-un-gas.jpg\"\/><span class=\"epigraphe\">Alejandra Maglietti dio detalles de su dieta &#8220;anti flatulencias&#8221;. Foto: Captura TV.<\/span><span class=\"bkg\"\/><span class=\"picture-open\"><button class=\"open-image\" aria-label=\"Open Image\"\/><\/span><\/picture><\/div>\n<div class=\"sc-80531b6b-0 chRIGJ container-text text-embed\">\n<p>Y, como si fuera poco, hizo una revelaci\u00f3n que shocke\u00f3 e hizo aplaudir a todos: <strong>\u201cHace a\u00f1os que no me tiro un gas\u201d.<\/strong><\/p>\n<\/div>\n<div class=\"sc-80531b6b-0 chRIGJ container-text text-embed\">\n<p>\u201cEse problema desapareci\u00f3 de mi vida, ya no es un problema para m\u00ed. Los alimentos que me hacen mal son, por ejemplo, <strong>la cebolla, todo lo que sea fermentado\u2026 <\/strong>eso no, ya s\u00e9 que me va a hacer mal\u201d, agreg\u00f3 Maglietti.<\/p>\n<\/div>\n<div class=\"sc-198be8ec-0 cynXbu image-embed  image-embed \"><picture class=\"sc-198be8ec-1 kOjRiQ\"><source media=\"(min-width: 975px)\" width=\"720\" height=\"480\" \/><img alt=\"Alejandra Maglietti le cont\u00f3 a Sebasti\u00e1n Wainraich de su dieta &quot;anti flatulencias&quot;. Foto: Captura TV.\" loading=\"lazy\" width=\"720\" height=\"480\" decoding=\"async\" data-nimg=\"1\" style=\"color:transparent\" src=\"https:\/\/13.com.ar\/wp-content\/uploads\/2025\/02\/1738863242_189_Hace-anos-que-no-me-tiro-un-gas.jpg\"\/><span class=\"epigraphe\">Alejandra Maglietti le cont\u00f3 a Sebasti\u00e1n Wainraich de su dieta &#8220;anti flatulencias&#8221;. Foto: Captura TV.<\/span><span class=\"bkg\"\/><span class=\"picture-open\"><button class=\"open-image\" aria-label=\"Open Image\"\/><\/span><\/picture><\/div>\n<div class=\"sc-80531b6b-0 chRIGJ container-text text-embed\">\n<p>Y cerr\u00f3: \u201cPero cada uno tiene que ir viendo, porque no todo le va a hacer mal a todos. Vas viendo cu\u00e1les son las que m\u00e1s te irritan el intestino y vas sacando y probando para ver qu\u00e9 te pasa. Vale la pena\u201d.<\/p>\n<\/div>\n<p><h2>Qu\u00e9 es una dieta libre de FODMAPs<\/h2>\n<\/p>\n<div class=\"sc-80531b6b-0 chRIGJ container-text text-embed\">\n<p>Las personas que padecen el<strong> s\u00edndrome de intestino irritable<\/strong> (SII) pueden experimentar dolor abdominal, diarrea y estre\u00f1imiento. Una<strong> dieta baja en carbohidratos fermentables<\/strong> (FODMAP, por sus siglas en ingl\u00e9s) puede ayudar a algunas personas con SII a controlar sus s\u00edntomas.<\/p>\n<\/div>\n<div class=\"sc-80531b6b-0 chRIGJ container-text text-embed\">\n<p>FODMAP significa <strong>oligosac\u00e1ridos, disac\u00e1ridos, monosac\u00e1ridos y polioles fermentables<\/strong>. Estos son tipos de carbohidratos de cadena corta que se encuentran en una variedad de alimentos y que pueden ser dif\u00edciles de absorber en el intestino delgado. Al moverse lentamente, absorben agua y fermentan en el colon, lo que <strong>puede generar hinchaz\u00f3n, dolor y diarrea<\/strong> en personas con SII.<\/p>\n<\/div>\n<div class=\"sc-198be8ec-0 cynXbu image-embed  image-embed \"><picture class=\"sc-198be8ec-1 kOjRiQ\"><source media=\"(min-width: 975px)\" width=\"720\" height=\"480\" \/><img alt=\"Qu\u00e9 es una dieta libre de FODMAPs\" loading=\"lazy\" width=\"720\" height=\"480\" decoding=\"async\" data-nimg=\"1\" style=\"color:transparent\" src=\"https:\/\/13.com.ar\/wp-content\/uploads\/2025\/02\/1738863242_996_Hace-anos-que-no-me-tiro-un-gas.jpg\"\/><span class=\"epigraphe\">Qu\u00e9 es una dieta libre de FODMAPs<\/span><span class=\"bkg\"\/><span class=\"picture-open\"><button class=\"open-image\" aria-label=\"Open Image\"\/><\/span><\/picture><\/div>\n<div class=\"sc-80531b6b-0 chRIGJ container-text text-embed\">\n<p>Los principales tipos de FODMAPs incluyen: <strong>fructanos <\/strong>(ajo, cebolla, trigo), <strong>fructosa <\/strong>(frutas, miel, jarabe de ma\u00edz con alto contenido de fructosa), <strong>galactanos <\/strong>(frijoles y legumbres), <strong>lactosa <\/strong>(productos l\u00e1cteos) y <strong>polioles<\/strong> (manzanas, aguacates, cerezas, alcoholes de az\u00facar).<\/p>\n<\/div>\n<div class=\"sc-80531b6b-0 chRIGJ container-text text-embed\">\n<p>La dieta baja en FODMAP ayuda a identificar qu\u00e9 alimentos desencadenan los s\u00edntomas del SII. Se trata de <strong>una eliminaci\u00f3n temporal de ciertos alimentos,<\/strong> seguida de una reintroducci\u00f3n gradual para determinar cu\u00e1les afectan a cada persona. Es importante realizar esta dieta bajo la supervisi\u00f3n de un profesional de la salud para asegurar un adecuado equilibrio nutricional.<\/p>\n<\/div>\n<\/div>\n<p><br \/>\n<br \/><a href=\"https:\/\/www.clarin.com\/fama\/dieta-antiflatulencias-alejandra-maglietti-hace-anos-tiro-gas_0_Yj8JgbNIBC.html\">Fuente Clarin.com <\/a><\/p>\n","protected":false},"excerpt":{"rendered":"<p>Alejandra Maglietti (37) estuvo de invitada en La Noche Perfecta (El Trece), el programa conducido por Sebasti\u00e1n Wainraich, y sorprendi\u00f3 al hablar sobre una particular dieta alimenticia que sigue desde hace muchos a\u00f1os. En su paso por el ciclo, la modelo, panelista de Bendita TV (El Nueve) y tambi\u00e9n abogada habl\u00f3 de varios temas de [&hellip;]<\/p>\n","protected":false},"author":1,"featured_media":2632,"comment_status":"open","ping_status":"open","sticky":false,"template":"","format":"standard","meta":{"footnotes":""},"categories":[2],"tags":[636,571,1192,719],"class_list":["post-2631","post","type-post","status-publish","format-standard","has-post-thumbnail","hentry","category-ultimas-noticias","tag-anos","tag-gas","tag-hace","tag-tiro"],"_links":{"self":[{"href":"https:\/\/13.com.ar\/index.php\/wp-json\/wp\/v2\/posts\/2631","targetHints":{"allow":["GET"]}}],"collection":[{"href":"https:\/\/13.com.ar\/index.php\/wp-json\/wp\/v2\/posts"}],"about":[{"href":"https:\/\/13.com.ar\/index.php\/wp-json\/wp\/v2\/types\/post"}],"author":[{"embeddable":true,"href":"https:\/\/13.com.ar\/index.php\/wp-json\/wp\/v2\/users\/1"}],"replies":[{"embeddable":true,"href":"https:\/\/13.com.ar\/index.php\/wp-json\/wp\/v2\/comments?post=2631"}],"version-history":[{"count":0,"href":"https:\/\/13.com.ar\/index.php\/wp-json\/wp\/v2\/posts\/2631\/revisions"}],"wp:featuredmedia":[{"embeddable":true,"href":"https:\/\/13.com.ar\/index.php\/wp-json\/wp\/v2\/media\/2632"}],"wp:attachment":[{"href":"https:\/\/13.com.ar\/index.php\/wp-json\/wp\/v2\/media?parent=2631"}],"wp:term":[{"taxonomy":"category","embeddable":true,"href":"https:\/\/13.com.ar\/index.php\/wp-json\/wp\/v2\/categories?post=2631"},{"taxonomy":"post_tag","embeddable":true,"href":"https:\/\/13.com.ar\/index.php\/wp-json\/wp\/v2\/tags?post=2631"}],"curies":[{"name":"wp","href":"https:\/\/api.w.org\/{rel}","templated":true}]}}