{"id":26268,"date":"2025-05-19T06:29:49","date_gmt":"2025-05-19T09:29:49","guid":{"rendered":"https:\/\/13.com.ar\/index.php\/el-congreso-discute-mejoras-jubilatorias-y-la-oposicion-explora-formulas-para-que-no-las-vete-milei\/"},"modified":"2025-05-19T06:29:49","modified_gmt":"2025-05-19T09:29:49","slug":"el-congreso-discute-mejoras-jubilatorias-y-la-oposicion-explora-formulas-para-que-no-las-vete-milei","status":"publish","type":"post","link":"https:\/\/13.com.ar\/index.php\/el-congreso-discute-mejoras-jubilatorias-y-la-oposicion-explora-formulas-para-que-no-las-vete-milei\/","title":{"rendered":"El Congreso discute mejoras jubilatorias y la oposici\u00f3n explora f\u00f3rmulas para que no las vete Milei"},"content":{"rendered":"<p> <br \/>\n<\/p>\n<div id=\"cuerpo\">\n<div class=\"sc-45461e9c-0 eqiBeF container-text text-embed \" id=\"element-body-0\">\n<p>Con el apoyo del macrismo y de la UCR,<strong> la oposici\u00f3n busca cerrar los acuerdos para avanzar con una nueva prestaci\u00f3n previsional que reemplace a la moratoria<\/strong>, un aumento de las jubilaciones de m\u00e1s de un 7 % y una actualizaci\u00f3n del bono de emergencia que lo llevar\u00eda <strong>por encima de los 100.000 pesos<\/strong>, incorpor\u00e1ndolo al haber.<\/p>\n<\/div>\n<div class=\"sc-45461e9c-0 eqiBeF container-text text-embed \" id=\"element-body-1\">\n<p>En este esquema, tanto el kirchnerismo como Encuentro Federal, los radicales d\u00edscolos y la Coalici\u00f3n C\u00edvica quieren evitar que se repita lo ocurrido el a\u00f1o pasado, cuando Javier Milei vet\u00f3 la ley de movilidad jubilatoria dejando los haberes atrasados respecto de la suba inflacionaria.<\/p>\n<\/div>\n<div class=\"sc-45461e9c-0 eqiBeF container-text text-embed \" id=\"element-body-2\">\n<p>En esta ocasi\u00f3n se da una situaci\u00f3n que ya comienza a incomodar a la Casa Rosada. Por un lado, un sector del radicalismo que comanda Rodrigo De Loredo se sum\u00f3 al plan de crear <strong>una prestaci\u00f3n proporcional jubilatoria para quienes no cuentan con los 30 a\u00f1os de aportes<\/strong>, y por otro, los diputados del PRO que responden a <strong>Mauricio Macri<\/strong> tambi\u00e9n avanzan en una propuesta similar.<\/p>\n<\/div>\n<div class=\"sc-45461e9c-0 eqiBeF container-text text-embed \" id=\"element-body-3\">\n<p>La estrategia de la oposici\u00f3n fue justamente dividir los proyectos entre el reemplazo de la moratoria y la actualizaci\u00f3n del bono de emergencia. De esa manera, Encuentro Federal, el bloque de <strong>Miguel Angel Pichetto<\/strong>, y Democracia para Siempre, el espacio que responde a <strong>Facundo Manes<\/strong> y <strong>Mart\u00edn Lousteau<\/strong>, aspiran a consensuar con el kirchnerismo una versi\u00f3n final en la que tambi\u00e9n confluyan radicales y macristas.<\/p>\n<\/div>\n<div class=\"sc-98b114a2-0 bkqiHH image-embed  image-embed \" id=\"element-body-4\"><picture class=\"sc-98b114a2-1 jRUlDm\"><source media=\"(min-width: 975px)\" width=\"720\" height=\"480\" \/><img alt=\"Facundo Manes junto a Pablo Juliano en el recinto de Diputados. Foto: Federico L\u00f3pez Claro.\" loading=\"lazy\" width=\"720\" height=\"480\" decoding=\"async\" data-nimg=\"1\" style=\"color:transparent\" src=\"https:\/\/13.com.ar\/wp-content\/uploads\/2025\/05\/El-Congreso-discute-mejoras-jubilatorias-y-la-oposicion-explora-formulas.jpg\"\/><span class=\"epigraphe\">Facundo Manes junto a Pablo Juliano en el recinto de Diputados. Foto: Federico L\u00f3pez Claro.<\/span><span class=\"picture-open\"><button class=\"open-image\" aria-label=\"Open Image\"\/><\/span><\/picture><\/div>\n<p><h2>Los K se mueven al centro para darle un golpe al Gobierno<\/h2>\n<\/p>\n<div class=\"sc-45461e9c-0 eqiBeF container-text text-embed \" id=\"element-body-6\">\n<p>\u00bfEn qu\u00e9 punto coinciden las distintas fuerzas? En los dict\u00e1menes presentados por la oposici\u00f3n -salvo el oficialismo, los K y la izquierda- promueven en reemplazo de la moratoria la creaci\u00f3n de <strong>una prestaci\u00f3n proporcional,<\/strong> que toma como base la PUAM y que permite a las personas en edad jubilatoria<strong> contabilizar los a\u00f1os de aportes<\/strong>.<\/p>\n<\/div>\n<div class=\"sc-45461e9c-0 eqiBeF container-text text-embed \" id=\"element-body-7\">\n<p>Por lo pronto, el bloque de Uni\u00f3n por la Patria sabe que s\u00f3lo cuenta con el apoyo de la izquierda para impulsar la renovaci\u00f3n de la moratoria. Frente a esta situaci\u00f3n est\u00e1n dispuestos a correrse un poco para el centro, buscan <strong>una propuesta razonable<\/strong> y van a apoyar el proyecto presentado por <strong>Nicol\u00e1s Massot<\/strong> de creaci\u00f3n de una <strong>Prestaci\u00f3n Proporcional por Vejez<\/strong> (PPV).<\/p>\n<\/div>\n<div class=\"sc-45461e9c-0 eqiBeF container-text text-embed \" id=\"element-body-8\">\n<p>En el kirchnerismo entienden que es una de las opciones m\u00e1s inclusivas dentro del <em>vadem\u00e9cum<\/em> previsional que la oposici\u00f3n present\u00f3 en la C\u00e1mara Baja en el debate en comisi\u00f3n. La apuesta es sumar tambi\u00e9n los votos de la Coalici\u00f3n C\u00edvica, la UCR, los provinciales y la izquierda. <\/p>\n<\/div>\n<div class=\"sc-45461e9c-0 eqiBeF container-text text-embed \" id=\"element-body-9\">\n<p>En s\u00edntesis, el objetivo es conseguir <strong>una mayor\u00eda ampliada que garantice los dos tercios para ratificar lo que pueda aprobar el Congreso<\/strong> y rechazar un posible veto de Javier Milei en su misi\u00f3n por garantizar el equilibrio fiscal.<\/p>\n<\/div>\n<p><h2>Aumento de 7,2 % en las jubilaciones y un bono de $ 100 mil<\/h2>\n<\/p>\n<div class=\"sc-45461e9c-0 eqiBeF container-text text-embed \" id=\"element-body-11\">\n<p>Si bien el kirchnerismo est\u00e1 dispuesto a acoplarse a la propuesta de la prestaci\u00f3n previsional tambi\u00e9n aspira a que el resto de la oposici\u00f3n acompa\u00f1e <strong>el aumento de 7,2 % para todas la jubilaciones en un intento por recuperar el porcentaje que los jubilados perdieron en enero de 2024 con la devaluaci\u00f3n<\/strong>.\u00a0\u00a0Adem\u00e1s pide que se incorpore al haber y que sea tomado como base para futuros aumentos.<\/p>\n<\/div>\n<div class=\"sc-45461e9c-0 eqiBeF container-text text-embed \" id=\"element-body-12\">\n<p>Este punto contar\u00eda con el apoyo de todo el arco opositor como as\u00ed tambi\u00e9n la actualizaci\u00f3n del bono\u00a0de<strong> $70.000<\/strong>\u00a0que refuerza los haberes m\u00ednimos. Sobre este punto, las diferencias son los montos porque el kirchnerismo propone llevarlo a <strong>$115.000<\/strong>, cifra que surgi\u00f3 del ajuste de ese aporte de emergencia en funci\u00f3n de la suba de la inflaci\u00f3n. Victoria Tolosa Paz explic\u00f3 que la jubilaci\u00f3n m\u00ednima se ir\u00eda a <strong>$ 432.000<\/strong>.<\/p>\n<\/div>\n<div class=\"sc-45461e9c-0 eqiBeF container-text text-embed \" id=\"element-body-13\">\n<p>Massot, en cambio, propone llevarlo a <strong>$ 100.000<\/strong>, una cifra que surge de una iniciativa que hab\u00eda presentado <strong>Margarita Stolbizer<\/strong> y que en rigor llevaba el\u00a0bono a $105.000.<\/p>\n<\/div>\n<div class=\"sc-45461e9c-0 eqiBeF container-text text-embed \" id=\"element-body-14\">\n<p>La Oficina de Presupuesto del Congreso public\u00f3 recientemente un informe que precisa que si el bono se lleva a $105.000 a partir de junio, el costo fiscal ser\u00eda de $1.164 millones (0,14% del PBI), con un costo anualizado de $1.992 millones (0,23% del producto). Pero si llega a $115.000 el impacto ser\u00eda de $1.500 millones (0,17% ), con un costo anualizado de $2.567 millones (0,30%).<\/p>\n<\/div>\n<div class=\"sc-98b114a2-0 bkqiHH image-embed  image-embed \" id=\"element-body-15\"><picture class=\"sc-98b114a2-1 jRUlDm\"><source media=\"(min-width: 975px)\" width=\"720\" height=\"480\" \/><img alt=\"La UCR de Rodrigo De Loredo tambi\u00e9n condiciona al Gobierno. Foto: Federico L\u00f3pez Claro.\" loading=\"lazy\" width=\"720\" height=\"480\" decoding=\"async\" data-nimg=\"1\" style=\"color:transparent\" src=\"https:\/\/13.com.ar\/wp-content\/uploads\/2025\/05\/1747646989_597_El-Congreso-discute-mejoras-jubilatorias-y-la-oposicion-explora-formulas.jpg\"\/><span class=\"epigraphe\">La UCR de Rodrigo De Loredo tambi\u00e9n condiciona al Gobierno. Foto: Federico L\u00f3pez Claro.<\/span><span class=\"picture-open\"><button class=\"open-image\" aria-label=\"Open Image\"\/><\/span><\/picture><\/div>\n<div class=\"sc-45461e9c-0 eqiBeF container-text text-embed \" id=\"element-body-16\">\n<p>Un dato que pone en alerta al Gobierno es que la propuesta de aumento del bono con su incorporaci\u00f3n a los haberes para que sea tenido en cuenta para futuros incrementos<strong> tambi\u00e9n tiene el respaldo de la UCR,<\/strong> que en su dictamen reclam\u00f3 a la Jefatura de Gabinete que disponga de los recursos ya sea a trav\u00e9s del super\u00e1vit fiscal, la supresi\u00f3n de exenciones tributarias o beneficios fiscales.<\/p>\n<\/div>\n<div class=\"sc-45461e9c-0 eqiBeF container-text text-embed \" id=\"element-body-17\">\n<p>En la variedad de dict\u00e1menes, la oposici\u00f3n busca dejar sin argumentos al oficialismo estableciendo<strong> las fuentes de financiamiento de los aumentos<\/strong>. La Libertad Avanza acompa\u00f1a el proyecto de Silvana Giudici que promueve la creaci\u00f3n de una comisi\u00f3n para definir una reforma del sistema previsional.<\/p>\n<\/div>\n<div class=\"sc-45461e9c-0 eqiBeF container-text text-embed \" id=\"element-body-18\">\n<p>Desde el peronismo tambi\u00e9n se pretende una ampliaci\u00f3n de la PUAM, para que las mujeres puedan adherir a partir de los 60 a\u00f1os en lugar de los 65. Este fin de semana habr\u00e1 una reuni\u00f3n entre los representantes de las fuerzas que impulsan las reformas con la intenci\u00f3n de definir una hoja de ruta para la sesi\u00f3n que convocar\u00e1n el 20 o 21 de mayo.<\/p>\n<\/div>\n<div class=\"sc-45461e9c-0 eqiBeF container-text text-embed \" id=\"element-body-19\">\n<p>La atenci\u00f3n tambi\u00e9n estar\u00e1 puesta en los resultados de las elecciones del domingo en CABA, ya que especulan en el Congreso que una mala performance de La Libertad Avanza podr\u00eda potenciar la reforma previsional. <\/p>\n<\/div>\n<div class=\"sc-45461e9c-0 eqiBeF container-text text-embed \" id=\"element-body-20\">\n<p>En principio, la oposici\u00f3n m\u00e1s \u00e1spera ve que el PRO, el aliado m\u00e1s firme del Gobierno en Diputados<strong>, no estar\u00e1 tan alineado <\/strong>y la presentaci\u00f3n de un dictamen propio de los legisladores que responden a Macri podr\u00eda ser la llave para conseguir los dos tercios.<\/p>\n<\/div>\n<div class=\"sc-45461e9c-0 eqiBeF container-text text-embed \" id=\"element-body-21\">\n<p>Si en Diputados logran consolidar esa mayor\u00eda, en el Senado est\u00e1n m\u00e1s confiados en que <strong>podr\u00e1n superar los dos tercios (48 votos) para rechazar un veto presidencial.<\/strong> En la C\u00e1mara Alta se volte\u00f3 por primera vez un DNU (promov\u00eda un aumento de los fondos reservados de la SIDE), pero hasta aqu\u00ed Milei pudo blindar los vetos a la ley de jubilaciones y de financiamiento de las universidades.<\/p>\n<\/div>\n<\/div>\n<p><br \/>\n<br \/><a href=\"https:\/\/www.clarin.com\/politica\/congreso-discute-mejoras-jubilatorias-oposicion-explora-formulas-vete-milei_0_2uRThGbr2d.html\">Fuente Clarin.com <\/a><\/p>\n","protected":false},"excerpt":{"rendered":"<p>Con el apoyo del macrismo y de la UCR, la oposici\u00f3n busca cerrar los acuerdos para avanzar con una nueva prestaci\u00f3n previsional que reemplace a la moratoria, un aumento de las jubilaciones de m\u00e1s de un 7 % y una actualizaci\u00f3n del bono de emergencia que lo llevar\u00eda por encima de los 100.000 pesos, incorpor\u00e1ndolo [&hellip;]<\/p>\n","protected":false},"author":1,"featured_media":26269,"comment_status":"open","ping_status":"open","sticky":false,"template":"","format":"standard","meta":{"footnotes":""},"categories":[2],"tags":[2010,3327,8817,18529,18528,48,10964,77,7019,16,18530],"class_list":["post-26268","post","type-post","status-publish","format-standard","has-post-thumbnail","hentry","category-ultimas-noticias","tag-congreso","tag-discute","tag-explora","tag-formulas","tag-jubilatorias","tag-las","tag-mejoras","tag-milei","tag-oposicion","tag-para","tag-vete"],"_links":{"self":[{"href":"https:\/\/13.com.ar\/index.php\/wp-json\/wp\/v2\/posts\/26268","targetHints":{"allow":["GET"]}}],"collection":[{"href":"https:\/\/13.com.ar\/index.php\/wp-json\/wp\/v2\/posts"}],"about":[{"href":"https:\/\/13.com.ar\/index.php\/wp-json\/wp\/v2\/types\/post"}],"author":[{"embeddable":true,"href":"https:\/\/13.com.ar\/index.php\/wp-json\/wp\/v2\/users\/1"}],"replies":[{"embeddable":true,"href":"https:\/\/13.com.ar\/index.php\/wp-json\/wp\/v2\/comments?post=26268"}],"version-history":[{"count":0,"href":"https:\/\/13.com.ar\/index.php\/wp-json\/wp\/v2\/posts\/26268\/revisions"}],"wp:featuredmedia":[{"embeddable":true,"href":"https:\/\/13.com.ar\/index.php\/wp-json\/wp\/v2\/media\/26269"}],"wp:attachment":[{"href":"https:\/\/13.com.ar\/index.php\/wp-json\/wp\/v2\/media?parent=26268"}],"wp:term":[{"taxonomy":"category","embeddable":true,"href":"https:\/\/13.com.ar\/index.php\/wp-json\/wp\/v2\/categories?post=26268"},{"taxonomy":"post_tag","embeddable":true,"href":"https:\/\/13.com.ar\/index.php\/wp-json\/wp\/v2\/tags?post=26268"}],"curies":[{"name":"wp","href":"https:\/\/api.w.org\/{rel}","templated":true}]}}