{"id":26266,"date":"2025-05-19T06:26:48","date_gmt":"2025-05-19T09:26:48","guid":{"rendered":"https:\/\/13.com.ar\/index.php\/criticas-pases-de-factura-y-caza-de-brujas-en-el-pro-por-una-derrota-historica\/"},"modified":"2025-05-19T06:26:48","modified_gmt":"2025-05-19T09:26:48","slug":"criticas-pases-de-factura-y-caza-de-brujas-en-el-pro-por-una-derrota-historica","status":"publish","type":"post","link":"https:\/\/13.com.ar\/index.php\/criticas-pases-de-factura-y-caza-de-brujas-en-el-pro-por-una-derrota-historica\/","title":{"rendered":"Cr\u00edticas, pases de factura y caza de brujas en el PRO por una derrota hist\u00f3rica"},"content":{"rendered":"<p> <br \/>\n<br \/><img decoding=\"async\" src=\"https:\/\/13.com.ar\/wp-content\/uploads\/2025\/05\/Criticas-pases-de-factura-y-caza-de-brujas-en-el.jpg\" \/><\/p>\n<div id=\"element-body-0\">\n<p>Derrumbe. Explosi\u00f3n. Y pases de factura. Sobre todo esto \u00faltimo: en plena noche, apenas se conocieron los resultados, los macristas salieron a la caza de los responsables de la peor derrota en la historia desde la fundaci\u00f3n del PRO, hace ya m\u00e1s de 22 a\u00f1os y de la primera ca\u00edda desde aquella victoria de Mauricio Macri en 2005 como candidato a diputado, que la catapult\u00f3, dos a\u00f1os despu\u00e9s, hacia la jefatura de Gobierno y, ocho a\u00f1os m\u00e1s tarde, hasta la mism\u00edsima Casa Rosada.<strong> El problema es la imagen que devuelve el espejo<\/strong>. El alcalde se llama Macri (Jorge) y el que se puso al frente de la campa\u00f1a para elegir legisladores es otro Macri (Mauricio).<\/p>\n<\/div>\n<div id=\"element-body-1\">\n<p>Perder estaba en los planes. Lo que no aparec\u00eda en ning\u00fan esquema era una derrota tan categ\u00f3rica, que releg\u00f3 al PRO al tercer lugar y con una cosecha de votos muy baja, duplicada por La Libertad Avanza. El propio ex presidente hab\u00eda declarado que las mejores chances de la competencia eran para Leandro Santoro, asumiendo lo que dec\u00edan la mayor\u00eda de los encuestadores, que otra vez fallaron. La frustraci\u00f3n fue peor. El basti\u00f3n amarillo amenaza con te\u00f1irse de violeta y la segunda fuerza es el kirchnerismo. Los libertarios se impusieron en nueve de las quince comunas. Si se mantuviera la tendencia para 2027, la cuna del PRO estar\u00eda por primera vez en serios peligros de ser arrebatada.<\/p>\n<\/div>\n<div id=\"element-body-2\">\n<p><strong>\u201cHay que hacer cambios ya. Es urgente\u201d<\/strong>, dec\u00eda uno de los integrantes del Gobierno porte\u00f1o. Seg\u00fan esa visi\u00f3n, y la de otros funcionarios que piden un golpe de tim\u00f3n, desde hoy podr\u00edan abrirse dos caminos. Que Jorge Macri decida por s\u00ed mismo introducir variantes en el Gabinete o que su primo lo intervenga completamente y designe nuevos integrantes.<\/p>\n<\/div>\n<div id=\"element-body-3\">\n<p>Anoche, una voz cercana al jefe del PRO arriesgaba que podr\u00edan sumarse nombres de peso que trabajaron en la gesti\u00f3n de Juntos por el Cambio entre 2015 y 2019 y en la gobernaci\u00f3n bonaerense. Hay quienes se ilusionan con que Mar\u00eda Eugenia Vidal emerja como jefa de Gabinete. Es que la votaci\u00f3n en la Ciudad result\u00f3, adem\u00e1s de un premio para el partido gobernante nacional, un rev\u00e9s para la gesti\u00f3n local. Las cr\u00edticas acechan hace tiempo. Empezaron en el tramo final de la gesti\u00f3n de Horacio Rodr\u00edguez Larreta, aunque se agudizaron apenas el sill\u00f3n qued\u00f3 en manos del ex intendente de Vicente L\u00f3pez.<\/p>\n<\/div>\n<div id=\"element-body-4\">\n<p>Los cuestionamientos no solo se circunscriben a la gesti\u00f3n. La estrategia proselistista result\u00f3 defectuosa. La decisi\u00f3n de desdoblar los comicios y adelantarlos para ganarles de mano a los rivales se volvi\u00f3 un b\u00fameran. El catal\u00e1n \u00c1ntoni Guti\u00e9rrez-Rub\u00ed fue, junto a los Macri, el promotor de aquella iniciativa. El estratega internacional asesor\u00f3 a Cristina Kirchner en 2017, cuando la actual jefa del peronismo perdi\u00f3 con Esteban Bullrich. Luego trabaj\u00f3 para Sergio Massa, en la previa de la derrota con Javier Milei. Ahora fue el turno de Jorge Macri. El sarcasmo afloraba anoche entre los viejos cuadros del PRO: \u201c<strong>Volv\u00e9 Dur\u00e1n Barba, te perdonamos\u201d.<\/strong><\/p>\n<\/div>\n<div id=\"element-body-5\">\n<p>El PRO cometi\u00f3 otros deslices que le costaron caro. Ni Jorge Macri ni Mauricio pudieron retener a Rodr\u00edguez Larreta y, mucho menos, vieron venir que pod\u00eda convertirse en un rival que les sacar\u00eda votantes propios. Otra consecuencia del desdoblamiento de las elecciones nacionales de octubre. Larreta celebr\u00f3 el cuarto puesto -acaso con desmesura, porque no pudo llegar a los dos d\u00edgitos que se hab\u00eda propuesto- y subi\u00f3 al escenario<strong> con el gesto del Topo Gigio<\/strong>, abriendo las manos pegadas a las orejas en se\u00f1al de:<strong><em> \u201cEscuchen\u201d<\/em><\/strong>. Es el mismo gesto que patent\u00f3 Riquelme en la Bombonera, en 2001, para declararle la guerra a la conducci\u00f3n partidaria que lideraba Macri. La venganza de Larreta se sirve en plato fr\u00edo.<\/p>\n<\/div>\n<div id=\"element-body-6\">\n<p>El oficialismo porte\u00f1o tampoco pudo hacer una alianza con la UCR de Mart\u00edn Lousteau ni con la Coalici\u00f3n C\u00edvica de Elisa Carri\u00f3 ni con el socialismo, aliados clave durante los mandatos anteriores. La lista qued\u00f3 en manos de Silvia Lospennato, una diputada aguerrida, pero que empez\u00f3 la campa\u00f1a con poco nivel de conocimiento en el electorado. <strong>\u201cNos quedamos con el amarillo puro y as\u00ed nos fue<\/strong>\u201d, se o\u00eda en el b\u00fanker. \u00bfHabr\u00e1 desde hoy un nuevo enfoque?<\/p>\n<\/div>\n<div id=\"element-body-7\">\n<p>La cuesta se le har\u00e1 pesada a la administraci\u00f3n local rumbo a 2027. Javier Milei, qu\u00e9 duda cabe, <strong>busca someter al partido que gobierna desde 2007<\/strong> <strong>y que parec\u00eda inexpugnable. <\/strong>Manuel Adorni ser\u00e1 desde el 10 de diciembre los ojos de los hermanos Milei en la Legislatura. Sacar una ley podr\u00eda resultar m\u00e1s dif\u00edcil para el PRO. Los libertarios ya avisaron que van por la totalidad del poder. Dif\u00edcilmente sean d\u00f3ciles en el recinto.<\/p>\n<\/div>\n<div id=\"element-body-8\">\n<p>Milei estaba euf\u00f3rico. Lo vieron gritar, gesticular con ademanes de todo tipo y abrazarse con quienes se cruzaba en el hotel LIbertador. A Karina, su hermana, le hizo reverencias en p\u00fablico y, en privado, la halag\u00f3 frente a varios dirigentes del c\u00edrculo chico del poder: <strong>\u201cEsto es tuyo\u201d<\/strong>, le dijo. El Presidente Vaticin\u00f3 que la Ciudad y el pa\u00eds se van a pintar de violeta, pero, al subir al escenario, no pronunci\u00f3 un discurso tan duro como podr\u00eda haberse esperado.<\/p>\n<\/div>\n<div id=\"element-body-9\">\n<p>Quiz\u00e1 ya est\u00e9 pensando en el armado de la provincia de Buenos Aires, donde librar\u00e1 una batalla crucial con Cristina y Axel Kicillof. La elecci\u00f3n de anoche terminar\u00e1 de animar a los macristas (\u00bfo ex macristas?) que quieren una alianza en el principal distrito del pa\u00eds, con o sin el consntimiento de su l\u00edder. El operativo lo comandan Diego Santilli, Cristian Ritondo y Guillermo Montenegro.  Para Macri es una situaci\u00f3n dif\u00edcil. Ayer, despu\u00e9s de emitir su voto,  Milei lo acus\u00f3 de \u201cllor\u00f3n\u201d y de comandar un partido de \u201ccristal\u201d.<\/p>\n<\/div>\n<div id=\"element-body-10\">\n<p><strong>\u2014\u00bfEs el fin del PRO? <\/strong>\u2014le pregunt\u00f3 un cronista de TV al ex presidente cuando estaba a punto de subirse al auto para abandonar el b\u00fanker.<\/p>\n<\/div>\n<div id=\"element-body-11\">\n<p><strong>\u2014Con esa primera pregunta que me hac\u00e9s..<\/strong>. \u2014contest\u00f3 Macri, y cerr\u00f3 la puerta del coche.<\/p>\n<\/div>\n<p><br \/>\n<br \/><a href=\"https:\/\/www.clarin.com\/politica\/criticas-pases-factura-caza-brujas-pro-derrota-historica_0_llARBeTmKJ.html\">Fuente Clarin.com <\/a><\/p>\n","protected":false},"excerpt":{"rendered":"<p>Derrumbe. Explosi\u00f3n. Y pases de factura. Sobre todo esto \u00faltimo: en plena noche, apenas se conocieron los resultados, los macristas salieron a la caza de los responsables de la peor derrota en la historia desde la fundaci\u00f3n del PRO, hace ya m\u00e1s de 22 a\u00f1os y de la primera ca\u00edda desde aquella victoria de Mauricio [&hellip;]<\/p>\n","protected":false},"author":1,"featured_media":26267,"comment_status":"open","ping_status":"open","sticky":false,"template":"","format":"standard","meta":{"footnotes":""},"categories":[2],"tags":[6400,1600,2761,3374,17701,3719,4840,142,1111,73],"class_list":["post-26266","post","type-post","status-publish","format-standard","has-post-thumbnail","hentry","category-ultimas-noticias","tag-brujas","tag-caza","tag-criticas","tag-derrota","tag-factura","tag-historica","tag-pases","tag-por","tag-pro","tag-una"],"_links":{"self":[{"href":"https:\/\/13.com.ar\/index.php\/wp-json\/wp\/v2\/posts\/26266","targetHints":{"allow":["GET"]}}],"collection":[{"href":"https:\/\/13.com.ar\/index.php\/wp-json\/wp\/v2\/posts"}],"about":[{"href":"https:\/\/13.com.ar\/index.php\/wp-json\/wp\/v2\/types\/post"}],"author":[{"embeddable":true,"href":"https:\/\/13.com.ar\/index.php\/wp-json\/wp\/v2\/users\/1"}],"replies":[{"embeddable":true,"href":"https:\/\/13.com.ar\/index.php\/wp-json\/wp\/v2\/comments?post=26266"}],"version-history":[{"count":0,"href":"https:\/\/13.com.ar\/index.php\/wp-json\/wp\/v2\/posts\/26266\/revisions"}],"wp:featuredmedia":[{"embeddable":true,"href":"https:\/\/13.com.ar\/index.php\/wp-json\/wp\/v2\/media\/26267"}],"wp:attachment":[{"href":"https:\/\/13.com.ar\/index.php\/wp-json\/wp\/v2\/media?parent=26266"}],"wp:term":[{"taxonomy":"category","embeddable":true,"href":"https:\/\/13.com.ar\/index.php\/wp-json\/wp\/v2\/categories?post=26266"},{"taxonomy":"post_tag","embeddable":true,"href":"https:\/\/13.com.ar\/index.php\/wp-json\/wp\/v2\/tags?post=26266"}],"curies":[{"name":"wp","href":"https:\/\/api.w.org\/{rel}","templated":true}]}}