{"id":26264,"date":"2025-05-19T06:23:29","date_gmt":"2025-05-19T09:23:29","guid":{"rendered":"https:\/\/13.com.ar\/index.php\/por-que-no-se-sabe-quienes-son-las-supuestas-victimas-del-fentanilo-contaminado\/"},"modified":"2025-05-19T06:23:29","modified_gmt":"2025-05-19T09:23:29","slug":"por-que-no-se-sabe-quienes-son-las-supuestas-victimas-del-fentanilo-contaminado","status":"publish","type":"post","link":"https:\/\/13.com.ar\/index.php\/por-que-no-se-sabe-quienes-son-las-supuestas-victimas-del-fentanilo-contaminado\/","title":{"rendered":"Por qu\u00e9 no se sabe qui\u00e9nes son las supuestas v\u00edctimas del fentanilo contaminado"},"content":{"rendered":"<p> <br \/>\n<br \/><img decoding=\"async\" src=\"https:\/\/13.com.ar\/wp-content\/uploads\/2025\/05\/Por-que-no-se-sabe-quienes-son-las-supuestas-victimas.jpg\" \/><\/p>\n<div id=\"element-body-0\">\n<p>La causa donde se investiga la provisi\u00f3n de fentanilo contaminado a hospitales y centros de salud de la Provincia y de Rosario no tiene nombres propios. <strong>No aparecen identidades de presuntas v\u00edctimas<\/strong>. \u00bfEs porque las familias no quieren llegar a la Justicia? \u00bfO porque <strong>no saben que sus familiares murieron<\/strong> por esa infecci\u00f3n?<\/p>\n<\/div>\n<div id=\"element-body-1\">\n<p>El ins\u00f3lito incidente que puso bajo la lupa los sistemas de control sanitario ser\u00eda un factor clave en <strong>la muerte de al menos nueve pacientes en el Hospital Italiano de La Plata<\/strong>. Y en la afectaci\u00f3n de otros nueve enfermos y m\u00e1s sospechas de infectados en Rosario.<\/p>\n<\/div>\n<div id=\"element-body-2\">\n<p>Pero en el juzgado federal N\u00b0 3 de La Plata, donde est\u00e1 la denuncia que hizo la Administraci\u00f3n Nacional de Medicamentos, Alimentos y Tecnolog\u00eda M\u00e9dica (ANMAT), no est\u00e1n las identidades de las v\u00edctimas. \u201c<strong>No investigamos muertes<\/strong>. Investigamos una contaminaci\u00f3n en un medicamento que lleg\u00f3 a centros p\u00fablicos de salud. Debemos saber por qu\u00e9, d\u00f3nde y qui\u00e9n ser\u00eda el responsable\u201d, es la explicaci\u00f3n jur\u00eddica.<\/p>\n<\/div>\n<div id=\"element-body-3\">\n<p>Se supone que esa irregularidad \u2013el suministro de un medicamento en mal estado- <strong>podr\u00eda haber favorecido el fallecimiento<\/strong> de alguna o de las nueve personas. Pero eso no est\u00e1 corroborado a\u00fan por la instrucci\u00f3n judicial y tampoco aparece como certeza en la denuncia de ANMAT.<\/p>\n<\/div>\n<div id=\"element-body-4\">\n<p>\u201cIncluso, es probable que haya familiares de estos enfermos que <strong>no saben que su ser querido muri\u00f3 luego de haber sido medicados con el fentanilo contaminado<\/strong>\u201d, sugieren desde el Hospital Italiano platense, que nada tiene que ver con el que lleva ese mismo nombre en Capital Federal. En todos los casos se trat\u00f3 de personas que estaban en <strong>una situaci\u00f3n cl\u00ednica grave<\/strong>. Y que atravesaban cuadros que los ubicaban en la terapia intensiva.<\/p>\n<\/div>\n<div id=\"element-body-5\">\n<p>Es que el fentanilo es <strong>un f\u00e1rmaco opi\u00e1ceo sint\u00e9tico<\/strong> aprobado para usar como analg\u00e9sico (alivio del dolor) y anest\u00e9sico. Es aproximadamente 100 veces m\u00e1s potente que la morfina y 50 veces m\u00e1s potente que la hero\u00edna, seg\u00fan coinciden los especialistas.<\/p>\n<\/div>\n<div id=\"element-body-6\">\n<p>En los casos que quedaron bajo el foco judicial, los profesionales del Hospital Italiano lo recetaron a <strong>hombres y mujeres con cuadros grav\u00edsimos<\/strong>. No obstante, hubo indicios de alguna anomal\u00eda cuando advirtieron que un alto porcentaje de los pacientes derivaban en infecciones bacterianas que provocaban neumon\u00edas. Es decir: cualquiera fuera el diagn\u00f3stico que presentaran, <strong>todos terminaban con severas infecciones pulmonares<\/strong>.<\/p>\n<\/div>\n<div id=\"element-body-7\">\n<p>All\u00ed fue donde decidieron iniciar un estudio preliminar interno. El comit\u00e9 de asesores del Italiano constat\u00f3 que 18 de esos internados (de los cuales nueve fallecieron) ten\u00edan una variable en com\u00fan: <strong>todos hab\u00edan sido tratados con fentanilo<\/strong>. El centro asistencial ten\u00eda ampollas de ese producto, adquirido en dos laboratorios. Se habr\u00eda detectado en los envases que entreg\u00f3 HLB Pharma Group contaminaci\u00f3n con las bacterias <em>Ralstonia pickettii<\/em> y <em>Klebsiella pneumoniae<\/em>.<\/p>\n<\/div>\n<div id=\"element-body-8\">\n<p>Todas estas circunstancias que rodearon las muertes <strong>no necesariamente est\u00e1n informadas a los familiares<\/strong>. El juzgado a cargo de Nicol\u00e1s Kreplak inici\u00f3 la investigaci\u00f3n a partir de la denuncia de ANMAT. Es por presunta contaminaci\u00f3n, un delito contemplado en el art\u00edculo 200 del C\u00f3digo Penal. Tipifica \u201cla adulteraci\u00f3n, envenenamiento o falsificaci\u00f3n de sustancias medicinales destinadas al uso p\u00fablico o al consumo de una colectividad\u201d. Y prev\u00e9 <strong>condenas de entre 3 y 10 a\u00f1os de prisi\u00f3n para sus responsables<\/strong>.<\/p>\n<\/div>\n<div id=\"element-body-9\">\n<p>En la primera semana de instrucci\u00f3n, Kreplak orden\u00f3 allanar HLB Pharma, el laboratorio productor del f\u00e1rmaco, que tiene su sede en la calle Intendente Tomkinson, en el partido de San Isidro. Tambi\u00e9n la sede del laboratorio Ramallo, que trabajaba para HLB y tiene sus instalaciones en la localidad de Ramallo, y la droguer\u00eda Nueva Era, en la ciudad de Rosario, que fue la empresa que le vendi\u00f3 el fentanilo al Hospital Italiano de La Plata.<\/p>\n<\/div>\n<div id=\"element-body-10\">\n<p>\u201cSe incaut\u00f3 mercader\u00eda y documentaci\u00f3n en todos los procedimientos. Estamos en la <strong>convocatoria de peritos especializados<\/strong> para analizar estos elementos\u201d, dijeron a <strong>Clar\u00edn <\/strong>en Tribunales.<\/p>\n<\/div>\n<div id=\"element-body-11\">\n<p>Adem\u00e1s, Kreplak convoc\u00f3 como testigo del caso a <strong>Agustina Bisio, la m\u00e9dica que est\u00e1 a cargo de la ANMAT<\/strong>. Su extensa declaraci\u00f3n incluy\u00f3 detalles de los mecanismos que aplica el organismo para el control de medicamentos. Y en especial, los procesos que llevaron a la clausura de HLB Pharma, y las intervenciones anteriores en las que detectaron irregularidades. Por caso, utilizar envases de pl\u00e1stico en f\u00e1rmacos que deb\u00edan envasarse en vidrio.<\/p>\n<\/div>\n<div id=\"element-body-12\">\n<p>Otra inconsistencia que observ\u00f3 el organismo: <strong>no usaban \u201cm\u00e9todos farmacopeicos\u201d<\/strong>, es decir, los protocolos anal\u00edticos oficiales establecidos en una \u201cfarmacopea\u201d, o libro que contiene las normas y especificaciones para la fabricaci\u00f3n y control de calidad de medicamentos y productos farmac\u00e9uticos. Estos m\u00e9todos son utilizados para <strong>verificar la calidad, identidad, pureza y potencia de los medicamentos<\/strong>.<\/p>\n<\/div>\n<div id=\"element-body-13\">\n<p>\u201cTodo laboratorio debe aplicar este tipo de procedimientos, pero <strong>en HLB no estaban<\/strong>\u201d, habr\u00eda sido una de las conclusiones de la funcionaria sanitaria.<\/p>\n<\/div>\n<div id=\"element-body-14\">\n<p>Bisio cont\u00f3 que luego de recibir el estudio preliminar del Italiano comenz\u00f3 la investigaci\u00f3n que incluy\u00f3 <strong>las pruebas y contrapruebas con las c\u00e1psulas de fentanilo<\/strong>. Y que a mediados de mayo \u201ca partir de todas las inconsistencias analizadas\u201d se decidi\u00f3 la sanci\u00f3n a la compa\u00f1\u00eda.<\/p>\n<\/div>\n<div id=\"element-body-15\">\n<p>Por ahora, <strong>no hay particulares damnificados<\/strong> presentados en el proceso que se desarrolla en Tribunales. Kreplak constat\u00f3 que tampoco se hicieron denuncias por fallecimientos de pacientes en el Italiano. Esto solo ocurre cuando hay alguna sospecha de negligencia o mala praxis. Pidi\u00f3 que se releven tambi\u00e9n en la Justicia ordinaria provincial: a una semana de que se destapara el esc\u00e1ndalo del fentanilo, <strong>no hay casos de familiares de v\u00edctimas presentados como querellantes<\/strong>.<\/p>\n<\/div>\n<p><br \/>\n<br \/><a href=\"https:\/\/www.clarin.com\/sociedad\/sabe-supuestas-victimas-fentanilo-contaminado_0_mtb7MY6Ilk.html\">Fuente Clarin.com <\/a><\/p>\n","protected":false},"excerpt":{"rendered":"<p>La causa donde se investiga la provisi\u00f3n de fentanilo contaminado a hospitales y centros de salud de la Provincia y de Rosario no tiene nombres propios. No aparecen identidades de presuntas v\u00edctimas. \u00bfEs porque las familias no quieren llegar a la Justicia? \u00bfO porque no saben que sus familiares murieron por esa infecci\u00f3n? El ins\u00f3lito [&hellip;]<\/p>\n","protected":false},"author":1,"featured_media":26265,"comment_status":"open","ping_status":"open","sticky":false,"template":"","format":"standard","meta":{"footnotes":""},"categories":[2],"tags":[18527,100,3625,48,142,286,1784,161,406,17235,1167],"class_list":["post-26264","post","type-post","status-publish","format-standard","has-post-thumbnail","hentry","category-ultimas-noticias","tag-contaminado","tag-del","tag-fentanilo","tag-las","tag-por","tag-que","tag-quienes","tag-sabe","tag-son","tag-supuestas","tag-victimas"],"_links":{"self":[{"href":"https:\/\/13.com.ar\/index.php\/wp-json\/wp\/v2\/posts\/26264","targetHints":{"allow":["GET"]}}],"collection":[{"href":"https:\/\/13.com.ar\/index.php\/wp-json\/wp\/v2\/posts"}],"about":[{"href":"https:\/\/13.com.ar\/index.php\/wp-json\/wp\/v2\/types\/post"}],"author":[{"embeddable":true,"href":"https:\/\/13.com.ar\/index.php\/wp-json\/wp\/v2\/users\/1"}],"replies":[{"embeddable":true,"href":"https:\/\/13.com.ar\/index.php\/wp-json\/wp\/v2\/comments?post=26264"}],"version-history":[{"count":0,"href":"https:\/\/13.com.ar\/index.php\/wp-json\/wp\/v2\/posts\/26264\/revisions"}],"wp:featuredmedia":[{"embeddable":true,"href":"https:\/\/13.com.ar\/index.php\/wp-json\/wp\/v2\/media\/26265"}],"wp:attachment":[{"href":"https:\/\/13.com.ar\/index.php\/wp-json\/wp\/v2\/media?parent=26264"}],"wp:term":[{"taxonomy":"category","embeddable":true,"href":"https:\/\/13.com.ar\/index.php\/wp-json\/wp\/v2\/categories?post=26264"},{"taxonomy":"post_tag","embeddable":true,"href":"https:\/\/13.com.ar\/index.php\/wp-json\/wp\/v2\/tags?post=26264"}],"curies":[{"name":"wp","href":"https:\/\/api.w.org\/{rel}","templated":true}]}}