{"id":26262,"date":"2025-05-19T06:20:46","date_gmt":"2025-05-19T09:20:46","guid":{"rendered":"https:\/\/13.com.ar\/index.php\/una-automotriz-analiza-ampliar-su-produccion-en-la-argentina-por-segunda-vez-en-menos-de-seis-meses\/"},"modified":"2025-05-19T06:20:46","modified_gmt":"2025-05-19T09:20:46","slug":"una-automotriz-analiza-ampliar-su-produccion-en-la-argentina-por-segunda-vez-en-menos-de-seis-meses","status":"publish","type":"post","link":"https:\/\/13.com.ar\/index.php\/una-automotriz-analiza-ampliar-su-produccion-en-la-argentina-por-segunda-vez-en-menos-de-seis-meses\/","title":{"rendered":"Una automotriz analiza ampliar su producci\u00f3n en la Argentina, por segunda vez en menos de seis meses"},"content":{"rendered":"<p> <br \/>\n<br \/><img decoding=\"async\" src=\"https:\/\/13.com.ar\/wp-content\/uploads\/2025\/05\/Una-automotriz-analiza-ampliar-su-produccion-en-la-Argentina-por.jpg\" \/><\/p>\n<div id=\"element-body-0\">\n<p>Las exportaciones de la industria automotriz registraron un descenso de<strong> 2,9%<\/strong> durante los primeros cuatro meses del a\u00f1o, seg\u00fan las estad\u00edsticas de la Asociaci\u00f3n de Fabricantes de Automotores (ADEFA).<\/p>\n<\/div>\n<div id=\"element-body-1\">\n<p>La c\u00e1mara que agrupa a las terminales automotrices se\u00f1al\u00f3 como factores de ese retroceso una mayor competencia externa (en algunos pa\u00edses de la regi\u00f3n, en el \u00e1rea andina, las ventas de veh\u00edculos chinos ya representan 30% del volumen total) y tambi\u00e9n mencion\u00f3 un \u201cdesbalance en t\u00e9rminos de competitividad\u201d de la Argentina contra sus vecinos.<\/p>\n<\/div>\n<div id=\"element-body-2\">\n<p>El principal factor de ese desbalance pasa por la devaluaci\u00f3n de Brasil, pa\u00eds donde las exportaciones locales <strong>cayeron 9,5% en lo que va del a\u00f1o<\/strong> (tres veces m\u00e1s que la ca\u00edda promedio).<\/p>\n<\/div>\n<div id=\"element-body-3\">\n<p>Fue en ese contexto que, a comienzos de a\u00f1o, la automotriz Ford encar\u00f3 una ampliaci\u00f3n de la capacidad de producci\u00f3n de su f\u00e1brica de General Pacheco, donde produce la pick up <strong>Ranger.<\/strong> Este modelo hab\u00eda demandado una inversi\u00f3n de <strong>580 millones de d\u00f3lares<\/strong> para reacondicionar la planta, sumado a otra inversi\u00f3n de <strong>US$ 80 millones <\/strong>en una nueva f\u00e1brica de motores, para sustituir los que eran importados desde Asia.<\/p>\n<\/div>\n<div id=\"element-body-4\">\n<p>La automotriz llev\u00f3 su producci\u00f3n a un ritmo de <strong>321 pick ups diarias<\/strong>, lo cual arrojar\u00eda cerca de <strong>75.000 unidades <\/strong>anuales a un promedio de 19\/20 d\u00edas h\u00e1biles por mes, de las cuales exporta seis de cada diez unidades.<\/p>\n<\/div>\n<div id=\"element-body-5\">\n<p>Esas ventas al exterior, en el caso de Ford, siguen firmes. As\u00ed se desprende de los movimientos m\u00e1s recientes de esta empresa, que est\u00e1 analizando realizar una nueva ampliaci\u00f3n de su capacidad instalada para producir m\u00e1s unidades.<\/p>\n<\/div>\n<div id=\"element-body-6\">\n<p>La novedad hab\u00eda sido difundida la semana pasada por el sitio especializado brasile\u00f1o Auto Data, en Brasil, que se\u00f1al\u00f3 que Ford podr\u00eda incrementar entre 5% y 10% adicional su producci\u00f3n. En Argentina, el gerente general de Comunicaciones de Ford Argentina, <strong>Osvaldo Santi<\/strong>, admiti\u00f3 que est\u00e1n conversando el tema con los proveedores, pero aclar\u00f3 que que <strong>por el momento s\u00f3lo est\u00e1 &#8220;bajo estudio&#8221;<\/strong>.<\/p>\n<\/div>\n<div id=\"element-body-7\">\n<p>\u201cA comienzos de a\u00f1o ampliamos un 15% nuestra capacidad y <strong>actualmente estamos evaluando un nuevo aumento de producci\u00f3n<\/strong> para satisfacer la creciente demanda\u201d, dijo Santi. \u201cEstamos analizando diversos escenarios, como parte de un estudio que contempla varios factores como la capacidad de cada uno de nuestros proveedores para poder atender el volumen necesario de piezas a entregar, entre otras cuestiones, pero por el momento se trata de un estudio\u201d.<\/p>\n<\/div>\n<div id=\"element-body-8\">\n<p>La ampliaci\u00f3n m\u00e1s reciente hab\u00eda sido entre noviembre y enero, cuando Ford incorpor\u00f3 160 nuevos operarios y subi\u00f3 su ritmo de producci\u00f3n un <strong>14%<\/strong> respecto a 2024 y <strong>28% <\/strong>en comparaci\u00f3n al a\u00f1o del lanzamiento de la nueva Ranger.<\/p>\n<\/div>\n<div id=\"element-body-9\">\n<p>La gama consiste en nueve versiones, todas de doble cabina, y 60% se exporta a Brasil, Chile, Per\u00fa, Colombia, Ecuador, Venezuela y Uruguay, entre otros.<\/p>\n<\/div>\n<div id=\"element-body-10\">\n<p>Entre los planes inmediatos podr\u00eda figurar la fabricaci\u00f3n de una versi\u00f3n en cabina simple, que fue exhibida tanto en la Feria del Transporte de Brasil (Fenatran) como en Expoagro. La Ranger cabina simple no forma todav\u00eda parte de la gama de la nueva generaci\u00f3n, pero podr\u00eda ser una de las novedades de este a\u00f1o.<\/p>\n<\/div>\n<p><br \/>\n<br \/><a href=\"https:\/\/www.clarin.com\/economia\/automotriz-analiza-ampliar-produccion-argentina-segunda-vez-meses_0_eCLAKyANlQ.html\">Fuente Clarin.com <\/a><\/p>\n","protected":false},"excerpt":{"rendered":"<p>Las exportaciones de la industria automotriz registraron un descenso de 2,9% durante los primeros cuatro meses del a\u00f1o, seg\u00fan las estad\u00edsticas de la Asociaci\u00f3n de Fabricantes de Automotores (ADEFA). La c\u00e1mara que agrupa a las terminales automotrices se\u00f1al\u00f3 como factores de ese retroceso una mayor competencia externa (en algunos pa\u00edses de la regi\u00f3n, en el [&hellip;]<\/p>\n","protected":false},"author":1,"featured_media":26263,"comment_status":"open","ping_status":"open","sticky":false,"template":"","format":"standard","meta":{"footnotes":""},"categories":[2],"tags":[6149,10036,288,5561,263,1075,142,3670,110,2227,73,111],"class_list":["post-26262","post","type-post","status-publish","format-standard","has-post-thumbnail","hentry","category-ultimas-noticias","tag-ampliar","tag-analiza","tag-argentina","tag-automotriz","tag-menos","tag-meses","tag-por","tag-produccion","tag-segunda","tag-seis","tag-una","tag-vez"],"_links":{"self":[{"href":"https:\/\/13.com.ar\/index.php\/wp-json\/wp\/v2\/posts\/26262","targetHints":{"allow":["GET"]}}],"collection":[{"href":"https:\/\/13.com.ar\/index.php\/wp-json\/wp\/v2\/posts"}],"about":[{"href":"https:\/\/13.com.ar\/index.php\/wp-json\/wp\/v2\/types\/post"}],"author":[{"embeddable":true,"href":"https:\/\/13.com.ar\/index.php\/wp-json\/wp\/v2\/users\/1"}],"replies":[{"embeddable":true,"href":"https:\/\/13.com.ar\/index.php\/wp-json\/wp\/v2\/comments?post=26262"}],"version-history":[{"count":0,"href":"https:\/\/13.com.ar\/index.php\/wp-json\/wp\/v2\/posts\/26262\/revisions"}],"wp:featuredmedia":[{"embeddable":true,"href":"https:\/\/13.com.ar\/index.php\/wp-json\/wp\/v2\/media\/26263"}],"wp:attachment":[{"href":"https:\/\/13.com.ar\/index.php\/wp-json\/wp\/v2\/media?parent=26262"}],"wp:term":[{"taxonomy":"category","embeddable":true,"href":"https:\/\/13.com.ar\/index.php\/wp-json\/wp\/v2\/categories?post=26262"},{"taxonomy":"post_tag","embeddable":true,"href":"https:\/\/13.com.ar\/index.php\/wp-json\/wp\/v2\/tags?post=26262"}],"curies":[{"name":"wp","href":"https:\/\/api.w.org\/{rel}","templated":true}]}}