{"id":26260,"date":"2025-05-19T06:17:32","date_gmt":"2025-05-19T09:17:32","guid":{"rendered":"https:\/\/13.com.ar\/index.php\/midieron-la-magnitud-de-una-nueva-anomalia-climatica-que-llega-hasta-fin-de-mayo-y-cual-sera-el-dia-mas-frio\/"},"modified":"2025-05-19T06:17:32","modified_gmt":"2025-05-19T09:17:32","slug":"midieron-la-magnitud-de-una-nueva-anomalia-climatica-que-llega-hasta-fin-de-mayo-y-cual-sera-el-dia-mas-frio","status":"publish","type":"post","link":"https:\/\/13.com.ar\/index.php\/midieron-la-magnitud-de-una-nueva-anomalia-climatica-que-llega-hasta-fin-de-mayo-y-cual-sera-el-dia-mas-frio\/","title":{"rendered":"Midieron la magnitud de una nueva anomal\u00eda clim\u00e1tica que llega hasta fin de mayo y cu\u00e1l ser\u00e1 el d\u00eda m\u00e1s fr\u00edo"},"content":{"rendered":"<p> <br \/>\n<br \/><img decoding=\"async\" src=\"https:\/\/13.com.ar\/wp-content\/uploads\/2025\/05\/Midieron-la-magnitud-de-una-nueva-anomalia-climatica-que-llega.jpg\" \/><\/p>\n<div id=\"element-body-0\">\n<p>Durante la jornada electoral de este domingo el <strong>descenso de la temperatura <\/strong>ya se empez\u00f3 a notar en la Ciudad -con una temperatura matutina de 12,9 grados cuando abr\u00edan las urnas-, pero<strong> se profundizar\u00e1 <\/strong>a partir de este lunes y as\u00ed continuar\u00e1 hasta fin de mayo, para redondear un quinto mes del a\u00f1o especialmente<strong> bipolar<\/strong>.<\/p>\n<\/div>\n<div id=\"element-body-1\">\n<p>El hecho es que en la primera quincena se registraron temperaturas hasta tres grados por encima del promedio hist\u00f3rico. Tras una transici\u00f3n tormentosa y un volumen de lluvia fuera de lo habitual durante viernes y s\u00e1bado, las marcas bajar\u00e1n abruptamente y seguir\u00e1n profundizando esa tendencia.<\/p>\n<\/div>\n<div id=\"element-body-2\">\n<p>Que la temperatura m\u00ednima de este domingo no se haya registrado por la ma\u00f1ana, sino <strong>por la noche<\/strong>, habla del tobog\u00e1n t\u00e9rmico en el que ingres\u00f3 el clima, en el que promete continuar hasta encontrar una nueva estabilidad. Si bien a las 8 de la ma\u00f1ana la m\u00ednima hab\u00eda sido de 12,9, ya por la noche el term\u00f3metro descendi\u00f3 a las 23 hasta los<strong> 9,5 grados<\/strong>.<\/p>\n<\/div>\n<div id=\"element-body-3\">\n<p>Seg\u00fan la previsi\u00f3n del Servicio Meteorol\u00f3gico Nacional, la semana que comienza ser\u00eda<strong> la m\u00e1s fr\u00eda<\/strong> de las dos que quedan hasta completar el mes. La anomal\u00eda porte\u00f1a ser\u00e1 de <strong>dos grados por debajo de lo habitual <\/strong>para la \u00e9poca. Para este lunes se pronostic\u00f3 una m\u00ednima de 9 grados y una m\u00e1xima de 16, pero la marca m\u00e1s baja tendr\u00e1 lugar el martes, con<strong> 8 de m\u00ednima<\/strong> -pron\u00f3sticos alternativas indican 6- y 18 de m\u00e1xima.<\/p>\n<\/div>\n<div id=\"element-body-4\">\n<p>El resto de la semana, con valores similares, continuar\u00e1 la misma tendencia. Aunque las m\u00ednimas subir\u00e1n un poco m\u00e1s a partir del jueves. La bipolaridad clim\u00e1tica de este mes se evidencia tambi\u00e9n en que las temperaturas m\u00e1ximas de esta semana <strong>equivaldr\u00e1n<\/strong> a lo que fueron las m\u00ednimas de la anterior.<\/p>\n<\/div>\n<div id=\"element-body-6\">\n<p>Para la semana pr\u00f3xima se anuncia que la anomal\u00eda de temperaturas por debajo de lo normal <strong>continuar\u00e1 en la Ciudad<\/strong>, aunque seg\u00fan el SMN ser\u00eda con menor intensidad: <strong>1 grado<\/strong>. Adem\u00e1s, en este caso el fen\u00f3meno se acotar\u00e1 a territorio porte\u00f1o, ya que para entonces los valores bonaerenses quedar\u00edan normalizados.<\/p>\n<\/div>\n<div id=\"element-body-7\">\n<p>Sin embargo, pron\u00f3sticos alternativos m\u00e1s extendidos en el tiempo muestran para los \u00faltimos d\u00edas del mes <strong>valores incluso inferiores <\/strong>que los previstos para la presente semana. Eso habr\u00e1 que terminarlo de constatar con el correr de las horas cuando el SMN termine de definir la previsi\u00f3n clim\u00e1tica de la semana pr\u00f3xima.<\/p>\n<\/div>\n<div id=\"element-body-8\">\n<p>De esta manera, en el promedio mensual este mayo quedar\u00eda finalmente con un valor <strong>algo superior a lo normal<\/strong>, lo que se condice con la previsi\u00f3n trimestral del SMN que indica que las marcas tendr\u00e1n en esta zona central del pa\u00eds un comportamiento superior al promedio, lo que repercutir\u00eda tambi\u00e9n durante -al menos- el primer mes del invierno.<\/p>\n<\/div>\n<p><br \/>\n<br \/><a href=\"https:\/\/www.clarin.com\/sociedad\/midieron-magnitud-nueva-anomalia-climatica-llega-fin-mayo-dia-frio_0_roGg35OPTz.html\">Fuente Clarin.com <\/a><\/p>\n","protected":false},"excerpt":{"rendered":"<p>Durante la jornada electoral de este domingo el descenso de la temperatura ya se empez\u00f3 a notar en la Ciudad -con una temperatura matutina de 12,9 grados cuando abr\u00edan las urnas-, pero se profundizar\u00e1 a partir de este lunes y as\u00ed continuar\u00e1 hasta fin de mayo, para redondear un quinto mes del a\u00f1o especialmente bipolar. [&hellip;]<\/p>\n","protected":false},"author":1,"featured_media":26261,"comment_status":"open","ping_status":"open","sticky":false,"template":"","format":"standard","meta":{"footnotes":""},"categories":[2],"tags":[9522,12505,373,1154,981,1438,476,2041,5885,155,9811,8084,19,153,73],"class_list":["post-26260","post","type-post","status-publish","format-standard","has-post-thumbnail","hentry","category-ultimas-noticias","tag-anomalia","tag-climatica","tag-cual","tag-dia","tag-fin","tag-frio","tag-hasta","tag-llega","tag-magnitud","tag-mas","tag-mayo","tag-midieron","tag-nueva","tag-sera","tag-una"],"_links":{"self":[{"href":"https:\/\/13.com.ar\/index.php\/wp-json\/wp\/v2\/posts\/26260","targetHints":{"allow":["GET"]}}],"collection":[{"href":"https:\/\/13.com.ar\/index.php\/wp-json\/wp\/v2\/posts"}],"about":[{"href":"https:\/\/13.com.ar\/index.php\/wp-json\/wp\/v2\/types\/post"}],"author":[{"embeddable":true,"href":"https:\/\/13.com.ar\/index.php\/wp-json\/wp\/v2\/users\/1"}],"replies":[{"embeddable":true,"href":"https:\/\/13.com.ar\/index.php\/wp-json\/wp\/v2\/comments?post=26260"}],"version-history":[{"count":0,"href":"https:\/\/13.com.ar\/index.php\/wp-json\/wp\/v2\/posts\/26260\/revisions"}],"wp:featuredmedia":[{"embeddable":true,"href":"https:\/\/13.com.ar\/index.php\/wp-json\/wp\/v2\/media\/26261"}],"wp:attachment":[{"href":"https:\/\/13.com.ar\/index.php\/wp-json\/wp\/v2\/media?parent=26260"}],"wp:term":[{"taxonomy":"category","embeddable":true,"href":"https:\/\/13.com.ar\/index.php\/wp-json\/wp\/v2\/categories?post=26260"},{"taxonomy":"post_tag","embeddable":true,"href":"https:\/\/13.com.ar\/index.php\/wp-json\/wp\/v2\/tags?post=26260"}],"curies":[{"name":"wp","href":"https:\/\/api.w.org\/{rel}","templated":true}]}}