{"id":26256,"date":"2025-05-19T05:53:31","date_gmt":"2025-05-19T08:53:31","guid":{"rendered":"https:\/\/13.com.ar\/index.php\/cual-sera-su-reemplazo-segun-los-gurus-tecnologicos\/"},"modified":"2025-05-19T05:53:31","modified_gmt":"2025-05-19T08:53:31","slug":"cual-sera-su-reemplazo-segun-los-gurus-tecnologicos","status":"publish","type":"post","link":"https:\/\/13.com.ar\/index.php\/cual-sera-su-reemplazo-segun-los-gurus-tecnologicos\/","title":{"rendered":"cu\u00e1l ser\u00e1 su reemplazo, seg\u00fan los gur\u00fas tecnol\u00f3gicos"},"content":{"rendered":"<p> <br \/>\n<\/p>\n<div id=\"cuerpo\">\n<div class=\"sc-45461e9c-0 eqiBeF container-text text-embed \" id=\"element-body-0\">\n<p>Cuatro gur\u00fas tecnol\u00f3gicos coinciden en que los celulares est\u00e1n pr\u00f3ximos a su fecha de caducidad. Desde su perspectiva, el cambio se orienta hacia soluciones menos<strong> demandantes e invasivas<\/strong>. Un mundo en donde los implantes cerebrales, los lentes inteligentes y los chips impresos en la piel sean la norma.<\/p>\n<\/div>\n<div class=\"sc-45461e9c-0 eqiBeF container-text text-embed \" id=\"element-body-1\">\n<p>La percepci\u00f3n y experiencia de figuras como Elon Musk, Bill Gates, Mark Zuckerberg y Pekka Lundmark ofrece una mirada en diagonal sobre el porvenir de estos dispositivos port\u00e1tiles.<\/p>\n<\/div>\n<div class=\"sc-45461e9c-0 eqiBeF container-text text-embed \" id=\"element-body-2\">\n<p>Aunque estos referentes alcanzaron la notoriedad por sus contribuciones en \u00e1reas como la biotecnolog\u00eda, el software como servicio, las redes sociales y la energ\u00eda, ninguno posee expertise en el sector de la telefon\u00eda y desconocen las <strong>oportunidades y condiciones <\/strong>que rigen a este negocio.<\/p>\n<\/div>\n<div class=\"sc-45461e9c-0 eqiBeF container-text text-embed \" id=\"element-body-3\">\n<p>La mayor\u00eda se inclin\u00f3 por herramientas alternativas al m\u00f3vil que, en algunos casos, se alinean con <strong>sus intereses personales<\/strong>. Lo que podr\u00eda cuestionar la imparcialidad de sus veredictos y le a\u00f1ade una capa extra de subjetividad a sus opiniones.<\/p>\n<\/div>\n<p><h2>Elon Musk<\/h2>\n<\/p>\n<div class=\"sc-98b114a2-0 bkqiHH image-embed  image-embed \" id=\"element-body-5\"><picture class=\"sc-98b114a2-1 jRUlDm\"><source media=\"(min-width: 975px)\" width=\"720\" height=\"480\" \/><img alt=\"Neuralink es la apuesta de Elon. AP\" loading=\"lazy\" width=\"720\" height=\"480\" decoding=\"async\" data-nimg=\"1\" style=\"color:transparent\" src=\"https:\/\/13.com.ar\/wp-content\/uploads\/2025\/05\/cual-sera-su-reemplazo-segun-los-gurus-tecnologicos.jpg\"\/><span class=\"epigraphe\">Neuralink es la apuesta de Elon. AP<\/span><span class=\"picture-open\"><button class=\"open-image\" aria-label=\"Open Image\"\/><\/span><\/picture><\/div>\n<div class=\"sc-45461e9c-0 eqiBeF container-text text-embed \" id=\"element-body-6\">\n<p>El magnate no solo imagin\u00f3 el futuro, sino que se propuso modelarlo a su semejanza. Con Neuralink, proyect\u00f3 un m\u00e9todo revolucionario de comunicaci\u00f3n que podr\u00eda dejar obsoletos los dispositivos t\u00e1ctiles, estableciendo una conexi\u00f3n directa entre el <strong>cerebro y las computadoras<\/strong> mediante implantes neuronales.<\/p>\n<\/div>\n<div class=\"sc-45461e9c-0 eqiBeF container-text text-embed \" id=\"element-body-7\">\n<p>El objetivo de Neuralink es suplantar el actual sistema m\u00f3vil por otro m\u00e1s discreto, que permita navegar por internet, enviar mensajes y controlar aplicaciones \u00fanicamente <strong>con el pensamiento<\/strong>.<\/p>\n<\/div>\n<div class=\"sc-45461e9c-0 eqiBeF container-text text-embed \" id=\"element-body-8\">\n<p>La empresa desarroll\u00f3 un cirujano rob\u00f3tico capaz de automatizar el proceso de inserci\u00f3n de los electrodos en el cerebro. Por eso, Musk est\u00e1 convencido de que los tel\u00e9fonos pronto ser\u00e1n reliquias del pasado, reemplazados por una interacci\u00f3n mucho m\u00e1s eficiente.<\/p>\n<\/div>\n<p><h2>Bill Gates<\/h2>\n<\/p>\n<div class=\"sc-98b114a2-0 bkqiHH image-embed  image-embed \" id=\"element-body-10\"><picture class=\"sc-98b114a2-1 jRUlDm\"><source media=\"(min-width: 975px)\" width=\"720\" height=\"480\" \/><img alt=\"Gates apuesta por los tatuajes electr\u00f3nicos.\" loading=\"lazy\" width=\"720\" height=\"480\" decoding=\"async\" data-nimg=\"1\" style=\"color:transparent\" src=\"https:\/\/13.com.ar\/wp-content\/uploads\/2025\/05\/1747644811_308_cual-sera-su-reemplazo-segun-los-gurus-tecnologicos.jpg\"\/><span class=\"epigraphe\">Gates apuesta por los tatuajes electr\u00f3nicos.<\/span><span class=\"picture-open\"><button class=\"open-image\" aria-label=\"Open Image\"\/><\/span><\/picture><\/div>\n<div class=\"sc-45461e9c-0 eqiBeF container-text text-embed \" id=\"element-body-11\">\n<p>El fundador de Microsoft decidi\u00f3 invertir en Chaotic Moon, una firma especializada en el desarrollo de tinta &#8220;inteligente&#8221; capaz de recopilar y transmitir informaci\u00f3n en tiempo real, a trav\u00e9s de unos <strong>tatuajes electr\u00f3nicos <\/strong>revestidos con nanosensores.<\/p>\n<\/div>\n<div class=\"sc-45461e9c-0 eqiBeF container-text text-embed \" id=\"element-body-12\">\n<p>Estos innovadores grabados que se dibujan sobre la piel, van un paso m\u00e1s all\u00e1 de los wearables tradicionales, ofreciendo un control exhaustivo de la <strong>salud, la actividad f\u00edsica y los signos vitales<\/strong>.<\/p>\n<\/div>\n<div class=\"sc-45461e9c-0 eqiBeF container-text text-embed \" id=\"element-body-13\">\n<p>Adem\u00e1s, sirven como una herramienta avanzada para la <strong>detecci\u00f3n temprana de enfermedades<\/strong>, proporcionando datos precisos y continuos que pueden ser cruciales para la prevenci\u00f3n y el tratamiento oportuno.<\/p>\n<\/div>\n<p><h2>Mark Zuckerberg<\/h2>\n<\/p>\n<div class=\"sc-98b114a2-0 bkqiHH image-embed  image-embed \" id=\"element-body-15\"><picture class=\"sc-98b114a2-1 jRUlDm\"><source media=\"(min-width: 975px)\" width=\"720\" height=\"480\" \/><img alt=\"Zuckerberg cree en los lentes Orion.\" loading=\"lazy\" width=\"720\" height=\"480\" decoding=\"async\" data-nimg=\"1\" style=\"color:transparent\" src=\"https:\/\/13.com.ar\/wp-content\/uploads\/2025\/05\/1747644811_224_cual-sera-su-reemplazo-segun-los-gurus-tecnologicos.jpg\"\/><span class=\"epigraphe\">Zuckerberg cree en los lentes Orion.<\/span><span class=\"picture-open\"><button class=\"open-image\" aria-label=\"Open Image\"\/><\/span><\/picture><\/div>\n<div class=\"sc-45461e9c-0 eqiBeF container-text text-embed \" id=\"element-body-16\">\n<p>La gran apuesta de Meta es la realidad aumentada (RA) a trav\u00e9s de <strong>lentes inteligentes<\/strong> como los Ray-Ban y Meta Quest. Estos visores no son solo accesorios de moda. Representan una inversi\u00f3n significativa en dispositivos que integran c\u00e1maras de alta resoluci\u00f3n, parlantes envolventes y sofisticados sistemas de control por voz.<\/p>\n<\/div>\n<div class=\"sc-45461e9c-0 eqiBeF container-text text-embed \" id=\"element-body-17\">\n<p>Zuckerberg est\u00e1 convencido de que para 2030, estos gadgets expulsar\u00e1n a los smartphones de las vidrieras como el principal dispositivo inform\u00e1tico. La RA permitir\u00e1 acceder a m\u00faltiples pantallas virtuales, enviar mensajes, mantener videoconferencias y ver pel\u00edculas.<\/p>\n<\/div>\n<div class=\"sc-45461e9c-0 eqiBeF container-text text-embed \" id=\"element-body-18\">\n<p>Con modelos que se asemejan a cualquier anteojo convencional, la idea es superponer el mundo digital directamente en el campo de visi\u00f3n del usuario. Esto crear\u00e1 una experiencia inmersiva donde la informaci\u00f3n y las aplicaciones se integran con el entorno f\u00edsico.<\/p>\n<\/div>\n<div class=\"sc-45461e9c-0 eqiBeF container-text text-embed \" id=\"element-body-19\">\n<p>Durante el evento anual Meta Connect, se present\u00f3 el prototipo de los lentes Orion, equipados con una avanzada pantalla hologr\u00e1fica y tecnolog\u00eda de RA. La interacci\u00f3n se realiza mediante comandos de voz, gestos y movimientos oculares.<\/p>\n<\/div>\n<p><h2>Pekka Lundmark<\/h2>\n<\/p>\n<div class=\"sc-98b114a2-0 bkqiHH image-embed  image-embed \" id=\"element-body-21\"><picture class=\"sc-98b114a2-1 jRUlDm\"><source media=\"(min-width: 975px)\" width=\"720\" height=\"480\" \/><img alt=\"Pekka Lundmark apuesta por los lentes.\" loading=\"lazy\" width=\"720\" height=\"480\" decoding=\"async\" data-nimg=\"1\" style=\"color:transparent\" src=\"https:\/\/13.com.ar\/wp-content\/uploads\/2025\/05\/1747644811_342_cual-sera-su-reemplazo-segun-los-gurus-tecnologicos.jpg\"\/><span class=\"epigraphe\">Pekka Lundmark apuesta por los lentes.<\/span><span class=\"picture-open\"><button class=\"open-image\" aria-label=\"Open Image\"\/><\/span><\/picture><\/div>\n<div class=\"sc-45461e9c-0 eqiBeF container-text text-embed \" id=\"element-body-22\">\n<p>El CEO de Nokia ha compartido en m\u00faltiples ocasiones su perspectiva sobre el futuro de la telefon\u00eda m\u00f3vil. De acuerdo a su an\u00e1lisis, para el a\u00f1o 2030, los smartphones tal como los conocemos en la actualidad, ser\u00e1n objetos del pasado, dando paso a instrumentos m\u00e1s sofisticados que <strong>modificar\u00e1n la percepci\u00f3n<\/strong>.<\/p>\n<\/div>\n<div class=\"sc-45461e9c-0 eqiBeF container-text text-embed \" id=\"element-body-23\">\n<p>En este contexto, la tecnolog\u00eda 6G y la IA ser\u00e1n los pilares fundamentales de esta transformaci\u00f3n, proporcionando una conectividad ultrarr\u00e1pida y sin perturbaciones.<\/p>\n<\/div>\n<div class=\"sc-45461e9c-0 eqiBeF container-text text-embed \" id=\"element-body-24\">\n<p>Adem\u00e1s, estas transformaciones abrir\u00e1n paso a nuevas formas de interacci\u00f3n entre los dispositivos conectados y los usuarios, creando una experiencia m\u00e1s <strong>integrada y fluida<\/strong>.<\/p>\n<\/div>\n<div class=\"sc-45461e9c-0 eqiBeF container-text text-embed \" id=\"element-body-25\">\n<p>El presente de la tecnolog\u00eda m\u00f3vil ya no se define por la <strong>velocidad o la potencia<\/strong>, sino por su prop\u00f3sito. En esta nueva etapa, los avances deben mostrar otros valores como la sostenibilidad, la privacidad de los datos, el bienestar digital y la innovaci\u00f3n.<\/p>\n<\/div>\n<div class=\"sc-45461e9c-0 eqiBeF container-text text-embed \" id=\"element-body-26\">\n<p>No es casualidad que muchos de los conceptos promovidos por estos visionarios tecnol\u00f3gicos como alternativas a los m\u00f3viles se comiencen a incorporarse, en forma de prototipo, a la estructura de los tel\u00e9fonos.<\/p>\n<\/div>\n<p><h2>Transmisi\u00f3n de pensamientos<\/h2>\n<\/p>\n<div class=\"sc-98b114a2-0 bkqiHH image-embed  image-embed \" id=\"element-body-28\"><picture class=\"sc-98b114a2-1 jRUlDm\"><source media=\"(min-width: 975px)\" width=\"720\" height=\"480\" \/><img alt=\"La posibilidad de controlar el celular con los pensamientos.\" loading=\"lazy\" width=\"720\" height=\"480\" decoding=\"async\" data-nimg=\"1\" style=\"color:transparent\" src=\"https:\/\/13.com.ar\/wp-content\/uploads\/2025\/05\/1747644811_443_cual-sera-su-reemplazo-segun-los-gurus-tecnologicos.jpg\"\/><span class=\"epigraphe\">La posibilidad de controlar el celular con los pensamientos.<\/span><span class=\"picture-open\"><button class=\"open-image\" aria-label=\"Open Image\"\/><\/span><\/picture><\/div>\n<div class=\"sc-45461e9c-0 eqiBeF container-text text-embed \" id=\"element-body-29\">\n<p>En el pasado, los teclados f\u00edsicos eran la principal v\u00eda de conexi\u00f3n con los celulares. Su reemplazante fueron las pantallas t\u00e1ctiles. Hoy en d\u00eda, con servicios de reconocimiento de voz, el audio es el medio predominante. El siguiente salto en esta escala es el <strong>control mental<\/strong>.<\/p>\n<\/div>\n<div class=\"sc-45461e9c-0 eqiBeF container-text text-embed \" id=\"element-body-30\">\n<p>Muchos cient\u00edficos trabajan para que sea posible abrir una aplicaci\u00f3n, reproducir un video e incluso, editar im\u00e1genes, con el pensamiento. Tambi\u00e9n se podr\u00e1 enviar un texto, controlar el brillo de la pantalla o invocar un contacto.<\/p>\n<\/div>\n<div class=\"sc-45461e9c-0 eqiBeF container-text text-embed \" id=\"element-body-31\">\n<p>Un equipo del MIT mostr\u00f3 AlterEgo, un dispositivo que permite transmitir \u00f3rdenes a las m\u00e1quinas usando solo los pensamientos. Este proyecto, que comenz\u00f3 en 2018, sigue en desarrollo y no tiene una fecha de estreno.<\/p>\n<\/div>\n<div class=\"sc-45461e9c-0 eqiBeF container-text text-embed \" id=\"element-body-32\">\n<p>En esta misma l\u00ednea, investigadores de las universidades de California en San Francisco y Berkeley sintetizaron una interfaz cerebro-m\u00e1quina (BCI) que permiti\u00f3 a una mujer con par\u00e1lisis hablar a trav\u00e9s de un avatar. Adem\u00e1s, convierte las se\u00f1ales en texto a casi <strong>80 palabras por minuto<\/strong>, lo que representa una gran mejora respecto a la velocidad dominante.<\/p>\n<\/div>\n<p><h2>Pantallas completas y conectividad inal\u00e1mbrica<\/h2>\n<\/p>\n<div class=\"sc-98b114a2-0 bkqiHH image-embed  image-embed \" id=\"element-body-34\"><picture class=\"sc-98b114a2-1 jRUlDm\"><source media=\"(min-width: 975px)\" width=\"720\" height=\"480\" \/><img alt=\"El prototipo todo pantalla de Xiaomi.\" loading=\"lazy\" width=\"720\" height=\"480\" decoding=\"async\" data-nimg=\"1\" style=\"color:transparent\" src=\"https:\/\/13.com.ar\/wp-content\/uploads\/2025\/05\/1747644811_755_cual-sera-su-reemplazo-segun-los-gurus-tecnologicos.jpg\"\/><span class=\"epigraphe\">El prototipo todo pantalla de Xiaomi.<\/span><span class=\"picture-open\"><button class=\"open-image\" aria-label=\"Open Image\"\/><\/span><\/picture><\/div>\n<div class=\"sc-45461e9c-0 eqiBeF container-text text-embed \" id=\"element-body-35\">\n<p>Otra tendencia que asoma en el horizonte tecno es la creaci\u00f3n de dispositivos m\u00f3viles sin conectores, botones, ni puertos: lo que se resume en una s\u00faper pantalla h\u00e1ptica.<\/p>\n<\/div>\n<div class=\"sc-45461e9c-0 eqiBeF container-text text-embed \" id=\"element-body-36\">\n<p>Actualmente, el grueso de los smartphones dej\u00f3 atr\u00e1s la entrada de auriculares, apostando por el Bluetooth. El pr\u00f3ximo objetivo son los botones f\u00edsicos, sustituidos por<strong> sensores t\u00e1ctiles<\/strong> para funciones como encendido, volumen y bloqueo.<\/p>\n<\/div>\n<div class=\"sc-45461e9c-0 eqiBeF container-text text-embed \" id=\"element-body-37\">\n<p>Xiaomi present\u00f3 un prototipo cuya superficie es todo pantalla plana, mientras que sus laterales no poseen puertos ni botones. Esto supuso, adem\u00e1s, el reto de fabricar un panel de vidrio de cuatro curvas de 88 grados y el proceso de uni\u00f3n 3D.<\/p>\n<\/div>\n<div class=\"sc-45461e9c-0 eqiBeF container-text text-embed \" id=\"element-body-38\">\n<p>La desaparici\u00f3n del puerto USB tambi\u00e9n est\u00e1 en el radar, con Vivo y Meizu liderando el camino al desarrollar los primeros conceptos de estos dispositivos. Otro que pretende eliminar todo rastro de puertos es Apple, quien sue\u00f1a con sustituir el pol\u00e9mico USB-C por un cargador inal\u00e1mbrica. Este recorte le permitir\u00eda reducir a\u00fan m\u00e1s el grosor del iPhone.<\/p>\n<\/div>\n<p><h2>Cambio de color<\/h2>\n<\/p>\n<div class=\"sc-98b114a2-0 bkqiHH image-embed  image-embed \" id=\"element-body-40\"><picture class=\"sc-98b114a2-1 jRUlDm\"><source media=\"(min-width: 975px)\" width=\"720\" height=\"480\" \/><img alt=\"El Infinix E-Color Shift 2.0 cambia de colores.\" loading=\"lazy\" width=\"720\" height=\"480\" decoding=\"async\" data-nimg=\"1\" style=\"color:transparent\" src=\"https:\/\/13.com.ar\/wp-content\/uploads\/2025\/05\/1747644811_219_cual-sera-su-reemplazo-segun-los-gurus-tecnologicos.jpg\"\/><span class=\"epigraphe\">El Infinix E-Color Shift 2.0 cambia de colores.<\/span><span class=\"picture-open\"><button class=\"open-image\" aria-label=\"Open Image\"\/><\/span><\/picture><\/div>\n<div class=\"sc-45461e9c-0 eqiBeF container-text text-embed \" id=\"element-body-41\">\n<p>Una de las \u00faltimas tendencias en la industria es la apuesta por los colores de temporada, como lo hacen Apple, Samsung y Motorola. Sin embargo, esta tendencia podr\u00eda dar un giro inesperado con la llegada de una innovaci\u00f3n sorprendente.<\/p>\n<\/div>\n<div class=\"sc-45461e9c-0 eqiBeF container-text text-embed \" id=\"element-body-42\">\n<p>Algunos fabricantes est\u00e1n concibiendo m\u00f3viles trasl\u00facidos, fabricados con un material similar al cristal que absorbe la luz. Estos dispositivos no solo ser\u00edan visualmente imponentes, sino que tambi\u00e9n contar\u00edan con luces LED internas cuyo tono podr\u00eda modificarse desde los ajustes.<\/p>\n<\/div>\n<div class=\"sc-45461e9c-0 eqiBeF container-text text-embed \" id=\"element-body-43\">\n<p>As\u00ed, uno podr\u00e1 elegir (o imaginar el color naranja) y ver c\u00f3mo toda la cubierta trasera absorbe completamente el color de la luz, luciendo como si viniera <strong>matizado de f\u00e1brica<\/strong>.<\/p>\n<\/div>\n<div class=\"sc-45461e9c-0 eqiBeF container-text text-embed \" id=\"element-body-44\">\n<p>Realme present\u00f3 el 14 Pro, con una cubierta que utiliza pigmentos termocr\u00f3micos, que cambian de coloraci\u00f3n seg\u00fan la temperatura, sin afectar la bater\u00eda. Mientras que el Infinix E-Color Shift 2.0, permite elegir entre varios tonos a trav\u00e9s de una tinta electr\u00f3nica.<\/p>\n<\/div>\n<div class=\"sc-45461e9c-0 eqiBeF container-text text-embed \" id=\"element-body-45\">\n<p>Realme utiliza materiales para garantizar que no existan dos tel\u00e9fonos con el mismo patr\u00f3n exacto. Mientras Infinix, con su tecnolog\u00eda m\u00e1s avanzada, permite cambiar los colores de la cubierta tantas veces como el usuario desee.<\/p>\n<\/div>\n<\/div>\n<p><br \/>\n<br \/><a href=\"https:\/\/www.clarin.com\/tecnologia\/ocaso-telefono-celular-reemplazo-gurus-tecnologicos_0_zKN6vlBuRd.html\">Fuente Clarin.com <\/a><\/p>\n","protected":false},"excerpt":{"rendered":"<p>Cuatro gur\u00fas tecnol\u00f3gicos coinciden en que los celulares est\u00e1n pr\u00f3ximos a su fecha de caducidad. Desde su perspectiva, el cambio se orienta hacia soluciones menos demandantes e invasivas. Un mundo en donde los implantes cerebrales, los lentes inteligentes y los chips impresos en la piel sean la norma. La percepci\u00f3n y experiencia de figuras como [&hellip;]<\/p>\n","protected":false},"author":1,"featured_media":26257,"comment_status":"open","ping_status":"open","sticky":false,"template":"","format":"standard","meta":{"footnotes":""},"categories":[2],"tags":[373,18526,28,9976,227,153,950],"class_list":["post-26256","post","type-post","status-publish","format-standard","has-post-thumbnail","hentry","category-ultimas-noticias","tag-cual","tag-gurus","tag-los","tag-reemplazo","tag-segun","tag-sera","tag-tecnologicos"],"_links":{"self":[{"href":"https:\/\/13.com.ar\/index.php\/wp-json\/wp\/v2\/posts\/26256","targetHints":{"allow":["GET"]}}],"collection":[{"href":"https:\/\/13.com.ar\/index.php\/wp-json\/wp\/v2\/posts"}],"about":[{"href":"https:\/\/13.com.ar\/index.php\/wp-json\/wp\/v2\/types\/post"}],"author":[{"embeddable":true,"href":"https:\/\/13.com.ar\/index.php\/wp-json\/wp\/v2\/users\/1"}],"replies":[{"embeddable":true,"href":"https:\/\/13.com.ar\/index.php\/wp-json\/wp\/v2\/comments?post=26256"}],"version-history":[{"count":0,"href":"https:\/\/13.com.ar\/index.php\/wp-json\/wp\/v2\/posts\/26256\/revisions"}],"wp:featuredmedia":[{"embeddable":true,"href":"https:\/\/13.com.ar\/index.php\/wp-json\/wp\/v2\/media\/26257"}],"wp:attachment":[{"href":"https:\/\/13.com.ar\/index.php\/wp-json\/wp\/v2\/media?parent=26256"}],"wp:term":[{"taxonomy":"category","embeddable":true,"href":"https:\/\/13.com.ar\/index.php\/wp-json\/wp\/v2\/categories?post=26256"},{"taxonomy":"post_tag","embeddable":true,"href":"https:\/\/13.com.ar\/index.php\/wp-json\/wp\/v2\/tags?post=26256"}],"curies":[{"name":"wp","href":"https:\/\/api.w.org\/{rel}","templated":true}]}}