{"id":26252,"date":"2025-05-19T05:29:30","date_gmt":"2025-05-19T08:29:30","guid":{"rendered":"https:\/\/13.com.ar\/index.php\/julieta-otero-la-artista-rebelde-que-paso-de-reirse-de-la-maternidad-a-ironizar-sobre-la-menopausia\/"},"modified":"2025-05-19T05:29:30","modified_gmt":"2025-05-19T08:29:30","slug":"julieta-otero-la-artista-rebelde-que-paso-de-reirse-de-la-maternidad-a-ironizar-sobre-la-menopausia","status":"publish","type":"post","link":"https:\/\/13.com.ar\/index.php\/julieta-otero-la-artista-rebelde-que-paso-de-reirse-de-la-maternidad-a-ironizar-sobre-la-menopausia\/","title":{"rendered":"Julieta Otero, la artista rebelde que pas\u00f3 de re\u00edrse de la maternidad a ironizar sobre la menopausia"},"content":{"rendered":"<p> <br \/>\n<\/p>\n<div id=\"cuerpo\">\n<div class=\"sc-45461e9c-0 eqiBeF container-text text-embed \" id=\"element-body-0\">\n<p>Poco m\u00e1s de una d\u00e9cada atr\u00e1s, <strong>Julieta Otero<\/strong> se re\u00eda de la maternidad en <em>Seg\u00fan Roxi<\/em>. Como en la vida misma, hoy le pone humor a la menopausia en <em>No me acuerdo las cosas<\/em>, la obra de teatro que protagoniza entre mon\u00f3logos y canciones.<\/p>\n<\/div>\n<div class=\"sc-45461e9c-0 eqiBeF container-text text-embed \" id=\"element-body-1\">\n<p>Se trata de un unipersonal escrito por Otero y dirigido por <strong>Dalia Gutmann<\/strong>, donde se abordan los s\u00edntomas, las consecuencias y los efectos secundarios del paso del tiempo. Con la <strong>niebla mental<\/strong> como hilo conductor, relata la vida de una mujer que llega a los 50, abrazando las bondades de la menopausia y levantando la bandera de la edad del olvido.<\/p>\n<\/div>\n<div class=\"sc-45461e9c-0 eqiBeF container-text text-embed \" id=\"element-body-2\">\n<p>\u00bfC\u00f3mo surgi\u00f3 la idea? \u201cEl a\u00f1o pasado cumpl\u00ed 50 y <strong>fue un gran shock<\/strong>. Son cosas que una cree que no le van a pasar, pero despu\u00e9s te das cuenta que por suerte te pasaron, porque la opci\u00f3n de <strong>no cumplir es peor<\/strong>\u201d, brome\u00f3 la actriz en di\u00e1logo con <strong>Clar\u00edn<\/strong>.<\/p>\n<\/div>\n<div class=\"sc-45461e9c-0 eqiBeF container-text text-embed \" id=\"element-body-3\">\n<p>El impacto del n\u00famero le dio de lleno: \u201cLos cambios de d\u00e9cada siempre son raros, pero 50 tiene un peso un poco m\u00e1s m\u00e1s fuerte, como si uno sintiera que est\u00e1 pasando a otra etapa\u201d. Y ese shock inicial, entonces, se convirti\u00f3 en el contenido de su nueva obra, donde los pa\u00f1ales y el chat de madres quedaron atr\u00e1s y dieron lugar a \u201c<strong>que todo nos chupe los dos ovarios que ya est\u00e1n casi inactivos<\/strong>\u201d.<\/p>\n<\/div>\n<p><h2>&#8220;Un tobog\u00e1n de deterioro&#8221;<\/h2>\n<\/p>\n<div class=\"sc-45461e9c-0 eqiBeF container-text text-embed \" id=\"element-body-5\">\n<p>Julieta ironiza sobre un momento que celebra. No a\u00f1ora el pasado, la juventud ni su est\u00e9tica de otros tiempos: \u201cEl mejor momento de mi vida es el que estoy viviendo ahora, yo no volver\u00eda un minuto atr\u00e1s. <strong>No es que quiera ser m\u00e1s joven<\/strong>: quiero esta edad, quiero esta cabeza, con el cuerpo no tengo problema. El tema del 50 o m\u00e1s es lo que viene adelante\u201d, aclar\u00f3.<\/p>\n<\/div>\n<div class=\"sc-98b114a2-0 bkqiHH image-embed  image-embed \" id=\"element-body-6\"><picture class=\"sc-98b114a2-1 jRUlDm\"><source media=\"(min-width: 975px)\" width=\"720\" height=\"480\" \/><img alt=\"Julieta Otero: &quot;El tema del 50 o m\u00e1s es lo que viene adelante\u201d. Foto: Prensa.\" loading=\"lazy\" width=\"720\" height=\"480\" decoding=\"async\" data-nimg=\"1\" style=\"color:transparent\" src=\"https:\/\/13.com.ar\/wp-content\/uploads\/2025\/05\/Julieta-Otero-la-artista-rebelde-que-paso-de-reirse-de.jpg\"\/><span class=\"epigraphe\">Julieta Otero: &#8220;El tema del 50 o m\u00e1s es lo que viene adelante\u201d. Foto: Prensa.<\/span><span class=\"picture-open\"><button class=\"open-image\" aria-label=\"Open Image\"\/><\/span><\/picture><\/div>\n<div class=\"sc-45461e9c-0 eqiBeF container-text text-embed \" id=\"element-body-7\">\n<p>Lo que le sucedi\u00f3, entonces, fue casi una predicci\u00f3n: el sobresalto, en parte, se debi\u00f3 a la idea de \u201c<strong>menos tiempo de vida por delante<\/strong>\u201d, algo que describi\u00f3 como &#8220;<strong>un tobog\u00e1n de deterioro<\/strong>&#8220;. El deseo de ahora en m\u00e1s, puntualiz\u00f3, es que la vida no transcurra tan r\u00e1pidamente.<\/p>\n<\/div>\n<div class=\"sc-45461e9c-0 eqiBeF container-text text-embed \" id=\"element-body-8\">\n<p>\u201cVisualic\u00e9 una especie de fin, de entrada a una \u00faltima etapa m\u00e1s acolchonada con un geri\u00e1trico, enfermeras, medicaci\u00f3n, p\u00e9rdida de la memoria. Y ah\u00ed r\u00e1pidamente escrib\u00ed <em>No me acuerdo las cosas<\/em>\u201d, dijo.<\/p>\n<\/div>\n<div class=\"sc-45461e9c-0 eqiBeF container-text text-embed \" id=\"element-body-9\">\n<p>Igual que en <em>Seg\u00fan Roxi<\/em>, la pieza que est\u00e1 de gira entre CABA y Provincia (info sobre fechas y entradas en @nomeacuerdolascosas), naci\u00f3 como una suerte de diario \u00edntimo, de las angustias y preocupaciones. &#8220;La <strong>perimenopausia <\/strong>es eso que te pasa mientras est\u00e1s criando hijos adolescentes; o sea, no te pod\u00e9s dar cuenta que te est\u00e1n pasando todas estas cosas porque est\u00e1s en otra&#8221;, afirm\u00f3 entre risas quien actualmente es madre de dos j\u00f3venes de 16 y 21 a\u00f1os, respectivamente.<\/p>\n<\/div>\n<div class=\"sc-98b114a2-0 bkqiHH image-embed  image-embed \" id=\"element-body-10\"><picture class=\"sc-98b114a2-1 jRUlDm\"><source media=\"(min-width: 975px)\" width=\"720\" height=\"480\" \/><img alt=\"Julieta Otero. Foto prensa.\" loading=\"lazy\" width=\"720\" height=\"480\" decoding=\"async\" data-nimg=\"1\" style=\"color:transparent\" src=\"https:\/\/13.com.ar\/wp-content\/uploads\/2025\/05\/1747643370_667_Julieta-Otero-la-artista-rebelde-que-paso-de-reirse-de.jpg\"\/><span class=\"epigraphe\">Julieta Otero. Foto prensa.<\/span><span class=\"picture-open\"><button class=\"open-image\" aria-label=\"Open Image\"\/><\/span><\/picture><\/div>\n<p><h2>Las bondades de la menopausia<\/h2>\n<\/p>\n<div class=\"sc-45461e9c-0 eqiBeF container-text text-embed \" id=\"element-body-12\">\n<p>Pese a ese futuro desalentador con el que bromea, la actriz tambi\u00e9n reflexiona en la obra sobre una parte m\u00e1s feliz alrededor de la etapa que atraviesa: \u201cPara m\u00ed siempre fue un tema lo que los dem\u00e1s piden que yo haga como mujer. En la \u00e9poca de la maternidad me quej\u00e9 fuertemente con <em>Seg\u00fan Roxi<\/em> y, ahora, creo que en el tema de la menopausia y de la <strong>niebla mental <\/strong>mi grito de rebeld\u00eda es decir que est\u00e1 buen\u00edsimo que estemos confundidas&#8221;.<\/p>\n<\/div>\n<div class=\"sc-45461e9c-0 eqiBeF container-text text-embed \" id=\"element-body-13\">\n<p>La fluidez verbal abandon\u00f3 la conversaci\u00f3n. Las palabras se alojaron para siempre en la punta de la lengua. As\u00ed satiriza Otero esa fase que es mucho m\u00e1s que el fin de la fertilidad. Y sobre esos olvidos, ampli\u00f3: &#8220;Es un gran negocio para las mujeres que estuvimos cargadas toda la vida con una cantidad de responsabilidades, de informaci\u00f3n y de datos.<strong> De repente, mam\u00e1, la t\u00eda o la hermana ya no es m\u00e1s una computadora<\/strong>.<em> Arreglate, mi amor<\/em>\u201d.<\/p>\n<\/div>\n<div class=\"sc-98b114a2-0 bkqiHH image-embed  image-embed \" id=\"element-body-14\"><picture class=\"sc-98b114a2-1 jRUlDm\"><source media=\"(min-width: 975px)\" width=\"720\" height=\"480\" \/><img alt=\"Julieta Otero: &quot;En la menopausia mi grito de rebeld\u00eda es decir que est\u00e1 buen\u00edsimo que estemos confundidas&quot;. Foto: Prensa.\" loading=\"lazy\" width=\"720\" height=\"480\" decoding=\"async\" data-nimg=\"1\" style=\"color:transparent\" src=\"https:\/\/13.com.ar\/wp-content\/uploads\/2025\/05\/1747643370_335_Julieta-Otero-la-artista-rebelde-que-paso-de-reirse-de.jpg\"\/><span class=\"epigraphe\">Julieta Otero: &#8220;En la menopausia mi grito de rebeld\u00eda es decir que est\u00e1 buen\u00edsimo que estemos confundidas&#8221;. Foto: Prensa.<\/span><span class=\"picture-open\"><button class=\"open-image\" aria-label=\"Open Image\"\/><\/span><\/picture><\/div>\n<div class=\"sc-45461e9c-0 eqiBeF container-text text-embed \" id=\"element-body-15\">\n<p>Las llama \u201clas bondades de la menopausia\u201d y entre ellas detall\u00f3: \u201cLos estr\u00f3genos se van y <strong>por primera vez en la vida sos tu prioridad<\/strong>\u201d. Un cambio rotundo (y, fiel a su estilo, advirti\u00f3 que varias de sus teor\u00edas toman como fuente a TikTok y no al Conicet) es el fin de la tendencia por la cual \u201cla mujer hasta los cuarenta y pico materna a todo el mundo\u201d. <\/p>\n<\/div>\n<div class=\"sc-45461e9c-0 eqiBeF container-text text-embed \" id=\"element-body-16\">\n<p>\u201cCon la p\u00e9rdida de <strong>estr\u00f3genos <\/strong>empezamos a dejar de maternar en todas las din\u00e1micas grupales, lo cual de entrada me pareci\u00f3 fascinante, libre, bastante rockero\u201d, destac\u00f3.<\/p>\n<\/div>\n<div class=\"sc-45461e9c-0 eqiBeF container-text text-embed \" id=\"element-body-17\">\n<p>Julieta Otero fue -entre muchos otros personajes- la emblem\u00e1tica Roxi, aquella madre tan progre como pol\u00edticamente incorrecta. Ahora es el momento de mostrar c\u00f3mo despu\u00e9s de correr durante dos d\u00e9cadas y no llegar a ning\u00fan lado, llega ese esperado momento de la vida en que las horas del d\u00eda empiezan a alcanzar.<\/p>\n<\/div>\n<div class=\"sc-98b114a2-0 bkqiHH image-embed  image-embed \" id=\"element-body-18\"><picture class=\"sc-98b114a2-1 jRUlDm\"><source media=\"(min-width: 975px)\" width=\"720\" height=\"480\" \/><img alt=\"Dalia Gutmann dirige a Julieta Otero en &quot;No me acuerdo las cosas&quot;. Foto prensa.\" loading=\"lazy\" width=\"720\" height=\"480\" decoding=\"async\" data-nimg=\"1\" style=\"color:transparent\" src=\"https:\/\/13.com.ar\/wp-content\/uploads\/2025\/05\/1747643370_986_Julieta-Otero-la-artista-rebelde-que-paso-de-reirse-de.jpg\"\/><span class=\"epigraphe\">Dalia Gutmann dirige a Julieta Otero en &#8220;No me acuerdo las cosas&#8221;. Foto prensa.<\/span><span class=\"picture-open\"><button class=\"open-image\" aria-label=\"Open Image\"\/><\/span><\/picture><\/div>\n<div class=\"sc-45461e9c-0 eqiBeF container-text text-embed \" id=\"element-body-19\">\n<p>El punto en com\u00fan durante todo el trayecto recorrido, enfatiz\u00f3, fue el humor. \u201cEl humor me organiza bastante el d\u00eda y la vida; es un eje que me recorre desde la ma\u00f1ana a la noche; es mi medicina, mi manera de entender, mi fuente cient\u00edfica, mi energ\u00eda.<strong> El humor me define y me sostiene<\/strong>\u201d, concluy\u00f3 Otero.<\/p>\n<\/div>\n<\/div>\n<p><br \/>\n<br \/><a href=\"https:\/\/www.clarin.com\/familias\/julieta-otero-artista-rebelde-paso-reirse-maternidad-ironizar-menopausia_0_abtjGffZFI.html\">Fuente Clarin.com <\/a><\/p>\n","protected":false},"excerpt":{"rendered":"<p>Poco m\u00e1s de una d\u00e9cada atr\u00e1s, Julieta Otero se re\u00eda de la maternidad en Seg\u00fan Roxi. Como en la vida misma, hoy le pone humor a la menopausia en No me acuerdo las cosas, la obra de teatro que protagoniza entre mon\u00f3logos y canciones. Se trata de un unipersonal escrito por Otero y dirigido por [&hellip;]<\/p>\n","protected":false},"author":1,"featured_media":26253,"comment_status":"open","ping_status":"open","sticky":false,"template":"","format":"standard","meta":{"footnotes":""},"categories":[2],"tags":[3556,18522,4087,9634,18523,15154,158,16583,18521,732],"class_list":["post-26252","post","type-post","status-publish","format-standard","has-post-thumbnail","hentry","category-ultimas-noticias","tag-artista","tag-ironizar","tag-julieta","tag-maternidad","tag-menopausia","tag-otero","tag-paso","tag-rebelde","tag-reirse","tag-sobre"],"_links":{"self":[{"href":"https:\/\/13.com.ar\/index.php\/wp-json\/wp\/v2\/posts\/26252","targetHints":{"allow":["GET"]}}],"collection":[{"href":"https:\/\/13.com.ar\/index.php\/wp-json\/wp\/v2\/posts"}],"about":[{"href":"https:\/\/13.com.ar\/index.php\/wp-json\/wp\/v2\/types\/post"}],"author":[{"embeddable":true,"href":"https:\/\/13.com.ar\/index.php\/wp-json\/wp\/v2\/users\/1"}],"replies":[{"embeddable":true,"href":"https:\/\/13.com.ar\/index.php\/wp-json\/wp\/v2\/comments?post=26252"}],"version-history":[{"count":0,"href":"https:\/\/13.com.ar\/index.php\/wp-json\/wp\/v2\/posts\/26252\/revisions"}],"wp:featuredmedia":[{"embeddable":true,"href":"https:\/\/13.com.ar\/index.php\/wp-json\/wp\/v2\/media\/26253"}],"wp:attachment":[{"href":"https:\/\/13.com.ar\/index.php\/wp-json\/wp\/v2\/media?parent=26252"}],"wp:term":[{"taxonomy":"category","embeddable":true,"href":"https:\/\/13.com.ar\/index.php\/wp-json\/wp\/v2\/categories?post=26252"},{"taxonomy":"post_tag","embeddable":true,"href":"https:\/\/13.com.ar\/index.php\/wp-json\/wp\/v2\/tags?post=26252"}],"curies":[{"name":"wp","href":"https:\/\/api.w.org\/{rel}","templated":true}]}}