{"id":2607,"date":"2025-02-06T13:52:28","date_gmt":"2025-02-06T16:52:28","guid":{"rendered":"https:\/\/13.com.ar\/index.php\/soy-maricon-y-me-la-banco-el-duro-descargo-de-un-diputado-contra-javier-milei-por-su-polemico-discurso-en-davos\/"},"modified":"2025-02-06T13:52:28","modified_gmt":"2025-02-06T16:52:28","slug":"soy-maricon-y-me-la-banco-el-duro-descargo-de-un-diputado-contra-javier-milei-por-su-polemico-discurso-en-davos","status":"publish","type":"post","link":"https:\/\/13.com.ar\/index.php\/soy-maricon-y-me-la-banco-el-duro-descargo-de-un-diputado-contra-javier-milei-por-su-polemico-discurso-en-davos\/","title":{"rendered":"&#8220;Soy maric\u00f3n y me la banco&#8221;, el duro descargo de un diputado contra Javier Milei por su pol\u00e9mico discurso en Davos"},"content":{"rendered":"<p> <br \/>\n<br \/><img decoding=\"async\" src=\"https:\/\/13.com.ar\/wp-content\/uploads\/2025\/02\/Soy-maricon-y-me-la-banco-el-duro-descargo-de.jpg\" \/><\/p>\n<div id=\"cuerpo\">\n<div class=\"sc-80531b6b-0 chRIGJ container-text text-embed\">\n<p>Las palabras del presidente <strong>Javier Milei<\/strong> en el Foro de Davos <strong>contra el colectivo LGBTI<\/strong>, que generaron la movilizaci\u00f3n del s\u00e1bado pasado, siguen teniendo consecuencias. Esta vez, un legislador introdujo el tema en el debate por la suspensi\u00f3n de las PASO (Primarias Abiertas Simult\u00e1neas y Obligatorias) en la C\u00e1mara de Diputados, y <strong>apunt\u00f3 contra el mandatario, parte del Gabinete y algunos de sus pares libertarios<\/strong>.<\/p>\n<\/div>\n<div class=\"sc-80531b6b-0 chRIGJ container-text text-embed\">\n<p>Se trata de <strong>Esteban Paul\u00f3n<\/strong>, diputado de Encuentro Federal, uno de los convocantes a la marcha que repudi\u00f3 las palabras del presidente Milei.<\/p>\n<\/div>\n<div class=\"sc-80531b6b-0 chRIGJ container-text text-embed\">\n<p>&#8220;Se cansaron de decir que era una marcha kirchnerista. No soy kirchnerista. <strong>Soy maric\u00f3n y me la banco<\/strong>, y fui a esa marcha a convocar a la sociedad democr\u00e1tica argentina porque no vamos a volver a vivir entre cuatro paredes como pretende el jefe de Gabinete, Guillermo Francos&#8221;, manifest\u00f3.<\/p>\n<\/div>\n<div class=\"sc-80531b6b-0 chRIGJ container-text text-embed\">\n<p>El legislador santafesino se expres\u00f3 durante las cuestiones de privilegio en el recinto y, adem\u00e1s de reivindicar la movilizaci\u00f3n, advirti\u00f3 que no permitir\u00e1n un retroceso en materia de derechos.<\/p>\n<\/div>\n<div class=\"sc-80531b6b-0 chRIGJ container-text text-embed\">\n<p>Paul\u00f3n se pregunt\u00f3 por qu\u00e9 el mandatario no puso como ejemplo el caso de Gis\u00e8le P\u00e9licot, cuyo marido fue condenado a 20 a\u00f1os de c\u00e1rcel por drogarla entre 2011 y 2020 para que la violaran; o el caso del cura Julio C\u00e9sar Grassi en Argentina, condenado por pedofilia en el Hogar Felices los Ni\u00f1os, para apuntar a los heterosexuales o al catolicismo.<\/p>\n<\/div>\n<div class=\"sc-80531b6b-0 chRIGJ container-text text-embed\">\n<p>&#8220;Us\u00f3 la figura de una pareja de varones porque <strong>ten\u00eda claro lo que quer\u00eda decir<\/strong>&#8220;, manifest\u00f3. Y apunt\u00f3 a los legisladores libertarios Santiago Santurio y Lilia Lemoine, quienes en redes sociales s<strong>e expresaron en contra de la marcha de colectivo LGBTI<\/strong> argumentando que era una protesta a favor de la pedofilia.<\/p>\n<\/div>\n<div class=\"sc-ad4aedf2-0 dPPgNJ border-video video-embed horizontal border-video video-embed horizontal\">\n<div class=\"sc-ad4aedf2-1 hnFuni videoText videoText\">\n<h2>Video<\/h2>\n<p>Milei ratific\u00f3 sus dichos en Davos<\/p>\n<\/div>\n<\/div>\n<div class=\"sc-80531b6b-0 chRIGJ container-text text-embed\">\n<p> Previo al fuerte descargo de Paul\u00f3n, en el inicio de la sesi\u00f3n en la que el oficialismo busca suspender las PASO, la diputada de Uni\u00f3n por La Patria, M\u00f3nica Macha, pidi\u00f3 que se vote un proyecto de resoluci\u00f3n para repudiar el discurso de Javier Milei en Davos.<\/p>\n<\/div>\n<div class=\"sc-80531b6b-0 chRIGJ container-text text-embed\">\n<p>&#8220;Para expresar la preocupaci\u00f3n y repudio a los dichos de Milei en Davos. En esas palabras se expresa desprecio y violencia contra el colectivo LGBTI y una profunda discriminaci\u00f3n contra las mujeres&#8221;, destac\u00f3 Macha.<\/p>\n<\/div>\n<div class=\"sc-80531b6b-0 chRIGJ container-text text-embed\">\n<p> La iniciativa no tuvo los dos tercios de los votos que necesitaba, que se requieren para tratar los proyectos en el per\u00edodo de sesiones extraordinarias. <\/p>\n<\/div>\n<div class=\"sc-80531b6b-0 chRIGJ container-text text-embed\">\n<p>Finalmente, el diputado de Encuentro Federal se manifest\u00f3 en contra del anuncio del Gobierno que prohibir\u00e1 los tratamientos de cambio de g\u00e9nero para menores de 18 a\u00f1os.<\/p>\n<\/div>\n<div class=\"sc-106e49c0-0 dcVumd freeHtml-embed undefined\">\n<blockquote class=\"twitter-tweet\">\n<p lang=\"es\" dir=\"ltr\">S\u00ed. Hormonizar ni\u00f1os e interrumpir su desarrollo f\u00edsico es abuso infantil. La educaci\u00f3n sexual es necesaria, NO LA SEXUALIZACI\u00d3N DE LOS NI\u00d1OS. <a rel=\"nofollow\" target=\"_blank\" href=\"https:\/\/t.co\/sSEU9absVb\">pic.twitter.com\/sSEU9absVb<\/a><\/p>\n<p>\u2014 Lilia Lemoine \ud83c\udf4b (@lilialemoine) <a rel=\"nofollow\" target=\"_blank\" href=\"https:\/\/twitter.com\/lilialemoine\/status\/1887531813406474639?ref_src=twsrc%5Etfw\">February 6, 2025<\/a><\/p><\/blockquote>\n<\/div>\n<div class=\"sc-80531b6b-0 chRIGJ container-text text-embed\">\n<p>&#8220;El Gobierno, Santiago Caputo, los asesores se piensan que son muy vivos y que a la marcha le contestan con m\u00e1s provocaciones y ayer hicieron un anuncio temerario. No por la medida que es una fake news, ac\u00e1 en Argentina ning\u00fan ni\u00f1o trans es mutilado. Ac\u00e1 lo que se est\u00e1n mutilando son los derechos del colectivo LGBTI y la salud p\u00fablica&#8221;, manifest\u00f3.<\/p>\n<\/div>\n<div class=\"sc-80531b6b-0 chRIGJ container-text text-embed\">\n<p>El legislador habl\u00f3 de una campa\u00f1a de demonizaci\u00f3n del colectivo travesti y trans, al que defini\u00f3 como el eslab\u00f3n m\u00e1s d\u00e9bil de la sociedad.<\/p>\n<\/div>\n<div class=\"sc-80531b6b-0 chRIGJ container-text text-embed\">\n<p>&#8220;La \u00fanica posibilidad que tiene el colectivo travesti trans es con el acompa\u00f1amiento de las familias y esta amenaza del presidente Milei en Davos de que los equipos van a ser juzgados como los peores cr\u00edmenes de la humanidad, y el ataque de ayer es un golpe a las familias que amorosamente acompa\u00f1an a esas infancias y adolescencias que hoy tienen proyecto de vida, se miran al espejo y se sienten conformes a lo que ven&#8221;, sentenci\u00f3.<\/p>\n<\/div>\n<div class=\"sc-80531b6b-0 chRIGJ container-text text-embed\">\n<p>La diputada Lemoine, a la que aludi\u00f3 en su discurso Paul\u00f3n, respondi\u00f3 a trav\u00e9s de redes sociales. &#8220;Hormonizar ni\u00f1os e interrumpir su desarrollo f\u00edsico es abuso infantil. La educaci\u00f3n sexual es necesaria, no a la sexualizaci\u00f3n de los ni\u00f1os&#8221;, poste\u00f3 en X.<\/p>\n<\/div>\n<\/div>\n<p><script async src=\"\/\/platform.twitter.com\/widgets.js\" charset=\"utf-8\"><\/script><br \/>\n<br \/><br \/>\n<br \/><a href=\"https:\/\/www.clarin.com\/politica\/maricon-banco-duro-descargo-diputado-javier-milei-polemico-discurso-davos_0_7byir9GcQr.html\">Fuente Clarin.com <\/a><\/p>\n","protected":false},"excerpt":{"rendered":"<p>Las palabras del presidente Javier Milei en el Foro de Davos contra el colectivo LGBTI, que generaron la movilizaci\u00f3n del s\u00e1bado pasado, siguen teniendo consecuencias. Esta vez, un legislador introdujo el tema en el debate por la suspensi\u00f3n de las PASO (Primarias Abiertas Simult\u00e1neas y Obligatorias) en la C\u00e1mara de Diputados, y apunt\u00f3 contra el [&hellip;]<\/p>\n","protected":false},"author":1,"featured_media":2608,"comment_status":"open","ping_status":"open","sticky":false,"template":"","format":"standard","meta":{"footnotes":""},"categories":[2],"tags":[1957,835,1585,4599,2439,731,1369,273,4598,77,2717,142,4008],"class_list":["post-2607","post","type-post","status-publish","format-standard","has-post-thumbnail","hentry","category-ultimas-noticias","tag-banco","tag-contra","tag-davos","tag-descargo","tag-diputado","tag-discurso","tag-duro","tag-javier","tag-maricon","tag-milei","tag-polemico","tag-por","tag-soy"],"_links":{"self":[{"href":"https:\/\/13.com.ar\/index.php\/wp-json\/wp\/v2\/posts\/2607","targetHints":{"allow":["GET"]}}],"collection":[{"href":"https:\/\/13.com.ar\/index.php\/wp-json\/wp\/v2\/posts"}],"about":[{"href":"https:\/\/13.com.ar\/index.php\/wp-json\/wp\/v2\/types\/post"}],"author":[{"embeddable":true,"href":"https:\/\/13.com.ar\/index.php\/wp-json\/wp\/v2\/users\/1"}],"replies":[{"embeddable":true,"href":"https:\/\/13.com.ar\/index.php\/wp-json\/wp\/v2\/comments?post=2607"}],"version-history":[{"count":0,"href":"https:\/\/13.com.ar\/index.php\/wp-json\/wp\/v2\/posts\/2607\/revisions"}],"wp:featuredmedia":[{"embeddable":true,"href":"https:\/\/13.com.ar\/index.php\/wp-json\/wp\/v2\/media\/2608"}],"wp:attachment":[{"href":"https:\/\/13.com.ar\/index.php\/wp-json\/wp\/v2\/media?parent=2607"}],"wp:term":[{"taxonomy":"category","embeddable":true,"href":"https:\/\/13.com.ar\/index.php\/wp-json\/wp\/v2\/categories?post=2607"},{"taxonomy":"post_tag","embeddable":true,"href":"https:\/\/13.com.ar\/index.php\/wp-json\/wp\/v2\/tags?post=2607"}],"curies":[{"name":"wp","href":"https:\/\/api.w.org\/{rel}","templated":true}]}}