{"id":2599,"date":"2025-02-06T13:36:40","date_gmt":"2025-02-06T16:36:40","guid":{"rendered":"https:\/\/13.com.ar\/index.php\/el-jefe-de-la-barra-de-platense-estaba-profugo-fue-a-ver-a-lamadrid-y-quedo-acorralado-por-la-policia-tras-una-persecucion-de-pelicula-donde-lo-hallaron-escondido\/"},"modified":"2025-02-06T13:36:40","modified_gmt":"2025-02-06T16:36:40","slug":"el-jefe-de-la-barra-de-platense-estaba-profugo-fue-a-ver-a-lamadrid-y-quedo-acorralado-por-la-policia-tras-una-persecucion-de-pelicula-donde-lo-hallaron-escondido","status":"publish","type":"post","link":"https:\/\/13.com.ar\/index.php\/el-jefe-de-la-barra-de-platense-estaba-profugo-fue-a-ver-a-lamadrid-y-quedo-acorralado-por-la-policia-tras-una-persecucion-de-pelicula-donde-lo-hallaron-escondido\/","title":{"rendered":"El jefe de la barra de Platense estaba pr\u00f3fugo, fue a ver a Lamadrid y qued\u00f3 acorralado por la polic\u00eda tras una persecuci\u00f3n de pel\u00edcula: d\u00f3nde lo hallaron escondido"},"content":{"rendered":"<p> <br \/>\n<br \/><img decoding=\"async\" src=\"https:\/\/13.com.ar\/wp-content\/uploads\/2025\/02\/El-jefe-de-la-barra-de-Platense-estaba-profugo-fue.jpg\" \/><\/p>\n<div id=\"cuerpo\">\n<div class=\"sc-80531b6b-0 chRIGJ container-text text-embed\">\n<p>El <strong>f\u00fatbol argentino <\/strong>es de pel\u00edcula pero no s\u00f3lo por haber dado a Messi y Maradona sino por las cosas ins\u00f3litas que pasan alrededor de la pelota <em>&#8220;cualquier d\u00eda, cualquier hora y en cualquier lugar&#8221;<\/em>, como dice la canci\u00f3n. En este caso, fue en un partido de Copa Argentina entre <strong>Lan\u00fas <\/strong>y <strong>Lamadrid<\/strong>, un mi\u00e9rcoles por la tarde y en la cancha de Arsenal de Sarand\u00ed. \u00bfEl protagonista? <strong>Kevin Ariel Torres<\/strong>, l\u00edder de la barra brava de <strong>Platense<\/strong>.<\/p>\n<\/div>\n<div class=\"sc-80531b6b-0 chRIGJ container-text text-embed\">\n<p>En el marco del programa Tribuna Segura, la polic\u00eda logr\u00f3 la detenci\u00f3n de Torres, <strong>pr\u00f3fugo de la Justicia desde hace un a\u00f1o y medio<\/strong> por todo tipo de delitos, entre ellos secuestros, entraderas, asaltos a mano armada y escruches, la modalidad del robo a casas aprovechando la ausencia de sus due\u00f1os, la mayor\u00eda cometidos en countries. Su captura no fue sencilla y requiri\u00f3 un despliegue que pareci\u00f3 sacado de una pel\u00edcula. As\u00ed lo defini\u00f3 la ministra <strong>Patricia Bullrich<\/strong>, que celebr\u00f3 la noticia en sus redes sociales.<\/p>\n<\/div>\n<div class=\"sc-80531b6b-0 chRIGJ container-text text-embed\">\n<p>&#8220;Fin del juego para el jefe de la barra de Platense&#8221;, escribi\u00f3 Bullrich, al frente del rebautizado <strong>Ministerio de Seguridad Nacional<\/strong>. &#8220;Pr\u00f3fugo, violento, con un prontuario de pel\u00edcula: secuestros, entraderas, asaltos. Pens\u00f3 que el f\u00fatbol lo iba a seguir protegiendo. Se equivoc\u00f3&#8221;, escribi\u00f3 en su cuenta de Twitter, junto a una foto de Torres.<\/p>\n<\/div>\n<div class=\"sc-80531b6b-0 chRIGJ container-text text-embed\">\n<p>Tal como lo cuenta la pel\u00edcula <em>El secreto de sus ojos<\/em>, en boca de un personaje interpretado por Guillermo Francella, &#8220;el tipo puede cambiar de todo, de cara, de casa, de familia, de novia, de religi\u00f3n, de Dios, pero hay una cosa que no puede cambiar&#8230; no puede cambiar de pasi\u00f3n&#8221; y son muchos los pr\u00f3fugos detenidos al ir a ver a su equipo. Seg\u00fan un informe de Clar\u00edn, s\u00f3lo en 2024 se registraron 70 capturas de este tipo en los estadios argentinos. Y la misma escena se repiti\u00f3 en Sarand\u00ed.<\/p>\n<\/div>\n<div class=\"sc-106e49c0-0 dcVumd freeHtml-embed undefined\">\n<blockquote class=\"twitter-tweet\">\n<p lang=\"es\" dir=\"ltr\">TRIBUNA SEGURA: FIN DEL JUEGO PARA EL JEFE DE LA BARRA DE PLATENSE<\/p>\n<p>Pr\u00f3fugo, violento, con un prontuario de pel\u00edcula: secuestros, entraderas, asaltos. Pens\u00f3 que el f\u00fatbol lo iba a seguir protegiendo. Se equivoc\u00f3.<\/p>\n<p>Fue a la cancha a ver a Lamadrid, Tribuna Segura lo reconoci\u00f3. La\u2026 <a rel=\"nofollow\" target=\"_blank\" href=\"https:\/\/t.co\/w2CpNuDjNt\">pic.twitter.com\/w2CpNuDjNt<\/a><\/p>\n<p>\u2014 Patricia Bullrich (@PatoBullrich) <a rel=\"nofollow\" target=\"_blank\" href=\"https:\/\/twitter.com\/PatoBullrich\/status\/1887507448673804327?ref_src=twsrc%5Etfw\">February 6, 2025<\/a><\/p><\/blockquote>\n<\/div>\n<div class=\"sc-80531b6b-0 chRIGJ container-text text-embed\">\n<p>Torres, de 27 a\u00f1os de edad, intent\u00f3 ingresar a la cancha de Arsenal con la barra de Lamadrid pero fue reconocido por personal de la <strong>Aprevide <\/strong>y de<strong> Tribuna Segura<\/strong>, el operativo liderado por Franco Berl\u00edn, a cargo de la Seguridad en Eventos Deportivos de la Naci\u00f3n, dependiente del \u00e1rea de Bullrich. La reacci\u00f3n del barra al ser interceptado por un agente de polic\u00eda fue inmediata y condenatoria:<strong> peg\u00f3 dos trompadas y corri\u00f3 en direcci\u00f3n a los molinetes<\/strong>, para saltar y perderse dentro de la popular que ocupaban los hinchas del conjunto de Villa Devoto, casualmente apodado &#8220;Carcelero&#8221; por su proximidad a la vieja penitenciar\u00eda.<\/p>\n<\/div>\n<div class=\"sc-80531b6b-0 chRIGJ container-text text-embed\">\n<p>En ese momento las fuerzas policiales tuvieron dos opciones, ingresar a buscar a Torres con escudos y armas de combate o esperar el final del partido e<strong> interceptarlo en medio de la salida de los hinchas<\/strong>, evitando un enfrentamiento m\u00e1s pesado. Ante los dos escenarios se opt\u00f3 por la segunda alternativa y se arm\u00f3 un cord\u00f3n policial que se fue cerrando paso a paso en el af\u00e1n de acorralar al criminal.<\/p>\n<\/div>\n<div class=\"sc-80531b6b-0 chRIGJ container-text text-embed\">\n<p>A pesar de que en cierto momento los jefes de la barra de Lamadrid intentaron desviar la atenci\u00f3n de los polic\u00edas afirmando que Torres &#8220;se hab\u00eda escapado por detr\u00e1s de un pared\u00f3n&#8221;, los agentes se mantuvieron en su planificaci\u00f3n y se quedaron en las instalaciones revisando cada recoveco del estadio denominado Julio Humberto Grondona, en homenaje al ex presidente de la AFA. <strong>Finalmente, Torres fue descubierto dentro de un tanque de agua, y qued\u00f3 detenido.<\/strong><\/p>\n<\/div>\n<div class=\"sc-80531b6b-0 chRIGJ container-text text-embed\">\n<p>El jefe de la barra de Platense, familiar de otro viejo l\u00edder de la hinchada del Calamar, <strong>Alejandro <em>Raba <\/em>Torres<\/strong>, ten\u00eda un pedido de captura formulado por el Juzgado de Garant\u00edas Nro 2 de General Pacheco como consecuencia de la investigaci\u00f3n de una serie de robos en distintos countries de la zona de Tigre. La modalidad de la banda que estaba al acecho en los barrios privados era similar: segu\u00edan a los autos que sal\u00edan de sus hogares, esperaban que fueran estacionados y los abr\u00edan con inhibidores para quedarse con las tarjetas de ingreso a los barrios. <strong>Era su manera de entrar a los countries, vaciar las casas y salir sin ser revisados<\/strong>.<\/p>\n<\/div>\n<div class=\"sc-80531b6b-0 chRIGJ container-text text-embed\">\n<p>Seg\u00fan fuentes judiciales, Torres decidi\u00f3 implementar esta din\u00e1mica criminal gracias al consejo de unos ladrones colombianos que conoci\u00f3 en un primer paso por la c\u00e1rcel, donde pag\u00f3 pena por otros delitos de gravedad. Fueron siete los casos denunciados en un lapso de 60 d\u00edas, y en septiembre de 2023 el grupo de delincuentes fue identificado y detenido: de los cinco se\u00f1alados, tres cayeron en el acto pero Torres logr\u00f3 fugarse y desaparecer del sistema, hasta que el f\u00fatbol lo termin\u00f3 traicionando.<\/p>\n<\/div>\n<\/div>\n<p><script async src=\"\/\/platform.twitter.com\/widgets.js\" charset=\"utf-8\"><\/script><br \/>\n<br \/><br \/>\n<br \/><a href=\"https:\/\/www.clarin.com\/deportes\/jefe-barra-platense-profugo-ver-lamadrid-quedo-acorralado-policia-persecucion-pelicula-hallaron-escondido_0_sBgIZwlUSW.html\">Fuente Clarin.com <\/a><\/p>\n","protected":false},"excerpt":{"rendered":"<p>El f\u00fatbol argentino es de pel\u00edcula pero no s\u00f3lo por haber dado a Messi y Maradona sino por las cosas ins\u00f3litas que pasan alrededor de la pelota &#8220;cualquier d\u00eda, cualquier hora y en cualquier lugar&#8221;, como dice la canci\u00f3n. En este caso, fue en un partido de Copa Argentina entre Lan\u00fas y Lamadrid, un mi\u00e9rcoles [&hellip;]<\/p>\n","protected":false},"author":1,"featured_media":2600,"comment_status":"open","ping_status":"open","sticky":false,"template":"","format":"standard","meta":{"footnotes":""},"categories":[2],"tags":[4585,3859,743,4587,627,105,961,1327,4584,90,4586,941,1726,142,4583,336,312,73,827],"class_list":["post-2599","post","type-post","status-publish","format-standard","has-post-thumbnail","hentry","category-ultimas-noticias","tag-acorralado","tag-barra","tag-donde","tag-escondido","tag-estaba","tag-fue","tag-hallaron","tag-jefe","tag-lamadrid","tag-pelicula","tag-persecucion","tag-platense","tag-policia","tag-por","tag-profugo","tag-quedo","tag-tras","tag-una","tag-ver"],"_links":{"self":[{"href":"https:\/\/13.com.ar\/index.php\/wp-json\/wp\/v2\/posts\/2599","targetHints":{"allow":["GET"]}}],"collection":[{"href":"https:\/\/13.com.ar\/index.php\/wp-json\/wp\/v2\/posts"}],"about":[{"href":"https:\/\/13.com.ar\/index.php\/wp-json\/wp\/v2\/types\/post"}],"author":[{"embeddable":true,"href":"https:\/\/13.com.ar\/index.php\/wp-json\/wp\/v2\/users\/1"}],"replies":[{"embeddable":true,"href":"https:\/\/13.com.ar\/index.php\/wp-json\/wp\/v2\/comments?post=2599"}],"version-history":[{"count":0,"href":"https:\/\/13.com.ar\/index.php\/wp-json\/wp\/v2\/posts\/2599\/revisions"}],"wp:featuredmedia":[{"embeddable":true,"href":"https:\/\/13.com.ar\/index.php\/wp-json\/wp\/v2\/media\/2600"}],"wp:attachment":[{"href":"https:\/\/13.com.ar\/index.php\/wp-json\/wp\/v2\/media?parent=2599"}],"wp:term":[{"taxonomy":"category","embeddable":true,"href":"https:\/\/13.com.ar\/index.php\/wp-json\/wp\/v2\/categories?post=2599"},{"taxonomy":"post_tag","embeddable":true,"href":"https:\/\/13.com.ar\/index.php\/wp-json\/wp\/v2\/tags?post=2599"}],"curies":[{"name":"wp","href":"https:\/\/api.w.org\/{rel}","templated":true}]}}