{"id":2597,"date":"2025-02-06T13:33:31","date_gmt":"2025-02-06T16:33:31","guid":{"rendered":"https:\/\/13.com.ar\/index.php\/tercer-ano-de-la-diplomatura-en-medicina-cannabica-para-profesionales-de-la-salud\/"},"modified":"2025-02-06T13:33:31","modified_gmt":"2025-02-06T16:33:31","slug":"tercer-ano-de-la-diplomatura-en-medicina-cannabica-para-profesionales-de-la-salud","status":"publish","type":"post","link":"https:\/\/13.com.ar\/index.php\/tercer-ano-de-la-diplomatura-en-medicina-cannabica-para-profesionales-de-la-salud\/","title":{"rendered":"Tercer a\u00f1o de la diplomatura en Medicina cann\u00e1bica para profesionales de la salud"},"content":{"rendered":"<p> <br \/>\n<br \/><img decoding=\"async\" src=\"https:\/\/13.com.ar\/wp-content\/uploads\/2025\/02\/Tercer-ano-de-la-diplomatura-en-Medicina-cannabica-para-profesionales.jpg\" \/><\/p>\n<div>\n<p>La Asociaci\u00f3n M\u00e9dica Argentina (AMA), por tercer a\u00f1o consecutivo, incluye a la <strong>medicina cann\u00e1bica <\/strong>para incluirla dentro de sus propuestas acad\u00e9micas. Con tal motivo, se concreta la<strong> Diplomatura Internacional en Endocannabinolog\u00eda y Terap\u00e9utica Cann\u00e1bica,<\/strong> dirigida por la doctora Gisela Medrano y el doctor Alejandro Andersson. Est\u00e1 dise\u00f1ada para profesionales de la salud -m\u00e9dicos, odont\u00f3logos, veterinarios, entre ellos- que desean ampliar sus conocimientos sobre <strong>el uso terap\u00e9utico del cannabis en diversas condiciones cr\u00f3nicas de salud<\/strong><\/p>\n<\/div>\n<div>\n<p>El aumento impactante de las m\u00faltiples investigaciones sobre terap\u00e9utica cann\u00e1bica y la creciente demanda de los pacientes han hecho necesario brindar formaci\u00f3n adecuada a los profesionales de la salud. Esta diplomatura se pens\u00f3 en respuesta a este desaf\u00edo, promoviendo <strong>el uso responsable y fundamentado del cannabis en la pr\u00e1ctica m\u00e9dica.<\/strong><\/p>\n<\/div>\n<div>\n<p>La diplomatura se desarrollar\u00e1 <strong>en modalidad online <\/strong>en el campus virtual de la AMA, a partir de marzo y hasta agosto. Cuenta con <strong>18 docentes de diferentes especialidades, <\/strong>iniciando con una introducci\u00f3n a la planta Cannabis sativa y su recorrido por la historia a cargo de Emilio Ruchansky, junto con marco regulatorio en Argentina, que incluir\u00e1 la Ley 27.350 y el REPROCANN con el Dr. Marcelo Morante.<\/p>\n<\/div>\n<div>\n<p>Luego se hablar\u00e1 sobre <strong>bot\u00e1nica de la planta <\/strong>(Lic. Nicol\u00e1s Boaretto), contando con un taller pr\u00e1ctico a cargo de Soraya Lasetz., Sistema Endocannabionoide (Dra. Gisela Medrano y Dr. Mariano Garc\u00eda de Palau), Farmacolog\u00eda (MSc. Alejandro Bucciarelli y Dra. Carol Golini), Dolor y Cuidados Paliativos (Dra. Paola Pineda de Colombia), Neurolog\u00eda del adulto (Dr. Alejandro Andersson), Salud Mental (Dr. Jaime Buchuk), Neuropediatr\u00eda (Dra. Natalia Taratuto), Nutrici\u00f3n (Dra. Gisela Medrano), Odontolog\u00eda (Dra. Mariana R\u00edos), Infectolog\u00eda (Dra. Alejandra Della Vedova) y Oftalmolog\u00eda (Dr. Ignacio Ferrari), Ginecolog\u00eda (Dra. Silvina Vulcano), y avances en investigaci\u00f3n precl\u00ednica en Argentina (Dra. Mar\u00eda Eugenia Oliva y Dra. Laura Caltana).<\/p>\n<\/div>\n<div>\n<p>Los<strong> informes e inscripciones<\/strong> se realizan a trav\u00e9s de la Asociaci\u00f3n M\u00e9dica Argentina, en su sitio web ( y en su direcci\u00f3n f\u00edsica: Av. Santa Fe 1171.<\/p>\n<\/div>\n<p><br \/>\n<br \/><a href=\"https:\/\/www.clarin.com\/sociedad\/tercer-ano-diplomatura-cannabica-profesionales-salud_0_tVjpFVtP8u.html\">Fuente Clarin.com <\/a><\/p>\n","protected":false},"excerpt":{"rendered":"<p>La Asociaci\u00f3n M\u00e9dica Argentina (AMA), por tercer a\u00f1o consecutivo, incluye a la medicina cann\u00e1bica para incluirla dentro de sus propuestas acad\u00e9micas. Con tal motivo, se concreta la Diplomatura Internacional en Endocannabinolog\u00eda y Terap\u00e9utica Cann\u00e1bica, dirigida por la doctora Gisela Medrano y el doctor Alejandro Andersson. Est\u00e1 dise\u00f1ada para profesionales de la salud -m\u00e9dicos, odont\u00f3logos, veterinarios, [&hellip;]<\/p>\n","protected":false},"author":1,"featured_media":2598,"comment_status":"open","ping_status":"open","sticky":false,"template":"","format":"standard","meta":{"footnotes":""},"categories":[2],"tags":[530,4581,4579,4580,16,4582,243,4578],"class_list":["post-2597","post","type-post","status-publish","format-standard","has-post-thumbnail","hentry","category-ultimas-noticias","tag-ano","tag-cannabica","tag-diplomatura","tag-medicina","tag-para","tag-profesionales","tag-salud","tag-tercer"],"_links":{"self":[{"href":"https:\/\/13.com.ar\/index.php\/wp-json\/wp\/v2\/posts\/2597","targetHints":{"allow":["GET"]}}],"collection":[{"href":"https:\/\/13.com.ar\/index.php\/wp-json\/wp\/v2\/posts"}],"about":[{"href":"https:\/\/13.com.ar\/index.php\/wp-json\/wp\/v2\/types\/post"}],"author":[{"embeddable":true,"href":"https:\/\/13.com.ar\/index.php\/wp-json\/wp\/v2\/users\/1"}],"replies":[{"embeddable":true,"href":"https:\/\/13.com.ar\/index.php\/wp-json\/wp\/v2\/comments?post=2597"}],"version-history":[{"count":0,"href":"https:\/\/13.com.ar\/index.php\/wp-json\/wp\/v2\/posts\/2597\/revisions"}],"wp:featuredmedia":[{"embeddable":true,"href":"https:\/\/13.com.ar\/index.php\/wp-json\/wp\/v2\/media\/2598"}],"wp:attachment":[{"href":"https:\/\/13.com.ar\/index.php\/wp-json\/wp\/v2\/media?parent=2597"}],"wp:term":[{"taxonomy":"category","embeddable":true,"href":"https:\/\/13.com.ar\/index.php\/wp-json\/wp\/v2\/categories?post=2597"},{"taxonomy":"post_tag","embeddable":true,"href":"https:\/\/13.com.ar\/index.php\/wp-json\/wp\/v2\/tags?post=2597"}],"curies":[{"name":"wp","href":"https:\/\/api.w.org\/{rel}","templated":true}]}}