{"id":2596,"date":"2025-02-06T13:30:56","date_gmt":"2025-02-06T16:30:56","guid":{"rendered":"https:\/\/13.com.ar\/index.php\/para-el-fmi-el-nuevo-acuerdo-con-argentina-deberia-incluir-reformas-para-alentar-el-crecimiento\/"},"modified":"2025-02-06T13:30:56","modified_gmt":"2025-02-06T16:30:56","slug":"para-el-fmi-el-nuevo-acuerdo-con-argentina-deberia-incluir-reformas-para-alentar-el-crecimiento","status":"publish","type":"post","link":"https:\/\/13.com.ar\/index.php\/para-el-fmi-el-nuevo-acuerdo-con-argentina-deberia-incluir-reformas-para-alentar-el-crecimiento\/","title":{"rendered":"Para el FMI, el nuevo acuerdo con Argentina deber\u00eda incluir reformas para alentar el crecimiento"},"content":{"rendered":"<p> <br \/>\n<br \/><img decoding=\"async\" src=\"https:\/\/13.com.ar\/wp-content\/uploads\/2025\/01\/El-FMI-anuncio-que-termino-la-mision-en-Buenos-Aires.jpg\" \/><\/p>\n<div id=\"cuerpo\">\n<div class=\"sc-80531b6b-0 chRIGJ container-text text-embed\">\n<p>El Fondo Monetario Internacional, que se encuentra en plena negociaci\u00f3n de un nuevo acuerdo con la Argentina, remarc\u00f3 este jueves que con el Gobierno reconocen \u201c<strong>la necesidad de seguir adoptando pol\u00edticas fiscales, monetarias y cambiarias\u201d<\/strong>, as\u00ed como m\u00e1s reformas estructurales para avanzar en el crecimiento.<\/p>\n<\/div>\n<div class=\"sc-80531b6b-0 chRIGJ container-text text-embed\">\n<p>En una conferencia de prensa en Washington, la directora de Comunicaciones del organismo,<strong> Julie Kozack<\/strong>, resalt\u00f3 el \u201cenorme progresos de Argentina\u201d &#8211;elogios que ya hab\u00eda pronunciado la directora gerente Kristalina Georgieva cuando se reuni\u00f3 el 19 de enero con el presidente Javier Milei&#8211; y dijo que continuaban trabajando con las autoridades en un nuevo acuerdo.<\/p>\n<\/div>\n<div class=\"sc-80531b6b-0 chRIGJ container-text text-embed\">\n<p>El equipo de Econom\u00eda, liderado por el ministro Luis Caputo, negocia con los t\u00e9cnicos del FMI los detalles de un nuevo programa financiero que otorgue un desembolso (el gobierno anhela unos US$12.000 millones) para reforzar las reservas y as\u00ed poder levantar el cepo sin problemas este a\u00f1o.<\/p>\n<\/div>\n<div class=\"sc-80531b6b-0 chRIGJ container-text text-embed\">\n<p>La semana pasada finaliz\u00f3 una misi\u00f3n del FMI en Buenos Aires, liderada por Luis Cubbedu, que seg\u00fan el Fondo dijo la semana pasada, fueron \u201cconstructivas\u201d. Desde el organismo bajaron entonces las expectativas de que la firma del acuerdo ser\u00eda inminente, como hab\u00edan sugerido desde el Gobierno, y dijeron que continuar\u00edan negociando \u201cen las pr\u00f3ximas semanas\u201d.<\/p>\n<\/div>\n<div class=\"sc-80531b6b-0 chRIGJ container-text text-embed\">\n<p>Kozack enfrent\u00f3 este jueves varias preguntas sobre Argentina sobre el cepo, una posible devaluaci\u00f3n y otros varios temas, pero se limit\u00f3 a expresar algunas frases sobre las negociaciones porque, seg\u00fan dijo, a\u00fan est\u00e1n en curso.<\/p>\n<\/div>\n<div class=\"sc-80531b6b-0 chRIGJ container-text text-embed\">\n<p>\u201cLo que puedo compartir de Argentina es que como resalt\u00f3 la directora gerente despu\u00e9s de su reuni\u00f3n con el presidente Milei que se celebr\u00f3 el mes pasado <strong>reconocemos el enorme progreso que ha logrado Argentina<\/strong> en reducir la inflaci\u00f3n, estabilizar la econom\u00eda, volver a la senda del crecimiento y con la pobreza que finalmente empieza a reducirse\u201d, dijo la funcionaria. \u201cSeguimos interactuando de manera constructiva con las autoridades argentinas\u201d, agreg\u00f3.<\/p>\n<\/div>\n<div class=\"sc-80531b6b-0 chRIGJ container-text text-embed\">\n<p>Sobre las negociaciones actuales, resalt\u00f3 que una misi\u00f3n del Fondo hab\u00eda visitado recientemente a la Argentina y agreg\u00f3: \u201cEl nuevo programa tender\u00e1 a aprovechar todo lo que se ha ganado hasta ahora, mientras que al mismo tiempo <strong>abordar\u00e1 los desaf\u00edos que a\u00fan quedan pendientes y que enfrente el pa\u00eds<\/strong>\u201d.<\/p>\n<\/div>\n<div class=\"sc-80531b6b-0 chRIGJ container-text text-embed\">\n<p>Y a\u00f1adi\u00f3 que \u201cpara poder sostener esas ganancias obtenidas hay un reconocimiento compartido entre el personal t\u00e9cnico del FMI y las autoridades del pa\u00eds <strong>sobre la necesidad de seguir adoptando un conjunto congruente de pol\u00edticas fiscales, monetarias y cambiarias mientras se impulsan reformas que realcen el crecimiento\u201d.<\/strong><\/p>\n<\/div>\n<div class=\"sc-80531b6b-0 chRIGJ container-text text-embed\">\n<p>Kozack no dio detalles sobre cu\u00e1les ser\u00edan esas reformas estructurales para avanzar con el crecimiento. Tampoco el FMI ha dado informaci\u00f3n sobre cu\u00e1l ser\u00eda la modalidad del nuevo programa ni tampoco el monto que desembolsar\u00eda ni los plazos.<\/p>\n<\/div>\n<div class=\"sc-80531b6b-0 chRIGJ container-text text-embed\">\n<p>\u201cLas conversaciones constructivas y frecuentes contin\u00faan y daremos detalles adicionales sobre los siguientes pasos una vez que los tengamos\u201d, agreg\u00f3.<\/p>\n<\/div>\n<div class=\"sc-80531b6b-0 chRIGJ container-text text-embed\">\n<p>Kozack no quiso contestar preguntas m\u00e1s espec\u00edficas. \u201cS\u00e9 que tienen ustedes mucho inter\u00e9s y muchas preguntas detalladas que se plantearon aqu\u00ed, pero teniendo presente que las conversaciones contin\u00faan y que ha habido un buen avance hasta ahora s\u00ed queremos cerciorarnos que haya espacio para que el personal y las autoridades puedan continuar con estas conversaciones constructivas y les comunicaremos m\u00e1s una vez que tengamos detalles adicionales\u201d, se\u00f1al\u00f3.<\/p>\n<\/div>\n<div class=\"sc-80531b6b-0 chRIGJ container-text text-embed\">\n<p>Si bien no han dado pistas, expertos en Washington se\u00f1alan que las trabas para un pronto acuerdo girar\u00edan sobre la pol\u00edtica cambiaria. El FMI desear\u00eda que el d\u00f3lar flotara libremente mientras que el Gobierno est\u00e1 m\u00e1s enfocado en mantenerlo limitado para contener la inflaci\u00f3n, sobre todo en un a\u00f1o electoral.<\/p>\n<\/div>\n<div class=\"sc-80531b6b-0 chRIGJ container-text text-embed\">\n<p>El ministro Luis Caputo dijo este mi\u00e9rcoles en una entrevista que un nuevo acuerdo con el FMI no implica una devaluaci\u00f3n del peso o la salida del cepo al d\u00eda siguiente. Milei ya hab\u00eda dicho que estimaba que el cepo podr\u00eda ser levantado a fin de a\u00f1o.<\/p>\n<\/div>\n<\/div>\n<p><br \/>\n<br \/><a href=\"https:\/\/www.clarin.com\/economia\/fmi-coincidimos-gobierno-avanzar-medidas-fiscales-cambiarias-monetarias-crecer_0_h6fqofLRtj.html\">Fuente Clarin.com <\/a><\/p>\n","protected":false},"excerpt":{"rendered":"<p>El Fondo Monetario Internacional, que se encuentra en plena negociaci\u00f3n de un nuevo acuerdo con la Argentina, remarc\u00f3 este jueves que con el Gobierno reconocen \u201cla necesidad de seguir adoptando pol\u00edticas fiscales, monetarias y cambiarias\u201d, as\u00ed como m\u00e1s reformas estructurales para avanzar en el crecimiento. En una conferencia de prensa en Washington, la directora de [&hellip;]<\/p>\n","protected":false},"author":1,"featured_media":106,"comment_status":"open","ping_status":"open","sticky":false,"template":"","format":"standard","meta":{"footnotes":""},"categories":[2],"tags":[267,4577,288,18,1902,3852,323,4575,14,16,4576],"class_list":["post-2596","post","type-post","status-publish","format-standard","has-post-thumbnail","hentry","category-ultimas-noticias","tag-acuerdo","tag-alentar","tag-argentina","tag-con","tag-crecimiento","tag-deberia","tag-fmi","tag-incluir","tag-nuevo","tag-para","tag-reformas"],"_links":{"self":[{"href":"https:\/\/13.com.ar\/index.php\/wp-json\/wp\/v2\/posts\/2596","targetHints":{"allow":["GET"]}}],"collection":[{"href":"https:\/\/13.com.ar\/index.php\/wp-json\/wp\/v2\/posts"}],"about":[{"href":"https:\/\/13.com.ar\/index.php\/wp-json\/wp\/v2\/types\/post"}],"author":[{"embeddable":true,"href":"https:\/\/13.com.ar\/index.php\/wp-json\/wp\/v2\/users\/1"}],"replies":[{"embeddable":true,"href":"https:\/\/13.com.ar\/index.php\/wp-json\/wp\/v2\/comments?post=2596"}],"version-history":[{"count":0,"href":"https:\/\/13.com.ar\/index.php\/wp-json\/wp\/v2\/posts\/2596\/revisions"}],"wp:featuredmedia":[{"embeddable":true,"href":"https:\/\/13.com.ar\/index.php\/wp-json\/wp\/v2\/media\/106"}],"wp:attachment":[{"href":"https:\/\/13.com.ar\/index.php\/wp-json\/wp\/v2\/media?parent=2596"}],"wp:term":[{"taxonomy":"category","embeddable":true,"href":"https:\/\/13.com.ar\/index.php\/wp-json\/wp\/v2\/categories?post=2596"},{"taxonomy":"post_tag","embeddable":true,"href":"https:\/\/13.com.ar\/index.php\/wp-json\/wp\/v2\/tags?post=2596"}],"curies":[{"name":"wp","href":"https:\/\/api.w.org\/{rel}","templated":true}]}}