{"id":2590,"date":"2025-02-06T12:58:47","date_gmt":"2025-02-06T15:58:47","guid":{"rendered":"https:\/\/13.com.ar\/index.php\/se-derrumbo-el-techo-de-la-historica-iglesia-de-oro-y-murio-una-turista\/"},"modified":"2025-02-06T12:58:47","modified_gmt":"2025-02-06T15:58:47","slug":"se-derrumbo-el-techo-de-la-historica-iglesia-de-oro-y-murio-una-turista","status":"publish","type":"post","link":"https:\/\/13.com.ar\/index.php\/se-derrumbo-el-techo-de-la-historica-iglesia-de-oro-y-murio-una-turista\/","title":{"rendered":"se derrumb\u00f3 el techo de la hist\u00f3rica &#8220;Iglesia de Oro&#8221; y muri\u00f3 una turista"},"content":{"rendered":"<p> <br \/>\n<\/p>\n<div id=\"cuerpo\">\n<div class=\"sc-80531b6b-0 chRIGJ container-text text-embed\">\n<p><strong>La hist\u00f3rica iglesia de S\u00e3o Francisco de Asis<\/strong>, uno de los lugares m\u00e1s ic\u00f3nicos y tur\u00edsticos del Centro Hist\u00f3rico de Salvador, en Brasil, <strong>se derrumb\u00f3 este mi\u00e9rcoles y provoc\u00f3 la muerte de una turista de 26 a\u00f1os.<\/strong><\/p>\n<\/div>\n<div class=\"sc-80531b6b-0 chRIGJ container-text text-embed\">\n<p>El tr\u00e1gico accidente en la llamada<em> <\/em><strong>&#8220;Iglesia de Oro&#8221;<em> <\/em><\/strong>-tiene todo su interior revestido en ese metal- ocurri\u00f3 a primeras horas de la tarde del mi\u00e9rcoles. La v\u00edctima fue identificada como <strong>Giulia Panchoni Righetto<\/strong>, que viv\u00eda en San Pablo y estaba de visita en la capital de Bah\u00eda.<\/p>\n<\/div>\n<div class=\"sc-80531b6b-0 chRIGJ container-text text-embed\">\n<p>Adem\u00e1s, <strong>otras cinco personas resultaron heridas<\/strong>: una de ellas tambi\u00e9n era turista y se encontraba visitando la iglesia en el momento de la ca\u00edda del techo. Todas fueron trasladados a centros de salud para tratar las heridas, que afortunadamente fueron leves.<\/p>\n<\/div>\n<div class=\"sc-80531b6b-0 chRIGJ container-text text-embed\">\n<p>Las autoridades indicaron que todo comenz\u00f3 cuando el techo que cubr\u00eda el ala central de la iglesia se desprendi\u00f3 y cay\u00f3 sobre el espacio donde se recibe la misa.<\/p>\n<\/div>\n<div class=\"sc-80531b6b-0 chRIGJ container-text text-embed\">\n<p>Mientras se investigaban las causas de la ca\u00edda del cielorraso de madera, el coordinador de Defensa Civil de Salvador, Sosthenes Macedo, adelant\u00f3: &#8220;Toda la nave central de la iglesia ced\u00eda, posiblemente a causa de sobrepeso de la madera&#8221;.<\/p>\n<\/div>\n<div class=\"sc-80531b6b-0 chRIGJ container-text text-embed\">\n<p>Dos d\u00edas antes de la tragedia, el fraile responsable de la iglesia, Pedro Junior Freitas da Silva, hab\u00eda alertado al Instituto Nacional de Preservaci\u00f3n del Patrimonio Hist\u00f3rico y Art\u00edstico (Iphan) que <strong>hab\u00eda visto una grieta en el techo<\/strong>. La agencia program\u00f3 una inspecci\u00f3n para este jueves, pero el derrumbe ocurri\u00f3 justo el d\u00eda anterior.<\/p>\n<\/div>\n<div class=\"sc-80531b6b-0 chRIGJ container-text text-embed\">\n<p>Varios testigos publicaron im\u00e1genes y videos en redes sociales del desastre, en los que se puede ver c\u00f3mo qued\u00f3 la catedral llena de escombros de madera en el suelo y todo el techo roto.<\/p>\n<\/div>\n<div class=\"sc-198be8ec-0 cynXbu image-embed  image-embed \"><picture class=\"sc-198be8ec-1 kOjRiQ\"><source media=\"(min-width: 975px)\" width=\"720\" height=\"480\" \/><img alt=\"La iglesia de S\u00e3o Francisco de Asis que se derrumb\u00f3 este mi\u00e9rcoles, en Salvador (Brasil). EFE.\" loading=\"lazy\" width=\"720\" height=\"480\" decoding=\"async\" data-nimg=\"1\" style=\"color:transparent\" src=\"https:\/\/13.com.ar\/wp-content\/uploads\/2025\/02\/se-derrumbo-el-techo-de-la-historica-Iglesia-de-Oro.jpg\"\/><span class=\"epigraphe\">La iglesia de S\u00e3o Francisco de Asis que se derrumb\u00f3 este mi\u00e9rcoles, en Salvador (Brasil). EFE.<\/span><span class=\"bkg\"\/><span class=\"picture-open\"><button class=\"open-image\" aria-label=\"Open Image\"\/><\/span><\/picture><\/div>\n<div class=\"sc-80531b6b-0 chRIGJ container-text text-embed\">\n<p>El presidente de Brasil, Lula Da Silva, se pronunci\u00f3 al respecto. En una entrevista que dio este jueves con <em>R\u00e1dio Metr\u00f3pole<\/em> en Salvador, expres\u00f3 su solidaridad a la familia de la turista que muri\u00f3, y reclam\u00f3 la falta de fondos para obras catalogadas. \u201cCuando se derriba un bien p\u00fablico, es necesario invertir dinero en el mantenimiento de las cosas\u201d, apunt\u00f3.<\/p>\n<\/div>\n<div class=\"sc-80531b6b-0 chRIGJ container-text text-embed\">\n<p>Y cuestion\u00f3: &#8220;Veo muchos edificios catalogados, y el ciudadano que aprob\u00f3 la inclusi\u00f3n en el Ayuntamiento no aporta presupuesto para su conservaci\u00f3n. \u00bfPor qu\u00e9 caer si no hay responsabilidad de cuidarlo?&#8221;.<\/p>\n<\/div>\n<p><h2>La &#8220;Iglesia de Oro&#8221;, una de las Siete Maravillas<\/h2>\n<\/p>\n<div class=\"sc-80531b6b-0 chRIGJ container-text text-embed\">\n<p>La &#8220;Iglesia de Oro&#8221; es considerada una de las Siete Maravillas de Origen Portugu\u00e9s del Mundo.<\/p>\n<\/div>\n<div class=\"sc-80531b6b-0 chRIGJ container-text text-embed\">\n<p>Fue fundada en el siglo XVIII, en el a\u00f1o 1723. Forma parte de<strong> uno de los lugares tur\u00edsticos m\u00e1s importantes de Bah\u00eda<\/strong> por su arquitectura de estilo barroco.<\/p>\n<\/div>\n<div class=\"sc-80531b6b-0 chRIGJ container-text text-embed\">\n<p>Gracias a su decoraci\u00f3n llena de metales, fue reconocida como <strong>patrimonio mundial<\/strong> por la Organizaci\u00f3n de las Naciones Unidas para la Educaci\u00f3n, la Ciencia y la Cultura (UNESCO).<\/p>\n<\/div>\n<div class=\"sc-80531b6b-0 chRIGJ container-text text-embed\">\n<p>El gobierno federal de Brasil tambi\u00e9n reconoci\u00f3 al templo como patrimonio cultural y fue catalogado por el Instituto del Patrimonio Hist\u00f3rico y Art\u00edstico Nacional (Iphan), organizaci\u00f3n que est\u00e1 vinculada al Ministerio de Cultura.<\/p>\n<\/div>\n<div class=\"sc-80531b6b-0 chRIGJ container-text text-embed\">\n<p>Sin embargo, en 2023, uno de sus patios fue cerrado por riesgo de ca\u00edda del pin\u00e1culo derecho y por la mala conservaci\u00f3n del sitio.<\/p>\n<\/div>\n<\/div>\n<p><br \/>\n<br \/><a href=\"https:\/\/www.clarin.com\/internacional\/tragedia-brasil-derrumbo-historica-iglesia-oro-murio-turista_0_ctpWkD8vQ7.html\">Fuente Clarin.com <\/a><\/p>\n","protected":false},"excerpt":{"rendered":"<p>La hist\u00f3rica iglesia de S\u00e3o Francisco de Asis, uno de los lugares m\u00e1s ic\u00f3nicos y tur\u00edsticos del Centro Hist\u00f3rico de Salvador, en Brasil, se derrumb\u00f3 este mi\u00e9rcoles y provoc\u00f3 la muerte de una turista de 26 a\u00f1os. El tr\u00e1gico accidente en la llamada &#8220;Iglesia de Oro&#8221; -tiene todo su interior revestido en ese metal- ocurri\u00f3 [&hellip;]<\/p>\n","protected":false},"author":1,"featured_media":2591,"comment_status":"open","ping_status":"open","sticky":false,"template":"","format":"standard","meta":{"footnotes":""},"categories":[2],"tags":[1390,3719,4571,611,2774,4570,4572,73],"class_list":["post-2590","post","type-post","status-publish","format-standard","has-post-thumbnail","hentry","category-ultimas-noticias","tag-derrumbo","tag-historica","tag-iglesia","tag-murio","tag-oro","tag-techo","tag-turista","tag-una"],"_links":{"self":[{"href":"https:\/\/13.com.ar\/index.php\/wp-json\/wp\/v2\/posts\/2590","targetHints":{"allow":["GET"]}}],"collection":[{"href":"https:\/\/13.com.ar\/index.php\/wp-json\/wp\/v2\/posts"}],"about":[{"href":"https:\/\/13.com.ar\/index.php\/wp-json\/wp\/v2\/types\/post"}],"author":[{"embeddable":true,"href":"https:\/\/13.com.ar\/index.php\/wp-json\/wp\/v2\/users\/1"}],"replies":[{"embeddable":true,"href":"https:\/\/13.com.ar\/index.php\/wp-json\/wp\/v2\/comments?post=2590"}],"version-history":[{"count":0,"href":"https:\/\/13.com.ar\/index.php\/wp-json\/wp\/v2\/posts\/2590\/revisions"}],"wp:featuredmedia":[{"embeddable":true,"href":"https:\/\/13.com.ar\/index.php\/wp-json\/wp\/v2\/media\/2591"}],"wp:attachment":[{"href":"https:\/\/13.com.ar\/index.php\/wp-json\/wp\/v2\/media?parent=2590"}],"wp:term":[{"taxonomy":"category","embeddable":true,"href":"https:\/\/13.com.ar\/index.php\/wp-json\/wp\/v2\/categories?post=2590"},{"taxonomy":"post_tag","embeddable":true,"href":"https:\/\/13.com.ar\/index.php\/wp-json\/wp\/v2\/tags?post=2590"}],"curies":[{"name":"wp","href":"https:\/\/api.w.org\/{rel}","templated":true}]}}