{"id":25866,"date":"2025-05-16T10:23:28","date_gmt":"2025-05-16T13:23:28","guid":{"rendered":"https:\/\/13.com.ar\/index.php\/cuando-asumen-los-nuevos-diputados-y-senadores-de-las-elecciones-2025\/"},"modified":"2025-05-16T10:23:28","modified_gmt":"2025-05-16T13:23:28","slug":"cuando-asumen-los-nuevos-diputados-y-senadores-de-las-elecciones-2025","status":"publish","type":"post","link":"https:\/\/13.com.ar\/index.php\/cuando-asumen-los-nuevos-diputados-y-senadores-de-las-elecciones-2025\/","title":{"rendered":"Cu\u00e1ndo asumen los nuevos diputados y senadores de las Elecciones 2025"},"content":{"rendered":"<p> <br \/>\n<br \/><img decoding=\"async\" src=\"https:\/\/13.com.ar\/wp-content\/uploads\/2025\/05\/Cuando-asumen-los-nuevos-diputados-y-senadores-de-las-Elecciones.jpg\" \/><\/p>\n<div id=\"element-body-0\">\n<p>El calendario para las<strong> elecciones 2025<\/strong> en Argentina avanza y una de las preguntas m\u00e1s frecuentes es <strong>cu\u00e1ndo asumir\u00e1n sus cargos los nuevos diputados y senadores<\/strong> elegidos en los comicios. Aunque la <strong>elecci\u00f3n de legisladores<\/strong> se realiza en mayo en la <strong>Ciudad de Buenos Aires <\/strong>y en otras provincias, el recambio legislativo a nivel nacional tiene un cronograma ya establecido en la <strong>Constituci\u00f3n.<\/strong><\/p>\n<\/div>\n<div id=\"element-body-1\">\n<p>A nivel nacional, los mandatos de los legisladores comienzan el 10 de diciembre del a\u00f1o de la elecci\u00f3n. Esto significa que los nuevos <strong>diputados y senadores<\/strong> que resulten electos en 2025 asumir\u00e1n oficialmente sus bancas el 10 de diciembre de este a\u00f1o. La fecha es la misma tanto para los cargos nacionales como para los cargos locales, como los diputados de la<strong> Legislatura de la Ciudad de Buenos Aires.<\/strong><\/p>\n<\/div>\n<div id=\"element-body-3\">\n<p>Los diputados y senadores que fueron electos en el ciclo legislativo anterior (2021 o 2019, seg\u00fan el caso) mantendr\u00e1n sus bancas hasta el 9 de diciembre de 2025. Ese d\u00eda ser\u00e1 el \u00faltimo en que ejercer\u00e1n formalmente su mandato, y a partir del d\u00eda siguiente, sus reemplazantes asumir\u00e1n sus funciones.<\/p>\n<\/div>\n<div id=\"element-body-5\">\n<p>En el caso de la <strong>Legislatura porte\u00f1a<\/strong>, tambi\u00e9n habr\u00e1 un recambio similar: los legisladores que terminan su mandato dejar\u00e1n sus bancas el 9 de diciembre, para dar lugar a los nuevos representantes electos en los comicios de mayo.<\/p>\n<\/div>\n<div id=\"element-body-6\">\n<p>Por otro lado, antes de asumir plenamente sus funciones, los nuevos diputados y senadores deben prestar juramento en una sesi\u00f3n especial convocada a tal efecto. Normalmente, estas sesiones se realizan a fines de noviembre o en los primeros d\u00edas de diciembre, antes de la fecha de asunci\u00f3n.<\/p>\n<\/div>\n<div id=\"element-body-7\">\n<p>Durante la ceremonia, los legisladores electos juran &#8220;por Dios, la Patria y los Santos Evangelios&#8221; \u2014o bien, si lo prefieren, de forma laica\u2014 cumplir fielmente con sus funciones y respetar la Constituci\u00f3n. Luego de este acto formal, quedan habilitados para comenzar a ejercer su cargo a partir del 10 de diciembre.<\/p>\n<\/div>\n<div id=\"element-body-9\">\n<p>El 18 de mayo, los porte\u00f1os elegir\u00e1n 30 legisladores que integrar\u00e1n la Legislatura de la Ciudad Aut\u00f3noma de Buenos Aires. Estos representantes ser\u00e1n responsables de proponer, debatir y sancionar leyes que impactan directamente en la vida cotidiana de los habitantes de la Ciudad.<\/p>\n<\/div>\n<div id=\"element-body-11\">\n<p>Entre las fuerzas pol\u00edticas que compiten en estos comicios se encuentran el <strong>PRO<\/strong>, que pone en juego 15 bancas; la alianza <strong>Es Ahora Buenos Aires<\/strong>, con 8; y <strong>La Libertad Avanza<\/strong>, con 6 .Algunos de los candidatos m\u00e1s destacados son <strong>Leandro Santoro, Manuel Adorni, Silvia Lospennato, Horacio Rodr\u00edguez Larreta y Ramiro Marra .<\/strong><\/p>\n<\/div>\n<div id=\"element-body-12\">\n<p>Los <strong>nuevos legisladores tendr\u00e1n un mandato de cuatro a\u00f1os<\/strong>, durante el cual se encargar\u00e1n de tratar los derechos, deberes y garant\u00edas establecidos en la Constituci\u00f3n local. Adem\u00e1s, tendr\u00e1n la facultad de sancionar leyes en \u00e1reas clave como educaci\u00f3n, salud, medio ambiente, obras p\u00fablicas, dise\u00f1o urbano y seguridad, entre otras.<\/p>\n<\/div>\n<div id=\"element-body-13\">\n<p>Est\u00e1n habilitados para votar los ciudadanos argentinos desde los 16 a\u00f1os y los extranjeros con residencia permanente en la Ciudad, siempre que cuenten con <strong>DNI con domicilio en CABA<\/strong> y figuren en el <strong>padr\u00f3n electoral<\/strong>.<\/p>\n<\/div>\n<p><br \/>\n<br \/><a href=\"https:\/\/www.clarin.com\/informacion-general\/asumen-nuevos-diputados-senadores-elecciones-2025_0_aDaI2ph9Td.html\">Fuente Clarin.com <\/a><\/p>\n","protected":false},"excerpt":{"rendered":"<p>El calendario para las elecciones 2025 en Argentina avanza y una de las preguntas m\u00e1s frecuentes es cu\u00e1ndo asumir\u00e1n sus cargos los nuevos diputados y senadores elegidos en los comicios. Aunque la elecci\u00f3n de legisladores se realiza en mayo en la Ciudad de Buenos Aires y en otras provincias, el recambio legislativo a nivel nacional [&hellip;]<\/p>\n","protected":false},"author":1,"featured_media":25867,"comment_status":"open","ping_status":"open","sticky":false,"template":"","format":"standard","meta":{"footnotes":""},"categories":[2],"tags":[18384,677,350,404,48,28,2318,3080],"class_list":["post-25866","post","type-post","status-publish","format-standard","has-post-thumbnail","hentry","category-ultimas-noticias","tag-asumen","tag-cuando","tag-diputados","tag-elecciones","tag-las","tag-los","tag-nuevos","tag-senadores"],"_links":{"self":[{"href":"https:\/\/13.com.ar\/index.php\/wp-json\/wp\/v2\/posts\/25866","targetHints":{"allow":["GET"]}}],"collection":[{"href":"https:\/\/13.com.ar\/index.php\/wp-json\/wp\/v2\/posts"}],"about":[{"href":"https:\/\/13.com.ar\/index.php\/wp-json\/wp\/v2\/types\/post"}],"author":[{"embeddable":true,"href":"https:\/\/13.com.ar\/index.php\/wp-json\/wp\/v2\/users\/1"}],"replies":[{"embeddable":true,"href":"https:\/\/13.com.ar\/index.php\/wp-json\/wp\/v2\/comments?post=25866"}],"version-history":[{"count":0,"href":"https:\/\/13.com.ar\/index.php\/wp-json\/wp\/v2\/posts\/25866\/revisions"}],"wp:featuredmedia":[{"embeddable":true,"href":"https:\/\/13.com.ar\/index.php\/wp-json\/wp\/v2\/media\/25867"}],"wp:attachment":[{"href":"https:\/\/13.com.ar\/index.php\/wp-json\/wp\/v2\/media?parent=25866"}],"wp:term":[{"taxonomy":"category","embeddable":true,"href":"https:\/\/13.com.ar\/index.php\/wp-json\/wp\/v2\/categories?post=25866"},{"taxonomy":"post_tag","embeddable":true,"href":"https:\/\/13.com.ar\/index.php\/wp-json\/wp\/v2\/tags?post=25866"}],"curies":[{"name":"wp","href":"https:\/\/api.w.org\/{rel}","templated":true}]}}