{"id":25858,"date":"2025-05-16T09:53:27","date_gmt":"2025-05-16T12:53:27","guid":{"rendered":"https:\/\/13.com.ar\/index.php\/fermin-muguruza-el-rockero-vasco-que-dejo-de-hacer-giras-por-11-anos\/"},"modified":"2025-05-16T09:53:27","modified_gmt":"2025-05-16T12:53:27","slug":"fermin-muguruza-el-rockero-vasco-que-dejo-de-hacer-giras-por-11-anos","status":"publish","type":"post","link":"https:\/\/13.com.ar\/index.php\/fermin-muguruza-el-rockero-vasco-que-dejo-de-hacer-giras-por-11-anos\/","title":{"rendered":"Ferm\u00edn Muguruza, el rockero vasco que dej\u00f3 de hacer giras por 11 a\u00f1os"},"content":{"rendered":"<p> <br \/>\n<\/p>\n<div id=\"cuerpo\">\n<div class=\"sc-45461e9c-0 eqiBeF container-text text-embed \" id=\"element-body-0\">\n<p><strong>Fermin Muguruza<\/strong> es una de las grandes figuras del rock latino de los a\u00f1os &#8217;90, gracias a su grupo <strong>Negu Gorriak<\/strong>, que a la par de los argentinos Los Fabulosos Cadillacs y Todos Tus Muertos, los franceses Mano Negra, y los mexicanos Maldita Vecindad dio forma a un boom musical que fue tan innovador como original, con <strong>una explosiva mezcla de rock, punk, ska, reggae, dub y rap<\/strong>.<\/p>\n<\/div>\n<div class=\"sc-45461e9c-0 eqiBeF container-text text-embed \" id=\"element-body-1\">\n<p>Sin dudas <strong>fue pol\u00edticamente el m\u00e1s activo de todos sus colegas<\/strong>, militando en organizaciones vascas y hasta postul\u00e1ndose como <strong>candidato independiente en las elecciones al Parlamento Europeo<\/strong> de 1999. Tambi\u00e9n reflej\u00f3 su pensamiento en los documentales que dirigi\u00f3, como <em>Checkpoint Rock<\/em>, dedicado a m\u00fasicos de <strong>Palestina<\/strong>, el filme de animaci\u00f3n <em>Black is Beltza<\/em>, y la serie <em>Next Music Station<\/em> para la cadena <strong>Al-Jazeera<\/strong> sobre m\u00fasicos del mundo \u00e1rabe y norteafricano.<\/p>\n<\/div>\n<div class=\"sc-45461e9c-0 eqiBeF container-text text-embed \" id=\"element-body-2\">\n<p>Todo esa actividad lo llev\u00f3 a alejarse en 2014 de las grandes giras mundiales, y <strong>reci\u00e9n ahora arm\u00f3 su primera tour internacional en 11 a\u00f1os<\/strong>, para celebrar sus cuatro d\u00e9cadas de trayectoria musical, que arranc\u00f3 junto a su hermano en una primera banda llamada <strong>Kortatu<\/strong>.<\/p>\n<\/div>\n<div class=\"sc-45461e9c-0 eqiBeF container-text text-embed \" id=\"element-body-3\">\n<p>Y si bien en ese lapso de supuesta inactividad estuvo varias veces en Argentina por proyectos extramusicales, reci\u00e9n este <strong>24 de mayo<\/strong> volver\u00e1 a un escenario porte\u00f1o para cantar sus temas. Ser\u00e1 en el C Art Media, con Las Manos de Filippi como artista invitado. Las entradas ya est\u00e1n a la venta en <em>Coolco<\/em>.<\/p>\n<\/div>\n<div class=\"sc-98b114a2-0 bkqiHH image-embed  image-embed \" id=\"element-body-4\"><picture class=\"sc-98b114a2-1 jRUlDm\"><source media=\"(min-width: 975px)\" width=\"720\" height=\"480\" \/><img alt=\"Ferm\u00edn Muguruza es cantante, instrumentista, productor musical y director de cine. Foto de prensa\" loading=\"lazy\" width=\"720\" height=\"480\" decoding=\"async\" data-nimg=\"1\" style=\"color:transparent\" src=\"https:\/\/13.com.ar\/wp-content\/uploads\/2025\/05\/Fermin-Muguruza-el-rockero-vasco-que-dejo-de-hacer-giras.jpg\"\/><span class=\"epigraphe\">Ferm\u00edn Muguruza es cantante, instrumentista, productor musical y director de cine. Foto de prensa<\/span><span class=\"picture-open\"><button class=\"open-image\" aria-label=\"Open Image\"\/><\/span><\/picture><\/div>\n<p><h2>Una larga relaci\u00f3n con Argentina<\/h2>\n<\/p>\n<div class=\"sc-45461e9c-0 eqiBeF container-text text-embed \" id=\"element-body-6\">\n<p>En una charla por zoom con <strong>Clar\u00edn<\/strong>, Ferm\u00edn record\u00f3 su primera visita al pa\u00eds: &#8220;Fue en 1994 -dijo-, cuando el grupo Todos Tus Muertos nos invit\u00f3 a Manu Chao y a m\u00ed para ayudarlos en la producci\u00f3n del disco <em>Dale aborigen<\/em>. Nos quedamos 15 d\u00edas y recuerdo que escrib\u00ed el tema <em>Alerta guerrillas<\/em> para ellos. Conoc\u00ed a toda la escena musical, como Malena y Alika de <strong>Actitud Mar\u00eda Marta<\/strong>, adem\u00e1s de reunirme con Sergio Rotman, a quien hab\u00eda visto en el &#8217;92 con los Cadillacs en M\u00e9xico. Unos meses despu\u00e9s toqu\u00e9 en Cemento&#8230;<strong> \u00a1As\u00ed que imaginate todas las fechor\u00edas que hicimos en Buenos Aires todos juntos!&#8221;.<\/strong><\/p>\n<\/div>\n<div class=\"sc-98b114a2-0 bkqiHH image-embed  image-embed \" id=\"element-body-7\"><picture class=\"sc-98b114a2-1 jRUlDm\"><source media=\"(min-width: 975px)\" width=\"720\" height=\"480\" \/><img alt=\"Ferm\u00edn Muguruza vino a la Argentina por primera vez en 1994, hace 31 a\u00f1os. Foto de prensa\" loading=\"lazy\" width=\"720\" height=\"480\" decoding=\"async\" data-nimg=\"1\" style=\"color:transparent\" src=\"https:\/\/13.com.ar\/wp-content\/uploads\/2025\/05\/1747400007_469_Fermin-Muguruza-el-rockero-vasco-que-dejo-de-hacer-giras.jpg\"\/><span class=\"epigraphe\">Ferm\u00edn Muguruza vino a la Argentina por primera vez en 1994, hace 31 a\u00f1os. Foto de prensa<\/span><span class=\"picture-open\"><button class=\"open-image\" aria-label=\"Open Image\"\/><\/span><\/picture><\/div>\n<div class=\"sc-45461e9c-0 eqiBeF container-text text-embed \" id=\"element-body-9\">\n<p>-Claro, s\u00ed. Sab\u00eda que mi m\u00fasica era conocida en la Argentina porque me hab\u00edan escrito, pero no lo supe de primera mano hasta que realmente llegu\u00e9 por primera vez. Es una relaci\u00f3n real, pues s\u00ed, de conexi\u00f3n con diversos proyectos durante 31 a\u00f1os, que es una vida pr\u00e1cticamente.<\/p>\n<\/div>\n<div class=\"sc-45461e9c-0 eqiBeF container-text text-embed \" id=\"element-body-10\">\n<p><strong>-Si bien dejaste de hacer giras internacionales, estuviste varias veces en el pa\u00eds durante la \u00faltima d\u00e9cada.<\/strong><\/p>\n<\/div>\n<div class=\"sc-45461e9c-0 eqiBeF container-text text-embed \" id=\"element-body-11\">\n<p>-S\u00ed. Dej\u00e9 de hacer giras, pero he continuado visitando muchos pa\u00edses. Y concretamente la Argentina es de los pa\u00edses que m\u00e1s he ido visitando. Primero vine con una gira teatral junto a Albert Pl\u00e1, y despu\u00e9s present\u00e9 <em>Black is Beltza<\/em> en el Espacio Moebius. Tambi\u00e9n fui a Rosario porque trabajaba con un equipo de all\u00e1 para algunos filmes.<\/p>\n<\/div>\n<div class=\"sc-98b114a2-0 bkqiHH image-embed  image-embed \" id=\"element-body-12\"><picture class=\"sc-98b114a2-1 jRUlDm\"><source media=\"(min-width: 975px)\" width=\"720\" height=\"480\" \/><img alt=\"Fermin Muguruza y Albert Pla en 2016, con la obra de teatro &quot;Guerra&quot;.\" loading=\"lazy\" width=\"720\" height=\"480\" decoding=\"async\" data-nimg=\"1\" style=\"color:transparent\" src=\"https:\/\/13.com.ar\/wp-content\/uploads\/2025\/05\/1747400007_719_Fermin-Muguruza-el-rockero-vasco-que-dejo-de-hacer-giras.jpg\"\/><span class=\"epigraphe\">Fermin Muguruza y Albert Pla en 2016, con la obra de teatro &#8220;Guerra&#8221;.<\/span><span class=\"picture-open\"><button class=\"open-image\" aria-label=\"Open Image\"\/><\/span><\/picture><\/div>\n<div class=\"sc-45461e9c-0 eqiBeF container-text text-embed \" id=\"element-body-13\">\n<p><strong>-Seguiste haciendo shows en Espa\u00f1a y en Francia, pero no alrededor del mundo. \u00bfPor qu\u00e9?<\/strong><\/p>\n<\/div>\n<div class=\"sc-45461e9c-0 eqiBeF container-text text-embed \" id=\"element-body-14\">\n<p>-Hay muchas cosas que no me gustan de las giras, pero realmente fue todo una especie de encadenamiento de hechos. Primero, porque comenc\u00e9 a hacer documentales, filmes de animaci\u00f3n y la serie sobre la m\u00fasica en Palestina, que tuvo mucha repercusi\u00f3n y hasta fui a presentarlo a la Argentina. Al final, ese trabajo fueron 11 documentales y me llev\u00f3 dos a\u00f1os enteros. Ah\u00ed arm\u00e9 la gira del 2013, que pens\u00e9 que iba a ser la \u00faltima porque cumpl\u00eda 50 a\u00f1os. Despu\u00e9s segu\u00ed trabajando en el teatro, todas maneras diferentes de expresi\u00f3n que te absorben el tiempo totalmente y pr\u00e1cticamente no te permite hacer otra cosa.<\/p>\n<\/div>\n<div class=\"sc-45461e9c-0 eqiBeF container-text text-embed \" id=\"element-body-15\">\n<p>Siempre segu\u00eda conectado y empapado de m\u00fasica, pero cuando en 2018 quise salir de gira, justo muri\u00f3 mi hermano y fue la devastaci\u00f3n total. Para peor, enseguida lleg\u00f3 la pandemia y el confinamiento, as\u00ed que -si te soy sincero- <strong>ya pensaba que no volver\u00eda al directo<\/strong>. Sin embargo hay algo m\u00e1gico dentro de las giras, como ese reencuentro, esa conexi\u00f3n, la fuerza de una banda, y por supuesto tambi\u00e9n poder revisitar a todos esos amigos que has ido haciendo durante toda una vida.<\/p>\n<\/div>\n<p><h2>Censurado en Espa\u00f1a<\/h2>\n<\/p>\n<div class=\"sc-45461e9c-0 eqiBeF container-text text-embed \" id=\"element-body-17\">\n<p>El a\u00f1o pasado, Ferm\u00edn Muguruza <strong>fue censurado por el gobierno espa\u00f1ol<\/strong>. Seg\u00fan cont\u00f3, &#8220;Sin estar tocando en directo, me segu\u00edan censurando, como ocurri\u00f3 cuando el Estado y una asociaci\u00f3n denunciaron un mural que me hab\u00edan hecho en Valencia como homenaje a todo mi trabajo art\u00edstico, Me llevaron a juicio junto a la directora y todo el consejo directiva porque dec\u00edan que estaban apoyando el terrorismo. La sentencia sali\u00f3 contraria y absolutoria, pero el mal ya estaba hecho. <\/p>\n<\/div>\n<div class=\"sc-98b114a2-0 bkqiHH image-embed  image-embed \" id=\"element-body-18\"><picture class=\"sc-98b114a2-1 jRUlDm\"><source media=\"(min-width: 975px)\" width=\"720\" height=\"480\" \/><img alt=\"El mural homenaje a Ferm\u00edn Muguruza que fue censurado en Espa\u00f1a en 2024.\" loading=\"lazy\" width=\"720\" height=\"480\" decoding=\"async\" data-nimg=\"1\" style=\"color:transparent\" src=\"https:\/\/13.com.ar\/wp-content\/uploads\/2025\/05\/1747400007_13_Fermin-Muguruza-el-rockero-vasco-que-dejo-de-hacer-giras.jpg\"\/><span class=\"epigraphe\">El mural homenaje a Ferm\u00edn Muguruza que fue censurado en Espa\u00f1a en 2024.<\/span><span class=\"picture-open\"><button class=\"open-image\" aria-label=\"Open Image\"\/><\/span><\/picture><\/div>\n<div class=\"sc-45461e9c-0 eqiBeF container-text text-embed \" id=\"element-body-19\">\n<p>Y agreg\u00f3: &#8220;<strong>El Estado espa\u00f1ol est\u00e1 realmente muy alzado y desenfrenado, con muy poca verg\u00fcenza<\/strong>. Por eso la actriz Itziar Itu\u00f1o, de La casa de papel, cant\u00f3 un tema m\u00edo en una gala de premios y dijo que estaba sufriendo un linchamiento medi\u00e1tico. \u00a1Y le dijeron que era una terrorista! Por eso quise responder con m\u00e1s cultura, con una gira musical y salir al frente.<\/p>\n<\/div>\n<div class=\"sc-45461e9c-0 eqiBeF container-text text-embed \" id=\"element-body-20\">\n<p><strong>-A tus 62 a\u00f1os, \u00bfqu\u00e9 te parece que rockeros como Jagger y McCartney sigan de gira?<\/strong><\/p>\n<\/div>\n<div class=\"sc-45461e9c-0 eqiBeF container-text text-embed \" id=\"element-body-21\">\n<p>-Por un lado, creo que est\u00e1 bien. Por otra parte, siempre apoyo a la generaci\u00f3n juvenil de cada momento. De hecho, a todas estas nuevas m\u00fasicas que algunos critican por el uso del <em>autotune<\/em>, yo las defiendo completamente. Los j\u00f3venes tienen el derecho, la necesidad y la obligaci\u00f3n de decir &#8220;Este es nuestro momento&#8221;. <\/p>\n<\/div>\n<div class=\"sc-98b114a2-0 bkqiHH image-embed  image-embed \" id=\"element-body-22\"><picture class=\"sc-98b114a2-1 jRUlDm\"><source media=\"(min-width: 975px)\" width=\"720\" height=\"480\" \/><img alt=\"Ferm\u00edn Muguruza cree que dejar\u00e1 de hacer giras pero no descarta seguir con otro tipo de formato, por ejemplo teatral. Foto de prensa\" loading=\"lazy\" width=\"720\" height=\"480\" decoding=\"async\" data-nimg=\"1\" style=\"color:transparent\" src=\"https:\/\/13.com.ar\/wp-content\/uploads\/2025\/05\/1747400007_37_Fermin-Muguruza-el-rockero-vasco-que-dejo-de-hacer-giras.jpg\"\/><span class=\"epigraphe\">Ferm\u00edn Muguruza cree que dejar\u00e1 de hacer giras pero no descarta seguir con otro tipo de formato, por ejemplo teatral. Foto de prensa<\/span><span class=\"picture-open\"><button class=\"open-image\" aria-label=\"Open Image\"\/><\/span><\/picture><\/div>\n<div class=\"sc-45461e9c-0 eqiBeF container-text text-embed \" id=\"element-body-23\">\n<p>Tambi\u00e9n te voy a decir que reivindico a esos viejos bluseros y viejos m\u00fasicos de Jamaica, que nos transmite su sabidur\u00eda a trav\u00e9s de la m\u00fasica. <strong>\u00a1Revi\u00e9ntenlo todo, chavales, pues la sabidur\u00eda viene despu\u00e9s! <\/strong>.No creo que me pueda parecer a Mick, que dice que no pod\u00eda dejar de girar y que necesita esa conexi\u00f3n con el p\u00fablico. Ya lo dije en el 2013, pero probablemente \u00e9sta sea mi \u00faltima gira en este formato.<\/p>\n<\/div>\n<\/div>\n<p><br \/>\n<br \/><a href=\"https:\/\/www.clarin.com\/espectaculos\/filmo-documentales-jazzera-candidato-diputado-fermin-muguruza-rockero-vasco-dejo-hacer-giras-11-anos_0_warZ1YNM6j.html\">Fuente Clarin.com <\/a><\/p>\n","protected":false},"excerpt":{"rendered":"<p>Fermin Muguruza es una de las grandes figuras del rock latino de los a\u00f1os &#8217;90, gracias a su grupo Negu Gorriak, que a la par de los argentinos Los Fabulosos Cadillacs y Todos Tus Muertos, los franceses Mano Negra, y los mexicanos Maldita Vecindad dio forma a un boom musical que fue tan innovador como [&hellip;]<\/p>\n","protected":false},"author":1,"featured_media":25859,"comment_status":"open","ping_status":"open","sticky":false,"template":"","format":"standard","meta":{"footnotes":""},"categories":[2],"tags":[636,647,17041,18380,127,18377,142,18378,18379],"class_list":["post-25858","post","type-post","status-publish","format-standard","has-post-thumbnail","hentry","category-ultimas-noticias","tag-anos","tag-dejo","tag-fermin","tag-giras","tag-hacer","tag-muguruza","tag-por","tag-rockero","tag-vasco"],"_links":{"self":[{"href":"https:\/\/13.com.ar\/index.php\/wp-json\/wp\/v2\/posts\/25858","targetHints":{"allow":["GET"]}}],"collection":[{"href":"https:\/\/13.com.ar\/index.php\/wp-json\/wp\/v2\/posts"}],"about":[{"href":"https:\/\/13.com.ar\/index.php\/wp-json\/wp\/v2\/types\/post"}],"author":[{"embeddable":true,"href":"https:\/\/13.com.ar\/index.php\/wp-json\/wp\/v2\/users\/1"}],"replies":[{"embeddable":true,"href":"https:\/\/13.com.ar\/index.php\/wp-json\/wp\/v2\/comments?post=25858"}],"version-history":[{"count":0,"href":"https:\/\/13.com.ar\/index.php\/wp-json\/wp\/v2\/posts\/25858\/revisions"}],"wp:featuredmedia":[{"embeddable":true,"href":"https:\/\/13.com.ar\/index.php\/wp-json\/wp\/v2\/media\/25859"}],"wp:attachment":[{"href":"https:\/\/13.com.ar\/index.php\/wp-json\/wp\/v2\/media?parent=25858"}],"wp:term":[{"taxonomy":"category","embeddable":true,"href":"https:\/\/13.com.ar\/index.php\/wp-json\/wp\/v2\/categories?post=25858"},{"taxonomy":"post_tag","embeddable":true,"href":"https:\/\/13.com.ar\/index.php\/wp-json\/wp\/v2\/tags?post=25858"}],"curies":[{"name":"wp","href":"https:\/\/api.w.org\/{rel}","templated":true}]}}