{"id":2584,"date":"2025-02-06T12:47:14","date_gmt":"2025-02-06T15:47:14","guid":{"rendered":"https:\/\/13.com.ar\/index.php\/jugo-33-minutos-erro-un-gol-y-se-despidio-de-la-copa-de-francia-como-local\/"},"modified":"2025-02-06T12:47:14","modified_gmt":"2025-02-06T15:47:14","slug":"jugo-33-minutos-erro-un-gol-y-se-despidio-de-la-copa-de-francia-como-local","status":"publish","type":"post","link":"https:\/\/13.com.ar\/index.php\/jugo-33-minutos-erro-un-gol-y-se-despidio-de-la-copa-de-francia-como-local\/","title":{"rendered":"jug\u00f3 33 minutos, err\u00f3 un gol y se despidi\u00f3 de la Copa de Francia como local"},"content":{"rendered":"<p> <br \/>\n<\/p>\n<div id=\"cuerpo\">\n<div class=\"sc-80531b6b-0 chRIGJ container-text text-embed\">\n<p>En busca de continuidad y minutos de juego, <strong>Valent\u00edn Barco<\/strong> volvi\u00f3 a cambiar de club y es jugador de <strong>Racing de Estrasburgo<\/strong>, del f\u00fatbol franc\u00e9s. Es que luego de su salida de <strong>Boca<\/strong>, donde ejecut\u00f3 la cl\u00e1usula de rescisi\u00f3n y se march\u00f3 al <strong>Brighton<\/strong>, jug\u00f3 un peque\u00f1o pu\u00f1ado de partidos hasta pasar a pr\u00e9stamo a <strong>Sevilla<\/strong>. En Espa\u00f1a tampoco tuvo rodaje y el club andaluz interrumpi\u00f3 su pr\u00e9stamo en diciembre.<\/p>\n<\/div>\n<div class=\"sc-80531b6b-0 chRIGJ container-text text-embed\">\n<p>El traspaso m\u00e1s reciente se dio en esta ventana de transferencias de enero, donde el conjunto de Francia acord\u00f3 con Brighton un pr\u00e9stamo por seis meses, con obligaci\u00f3n de compra por 10.000.000 de euros. \u00bfEl objetivo? Ser titular y poder asentarse definitivamente en el f\u00fatbol del Viejo Continente, como busca hacerlo desde hace poco m\u00e1s de un a\u00f1o.<\/p>\n<\/div>\n<div class=\"sc-80531b6b-0 chRIGJ container-text text-embed\">\n<p>Lo cierto es que este mi\u00e9rcoles <strong>el <em>Colo <\/em>Barco debut\u00f3 con la camiseta de Racing de Estrasburgo<\/strong>, en lo que fue un duelo directo por los octavos de final de la Copa de Francia. Sin embargo, el resultado no fue el esperado por el zurdo de 20 a\u00f1os y signific\u00f3 la eliminaci\u00f3n de su equipo de la competici\u00f3n. S\u00ed, en su estreno se qued\u00f3 afuera del certamen nacional.<\/p>\n<\/div>\n<div class=\"sc-80531b6b-0 chRIGJ container-text text-embed\">\n<p>El elenco con sede en el extremo este del pa\u00eds, ciudad que comparte frontera con Alemania, se midi\u00f3 en el Stade de la Meinau ante el Angers y perdi\u00f3 por 3 a 1. De esta manera, el flamante club al que reci\u00e9n arrib\u00f3 Valent\u00edn, que hab\u00eda perdido un solo partido de los \u00faltimos nueve, qued\u00f3 eliminado a manos de un rival que ascendi\u00f3 a Primera Divisi\u00f3n esta temporada y pelea por la permanencia.<\/p>\n<\/div>\n<div class=\"sc-198be8ec-0 cynXbu image-embed  image-embed \"><picture class=\"sc-198be8ec-1 kOjRiQ\"><source media=\"(min-width: 975px)\" width=\"720\" height=\"480\" \/><img alt=\"Valent\u00edn &quot;Colo&quot; Barco en su debut con Racing de Estrasburgo de Francia.\" loading=\"lazy\" width=\"720\" height=\"480\" decoding=\"async\" data-nimg=\"1\" style=\"color:transparent\" src=\"https:\/\/13.com.ar\/wp-content\/uploads\/2025\/02\/jugo-33-minutos-erro-un-gol-y-se-despidio-de.jpg\"\/><span class=\"epigraphe\">Valent\u00edn &#8220;Colo&#8221; Barco en su debut con Racing de Estrasburgo de Francia.<\/span><span class=\"bkg\"\/><span class=\"picture-open\"><button class=\"open-image\" aria-label=\"Open Image\"\/><\/span><\/picture><\/div>\n<div class=\"sc-80531b6b-0 chRIGJ container-text text-embed\">\n<p>Barco no fue parte del equipo inicial, sino que ingres\u00f3 en el complemento. Entr\u00f3 a los 12 minutos del segundo tiempo, con el partido 2-1, por lo que disput\u00f3 33 minutos. Si bien Racing tuvo algunas oportunidades para igualar el marcador, a los 76&#8242; fue Angers el que estir\u00f3 la ventaja y pr\u00e1cticamente sepult\u00f3 las chances de los de Estrasburgo.<\/p>\n<\/div>\n<div class=\"sc-80531b6b-0 chRIGJ container-text text-embed\">\n<p>Pese a intentar romper la defensa contraria con su caracterizada gambeta corta en espacios reducidos, con centros hacia sus compa\u00f1eros y remates de media distancia, los intentos del Colo fueron repelidos por la defensa rival y los disparos no tuvieron direcci\u00f3n de arco. En una de las chances m\u00e1s claras, que pudo ser el empate, el zurdo recibi\u00f3 un centro ubicado en buena posici\u00f3n pero su remate mordido termin\u00f3 rebotando en un defensor y se fue bien lejos. De esta manera, Barco tuvo un estreno amargado por la eliminaci\u00f3n.<\/p>\n<\/div>\n<p><h2>El poco rodaje de Barco en su carrera<\/h2>\n<\/p>\n<div class=\"sc-80531b6b-0 chRIGJ container-text text-embed\">\n<p>Valent\u00edn tiene cualidades t\u00e9cnicas de sobra y eso no es una novedad. Sin embargo, desde sus inicios como profesional en Boca y en sus equipos posteriores, nunca pudo tener una regularidad a lo largo del tiempo. Por cuestiones t\u00e1cticas, decisiones y\/o gustos de entrenadores y la parte f\u00edsica -una debilidad del Colo- no termina de asentarse en sus clubes.<\/p>\n<\/div>\n<div class=\"sc-80531b6b-0 chRIGJ container-text text-embed\">\n<p>El categor\u00eda 2004 debut\u00f3 en Boca en 2021 y reci\u00e9n volvi\u00f3 a jugar en 2023, donde a fin de a\u00f1o ejecut\u00f3 la cl\u00e1usula de rescisi\u00f3n. En esa estad\u00eda, el lateral izquierdo apenas disput\u00f3 35 partidos repartidos en tres temporadas completas. Opt\u00f3 por emigrar al f\u00fatbol de elite como lo es la Premier League de Inglaterra pero casi que no tuvo oportunidades.<\/p>\n<\/div>\n<div class=\"sc-198be8ec-0 cynXbu image-embed  image-embed \"><picture class=\"sc-198be8ec-1 kOjRiQ\"><source media=\"(min-width: 975px)\" width=\"720\" height=\"480\" \/><img alt=\"Valent\u00edn Barco luego de convertir un penal decisivo con Boca en la Copa Libertadores 2023.\" loading=\"lazy\" width=\"720\" height=\"480\" decoding=\"async\" data-nimg=\"1\" style=\"color:transparent\" src=\"https:\/\/13.com.ar\/wp-content\/uploads\/2025\/02\/1738856834_353_jugo-33-minutos-erro-un-gol-y-se-despidio-de.jpg\"\/><span class=\"epigraphe\">Valent\u00edn Barco luego de convertir un penal decisivo con Boca en la Copa Libertadores 2023.<\/span><span class=\"bkg\"\/><span class=\"picture-open\"><button class=\"open-image\" aria-label=\"Open Image\"\/><\/span><\/picture><\/div>\n<div class=\"sc-80531b6b-0 chRIGJ container-text text-embed\">\n<p>Es que en Brighton, que invirti\u00f3 10 millones de euros en su fichaje, solamente jug\u00f3 siete encuentros (318 minutos). Luego fue cedido para que sume rodaje y solamente dur\u00f3 seis meses en Sevilla, hasta que interrumpi\u00f3 el pr\u00e9stamo porque no era considerado por el director t\u00e9cnico. En el elenco espa\u00f1ol particip\u00f3 en nueve cotejos (466 minutos) y ahora pas\u00f3 a Racing de Estrasburgo. <\/p>\n<\/div>\n<\/div>\n<p><br \/>\n<br \/><a href=\"https:\/\/www.clarin.com\/deportes\/valentin-barco-debut-olvido-racing-estrasburgo-jugo-33-minutos-erro-gol-despidio-copa-francia-local_0_VhRPZM6haR.html\">Fuente Clarin.com <\/a><\/p>\n","protected":false},"excerpt":{"rendered":"<p>En busca de continuidad y minutos de juego, Valent\u00edn Barco volvi\u00f3 a cambiar de club y es jugador de Racing de Estrasburgo, del f\u00fatbol franc\u00e9s. Es que luego de su salida de Boca, donde ejecut\u00f3 la cl\u00e1usula de rescisi\u00f3n y se march\u00f3 al Brighton, jug\u00f3 un peque\u00f1o pu\u00f1ado de partidos hasta pasar a pr\u00e9stamo a [&hellip;]<\/p>\n","protected":false},"author":1,"featured_media":2585,"comment_status":"open","ping_status":"open","sticky":false,"template":"","format":"standard","meta":{"footnotes":""},"categories":[2],"tags":[66,2851,4562,4561,2281,479,1991,741,1080],"class_list":["post-2584","post","type-post","status-publish","format-standard","has-post-thumbnail","hentry","category-ultimas-noticias","tag-como","tag-copa","tag-despidio","tag-erro","tag-francia","tag-gol","tag-jugo","tag-local","tag-minutos"],"_links":{"self":[{"href":"https:\/\/13.com.ar\/index.php\/wp-json\/wp\/v2\/posts\/2584","targetHints":{"allow":["GET"]}}],"collection":[{"href":"https:\/\/13.com.ar\/index.php\/wp-json\/wp\/v2\/posts"}],"about":[{"href":"https:\/\/13.com.ar\/index.php\/wp-json\/wp\/v2\/types\/post"}],"author":[{"embeddable":true,"href":"https:\/\/13.com.ar\/index.php\/wp-json\/wp\/v2\/users\/1"}],"replies":[{"embeddable":true,"href":"https:\/\/13.com.ar\/index.php\/wp-json\/wp\/v2\/comments?post=2584"}],"version-history":[{"count":0,"href":"https:\/\/13.com.ar\/index.php\/wp-json\/wp\/v2\/posts\/2584\/revisions"}],"wp:featuredmedia":[{"embeddable":true,"href":"https:\/\/13.com.ar\/index.php\/wp-json\/wp\/v2\/media\/2585"}],"wp:attachment":[{"href":"https:\/\/13.com.ar\/index.php\/wp-json\/wp\/v2\/media?parent=2584"}],"wp:term":[{"taxonomy":"category","embeddable":true,"href":"https:\/\/13.com.ar\/index.php\/wp-json\/wp\/v2\/categories?post=2584"},{"taxonomy":"post_tag","embeddable":true,"href":"https:\/\/13.com.ar\/index.php\/wp-json\/wp\/v2\/tags?post=2584"}],"curies":[{"name":"wp","href":"https:\/\/api.w.org\/{rel}","templated":true}]}}