{"id":25739,"date":"2025-05-15T18:43:46","date_gmt":"2025-05-15T21:43:46","guid":{"rendered":"https:\/\/13.com.ar\/index.php\/la-democracia-entre-la-batalla-de-las-urnas-y-de-sentido\/"},"modified":"2025-05-15T18:43:46","modified_gmt":"2025-05-15T21:43:46","slug":"la-democracia-entre-la-batalla-de-las-urnas-y-de-sentido","status":"publish","type":"post","link":"https:\/\/13.com.ar\/index.php\/la-democracia-entre-la-batalla-de-las-urnas-y-de-sentido\/","title":{"rendered":"La democracia, entre la batalla de las urnas y de sentido"},"content":{"rendered":"<p> <br \/>\n<br \/><img decoding=\"async\" src=\"https:\/\/13.com.ar\/wp-content\/uploads\/2025\/05\/La-democracia-entre-la-batalla-de-las-urnas-y-de.jpg\" \/><\/p>\n<div id=\"element-body-0\">\n<p>En el acto de cierre de campa\u00f1a del candidato de la Libertad Avanza, Manuel Adorni, sobresal\u00edan los varones. Eran claramente mayor\u00eda, y el dato confirma que <strong>son la base de la militancia de los libertarios. <\/strong>Ya en las elecciones que llevaron a Javier Milei a la presidencia el 60% de sus votantes hab\u00edan sido hombres j\u00f3venes. Y todo indica que este domingo se repetir\u00e1 la tendencia y <strong>ellos ser\u00e1n los que m\u00e1s apoyen al candidato-vocero. <\/strong><\/p>\n<\/div>\n<div id=\"element-body-1\">\n<p>Al igual que en Argentina, en las elecciones de Alemania y Estados Unidos se vivi\u00f3 el mismo fen\u00f3meno: <strong>se impuso la ultra derecha, votada mayoritariamente por varones.<\/strong> Hay un giro masculino hacia la derecha, mientras que las mujeres mantienen posturas entre el centro y la izquierda.<strong> Las elecciones ya no se definen por t\u00e9rminos de \u201cclase\u201d sino por g\u00e9nero y generaci\u00f3n.<\/strong><\/p>\n<\/div>\n<div id=\"element-body-2\">\n<p>\u00bfPor qu\u00e9 la ultraderecha seduce a tantos hombres j\u00f3venes? &#8220;<strong>Hay mucha evidencia de que es un efecto backlash contra el avance del feminismo.<\/strong> Para la extrema derecha el feminismo culpa injustamente a los hombres, para el feminismo este backlash es lo normal cuando un grupo social pierde privilegios. Los hombres j\u00f3venes han descendido en casi todos los indicadores comparados con otras generaciones, especialmente los de clase trabajadora. Y la causa no es el avance de las mujeres&#8221;, asegura el analista pol\u00edtico espa\u00f1ol Javier Carbonell, autor de <strong>&#8220;De proveedor a precario: c\u00f3mo el declive econ\u00f3mico de los hombres j\u00f3venes alimenta el antifeminismo&#8221;<\/strong>. <\/p>\n<\/div>\n<div id=\"element-body-3\">\n<p>Ir en contra de las mujeres es la excusa en esta batalla cultural, que comienza en las urnas y sigue con el sentido. El odio al feminismo se alimenta con una narrativa que les dice a los varones:<strong> &#8220;ellas te cancelaron, te dijeron que eras un violento y un violador, nosotros te decimos que sos un le\u00f3n&#8221;<\/strong>.   <\/p>\n<\/div>\n<div id=\"element-body-4\">\n<p>El relato de las nuevas ultraderechas se basa en mentiras y datos maniqueos que circulan r\u00e1pida y masivamente a trav\u00e9s de las redes sociales. La estrategia se completa con <strong>los ataques furibundos a la prensa, impedida de informar. <\/strong><\/p>\n<\/div>\n<div id=\"element-body-5\">\n<p>&#8220;Un pueblo libre debe tener una prensa libre -dijo este martes el presidente y editor de The New York Times, A.G. Sulzberger-. <strong>Hoy vemos la democracia bajo amenaza en todo el mundo<\/strong>&#8220;. <\/p>\n<\/div>\n<div id=\"element-body-6\">\n<p>A\u00fan no se toma dimensi\u00f3n del tema. Esta semana, por ejemplo, hubo elecciones en Salta, Jujuy, Chaco y San Luis, y la participaci\u00f3n de la gente fue muy baja. <strong>El descontento y el desencanto son el alimento de la ultraderecha,<\/strong> que va por un nuevo modelo de poder, que no es la democracia. <\/p>\n<\/div>\n<p><br \/>\n<br \/><a href=\"https:\/\/www.clarin.com\/opinion\/democracia-batalla-urnas-sentido_0_JjJvJahcm8.html\">Fuente Clarin.com <\/a><\/p>\n","protected":false},"excerpt":{"rendered":"<p>En el acto de cierre de campa\u00f1a del candidato de la Libertad Avanza, Manuel Adorni, sobresal\u00edan los varones. Eran claramente mayor\u00eda, y el dato confirma que son la base de la militancia de los libertarios. Ya en las elecciones que llevaron a Javier Milei a la presidencia el 60% de sus votantes hab\u00edan sido hombres [&hellip;]<\/p>\n","protected":false},"author":1,"featured_media":25740,"comment_status":"open","ping_status":"open","sticky":false,"template":"","format":"standard","meta":{"footnotes":""},"categories":[2],"tags":[2138,5408,351,48,10105,5380],"class_list":["post-25739","post","type-post","status-publish","format-standard","has-post-thumbnail","hentry","category-ultimas-noticias","tag-batalla","tag-democracia","tag-entre","tag-las","tag-sentido","tag-urnas"],"_links":{"self":[{"href":"https:\/\/13.com.ar\/index.php\/wp-json\/wp\/v2\/posts\/25739","targetHints":{"allow":["GET"]}}],"collection":[{"href":"https:\/\/13.com.ar\/index.php\/wp-json\/wp\/v2\/posts"}],"about":[{"href":"https:\/\/13.com.ar\/index.php\/wp-json\/wp\/v2\/types\/post"}],"author":[{"embeddable":true,"href":"https:\/\/13.com.ar\/index.php\/wp-json\/wp\/v2\/users\/1"}],"replies":[{"embeddable":true,"href":"https:\/\/13.com.ar\/index.php\/wp-json\/wp\/v2\/comments?post=25739"}],"version-history":[{"count":0,"href":"https:\/\/13.com.ar\/index.php\/wp-json\/wp\/v2\/posts\/25739\/revisions"}],"wp:featuredmedia":[{"embeddable":true,"href":"https:\/\/13.com.ar\/index.php\/wp-json\/wp\/v2\/media\/25740"}],"wp:attachment":[{"href":"https:\/\/13.com.ar\/index.php\/wp-json\/wp\/v2\/media?parent=25739"}],"wp:term":[{"taxonomy":"category","embeddable":true,"href":"https:\/\/13.com.ar\/index.php\/wp-json\/wp\/v2\/categories?post=25739"},{"taxonomy":"post_tag","embeddable":true,"href":"https:\/\/13.com.ar\/index.php\/wp-json\/wp\/v2\/tags?post=25739"}],"curies":[{"name":"wp","href":"https:\/\/api.w.org\/{rel}","templated":true}]}}