{"id":25730,"date":"2025-05-15T18:16:34","date_gmt":"2025-05-15T21:16:34","guid":{"rendered":"https:\/\/13.com.ar\/index.php\/manana-probablemente-volvemos-a-washington\/"},"modified":"2025-05-15T18:16:34","modified_gmt":"2025-05-15T21:16:34","slug":"manana-probablemente-volvemos-a-washington","status":"publish","type":"post","link":"https:\/\/13.com.ar\/index.php\/manana-probablemente-volvemos-a-washington\/","title":{"rendered":"Ma\u00f1ana probablemente volvemos a Washington"},"content":{"rendered":"<p> <br \/>\n<br \/><img decoding=\"async\" src=\"https:\/\/13.com.ar\/wp-content\/uploads\/2025\/05\/Manana-probablemente-volvemos-a-Washington.jpg\" \/><\/p>\n<div id=\"element-body-0\">\n<p>El presidente estadounidense, Donald Trump, confes\u00f3 este jueves que, pese a sus intentos de reunirse con el presidente ruso, Vlad\u00edmir Putin, en Turqu\u00eda para desbloquear las conversaciones de paz entre Rusia y Ucrania, <strong>lo m\u00e1s probable es que ese encuentro no se d\u00e9 aprovechando su viaje a Oriente Medio.<\/strong><\/p>\n<\/div>\n<div id=\"element-body-1\">\n<p>&#8220;Nos vamos ma\u00f1ana como ya saben, casi a destino desconocido<strong>. Podr\u00eda ser aqu\u00ed o all\u00e1, pero probablemente regresaremos a Washington DC&#8221;<\/strong>, dijo Trump tras firmar el libro de autoridades en el palacio Qasr Al Watan junto con el presidente de Emiratos \u00c1rabes Unidos (EAU), Mohamed bin Zayed Al Nahyan.<\/p>\n<\/div>\n<div id=\"element-body-2\">\n<p>Esa declaraci\u00f3n tras la recepci\u00f3n de honor en Abu Dabi con la que cierra su gira por Oriente Medio fue una muestra de su resignaci\u00f3n sobre el posible encuentro con Putin, que Trump ha intentado promover aprovechando su viaje y que le hubiese llevado, seguramente, este mismo viernes a Estambul, donde pretend\u00eda mediar entre el ruso y el presidente ucraniano, Volod\u00edmir Zelenski.<\/p>\n<\/div>\n<div id=\"element-body-3\">\n<p>Justo antes de tocar tierra procedente de Qatar, Trump asegur\u00f3 que no habr\u00e1 avances en las conversaciones entre Rusia y Ucrania <strong>para encontrar una soluci\u00f3n a la guerra hasta que \u00e9l y Putin se encuentren en persona.<\/strong><\/p>\n<\/div>\n<div id=\"element-body-5\">\n<p><strong>&#8220;Mira, no va a pasar nada hasta que Putin y yo nos reunamos<\/strong>, \u00bfde acuerdo?&#8221;, asegur\u00f3 mostrando su frustraci\u00f3n al ser preguntado en el Air Force One sobre si sent\u00eda decepcionado por el nivel de la delegaci\u00f3n rusa a Turqu\u00eda.<\/p>\n<\/div>\n<div id=\"element-body-6\">\n<p>Durante su gira, que comenz\u00f3 en Arabia Saud\u00ed el martes, Trump lleg\u00f3 a decir que &#8220;podr\u00eda&#8221; reunirse con Putin al cierre de su primera salida al extranjero como presidente y que estaban negociando para que las reuniones en Turqu\u00eda fueran a nivel de jefes de Estado.<\/p>\n<\/div>\n<div id=\"element-body-7\">\n<p>El mandatario estadounidense asegur\u00f3 hoy que Putin &#8220;obviamente&#8221; iba a acudir a la cita si el propio Trump se personaba: <strong>&#8220;\u00c9l no iba a ir si yo no iba&#8221;,<\/strong> sentenci\u00f3.<\/p>\n<\/div>\n<div id=\"element-body-8\">\n<p>El secretario de Estado de Estados Unidos, Marco Rubio, que se encuentra en Turqu\u00eda para una cumbre ministerial de la OTAN, se pronunci\u00f3 en la misma t\u00f3nica que el mandatario estadounidense e indic\u00f3 que <strong>es &#8220;abundantemente claro&#8221; <\/strong>que el atascamiento de las conversaciones entre Kiev y Mosc\u00fa solo se pueden resolver con un cara a cara entre Trump y Putin.<\/p>\n<\/div>\n<div id=\"element-body-9\">\n<p>&#8220;La \u00fanica forma de desbloquear esta situaci\u00f3n ser\u00eda con <strong>una conversaci\u00f3n entre el presidente Trump y el presidente Putin.<\/strong> Se requerir\u00eda una participaci\u00f3n de ese nivel&#8221;, explic\u00f3 Rubio.<\/p>\n<\/div>\n<div id=\"element-body-10\">\n<p>La Casa Blanca ha mantenido una apretada agenda en los \u00faltimos dos d\u00edas de esta gira con una reuni\u00f3n con empresarios hoy mismo en Doha, un encuentro con soldados en la base a\u00e9rea de Al Udeid -a las afueras de Doha-, la mayor de Estados Unidos en la regi\u00f3n; y la tercera visita a EAU, con una visita a la gran mezquita de Abu Dabi, as\u00ed como anuncios de inversiones y una numerosa y ceremoniosa cena con honores de Estado.<\/p>\n<\/div>\n<div id=\"element-body-11\">\n<p>La agenda hab\u00eda quedado libre para este domingo, pero la diplomacia que parece haberle dado r\u00e9ditos a Trump este viaje parece haberse quedado corta con Putin.<\/p>\n<\/div>\n<p><br \/>\n<br \/><a href=\"https:\/\/www.clarin.com\/mundo\/diplomacia-donald-trump-ucrania-tropieza-vladimir-putin-manana-probablemente-volvemos-washington_0_Baa4l5juhD.html\">Fuente Clarin.com <\/a><\/p>\n","protected":false},"excerpt":{"rendered":"<p>El presidente estadounidense, Donald Trump, confes\u00f3 este jueves que, pese a sus intentos de reunirse con el presidente ruso, Vlad\u00edmir Putin, en Turqu\u00eda para desbloquear las conversaciones de paz entre Rusia y Ucrania, lo m\u00e1s probable es que ese encuentro no se d\u00e9 aprovechando su viaje a Oriente Medio. &#8220;Nos vamos ma\u00f1ana como ya saben, [&hellip;]<\/p>\n","protected":false},"author":1,"featured_media":25731,"comment_status":"open","ping_status":"open","sticky":false,"template":"","format":"standard","meta":{"footnotes":""},"categories":[2],"tags":[804,14957,18330,1424],"class_list":["post-25730","post","type-post","status-publish","format-standard","has-post-thumbnail","hentry","category-ultimas-noticias","tag-manana","tag-probablemente","tag-volvemos","tag-washington"],"_links":{"self":[{"href":"https:\/\/13.com.ar\/index.php\/wp-json\/wp\/v2\/posts\/25730","targetHints":{"allow":["GET"]}}],"collection":[{"href":"https:\/\/13.com.ar\/index.php\/wp-json\/wp\/v2\/posts"}],"about":[{"href":"https:\/\/13.com.ar\/index.php\/wp-json\/wp\/v2\/types\/post"}],"author":[{"embeddable":true,"href":"https:\/\/13.com.ar\/index.php\/wp-json\/wp\/v2\/users\/1"}],"replies":[{"embeddable":true,"href":"https:\/\/13.com.ar\/index.php\/wp-json\/wp\/v2\/comments?post=25730"}],"version-history":[{"count":0,"href":"https:\/\/13.com.ar\/index.php\/wp-json\/wp\/v2\/posts\/25730\/revisions"}],"wp:featuredmedia":[{"embeddable":true,"href":"https:\/\/13.com.ar\/index.php\/wp-json\/wp\/v2\/media\/25731"}],"wp:attachment":[{"href":"https:\/\/13.com.ar\/index.php\/wp-json\/wp\/v2\/media?parent=25730"}],"wp:term":[{"taxonomy":"category","embeddable":true,"href":"https:\/\/13.com.ar\/index.php\/wp-json\/wp\/v2\/categories?post=25730"},{"taxonomy":"post_tag","embeddable":true,"href":"https:\/\/13.com.ar\/index.php\/wp-json\/wp\/v2\/tags?post=25730"}],"curies":[{"name":"wp","href":"https:\/\/api.w.org\/{rel}","templated":true}]}}